{"id":529316,"date":"2024-05-09T01:23:15","date_gmt":"2024-05-09T05:23:15","guid":{"rendered":"https:\/\/diariodominicano.com\/?p=529316"},"modified":"2024-05-09T01:23:18","modified_gmt":"2024-05-09T05:23:18","slug":"condenan-a-cinco-anos-de-prision-a-mujer-por-trafico-y-trata-de-personas-en-dajabon","status":"publish","type":"post","link":"https:\/\/diariodominicano.com\/?p=529316","title":{"rendered":"Condenan a cinco a\u00f1os de prisi\u00f3n a mujer por tr\u00e1fico y trata de personas en Dajab\u00f3n\u00a0"},"content":{"rendered":"\n<p><strong>SANTO DOMINGO (Rep\u00fablica Dominicana).-<\/strong>&nbsp;El Tribunal Colegiado del distrito judicial de Dajab\u00f3n conden\u00f3 a cinco a\u00f1os de prisi\u00f3n a una mujer quien fue atrapada en flagrante delito, mientras transportaba a 17 personas de nacionalidad haitiana sin ning\u00fan tipo de documentos, en un hecho ocurrido en marzo del a\u00f1o 2023.<\/p>\n\n\n\n<p>El tribunal, que integran las juezas Katia Esther Nebot Rodr\u00edguez, Dayanara Ysora Peralta y Risel Pe\u00f1a Morel, dict\u00f3 la sentencia en contra de Martha Yamili Joaqu\u00edn D\u00edaz, a quien tambi\u00e9n ordenaron el pago de una multa de ciento cincuenta salarios m\u00ednimos y de las costas penales del proceso.&nbsp;<\/p>\n\n\n\n<p>El Ministerio P\u00fablico, encabezado por la fiscal titular de esta jurisdicci\u00f3n, Yeisin Alc\u00e1ntara, junto a las tambi\u00e9n fiscales Luz Mercedes Pe\u00f1a Pe\u00f1a y Yisel de Le\u00f3n, demostr\u00f3 ante el tribunal, que las acciones cometidas por Joaqu\u00edn D\u00edaz constituyen una violaci\u00f3n a las disposiciones de los art\u00edculos 1, literal f, y 2, de la Ley 137-03, sobre Tr\u00e1fico Il\u00edcito de Migrantes y Trata de Personas, en perjuicio del Estado dominicano.<\/p>\n\n\n\n<p>La procesada fue arrestada en flagrante delito el 29 del mes de marzo del a\u00f1o 2023, en la comunidad del Plan, del distrito municipal de Santiago de la Cruz, en el municipio de Loma de Cabrera, mientras trasladaba a 17 indocumentados haitianos, entre ellos cuatro menores de edad, a bordo de la jeepeta marca Kia modelo Sorento LX 4WD, color rojo, placa No.G530920.<strong><\/strong><\/p>\n\n\n\n<p><strong>Direcci\u00f3n General de Comunicaci\u00f3n, Prensa, y RRPP<\/strong><strong><\/strong><\/p>\n\n\n\n<p>Ministerio P\u00fablico.&nbsp;R.D.<\/p>\n\n\n\n<p>Mi\u00e9rcoles, 8 de mayo de 2024<\/p>\n","protected":false},"excerpt":{"rendered":"<p>SANTO DOMINGO (Rep\u00fablica Dominicana).-&nbsp;El Tribunal Colegiado del distrito judicial de Dajab\u00f3n conden\u00f3 a cinco a\u00f1os de prisi\u00f3n a una mujer quien fue atrapada en flagrante delito, mientras transportaba a 17 personas de nacionalidad haitiana sin ning\u00fan tipo de documentos, en un hecho ocurrido en marzo del a\u00f1o 2023. El tribunal, que integran las juezas Katia [&hellip;]<\/p>\n","protected":false},"author":28,"featured_media":0,"comment_status":"closed","ping_status":"closed","sticky":false,"template":"","format":"standard","meta":{"footnotes":""},"categories":[24,29],"tags":[],"class_list":["post-529316","post","type-post","status-publish","format-standard","hentry","category-justicia-y-derecho","category-policiasucesos"],"_links":{"self":[{"href":"https:\/\/diariodominicano.com\/index.php?rest_route=\/wp\/v2\/posts\/529316","targetHints":{"allow":["GET"]}}],"collection":[{"href":"https:\/\/diariodominicano.com\/index.php?rest_route=\/wp\/v2\/posts"}],"about":[{"href":"https:\/\/diariodominicano.com\/index.php?rest_route=\/wp\/v2\/types\/post"}],"author":[{"embeddable":true,"href":"https:\/\/diariodominicano.com\/index.php?rest_route=\/wp\/v2\/users\/28"}],"replies":[{"embeddable":true,"href":"https:\/\/diariodominicano.com\/index.php?rest_route=%2Fwp%2Fv2%2Fcomments&post=529316"}],"version-history":[{"count":1,"href":"https:\/\/diariodominicano.com\/index.php?rest_route=\/wp\/v2\/posts\/529316\/revisions"}],"predecessor-version":[{"id":529317,"href":"https:\/\/diariodominicano.com\/index.php?rest_route=\/wp\/v2\/posts\/529316\/revisions\/529317"}],"wp:attachment":[{"href":"https:\/\/diariodominicano.com\/index.php?rest_route=%2Fwp%2Fv2%2Fmedia&parent=529316"}],"wp:term":[{"taxonomy":"category","embeddable":true,"href":"https:\/\/diariodominicano.com\/index.php?rest_route=%2Fwp%2Fv2%2Fcategories&post=529316"},{"taxonomy":"post_tag","embeddable":true,"href":"https:\/\/diariodominicano.com\/index.php?rest_route=%2Fwp%2Fv2%2Ftags&post=529316"}],"curies":[{"name":"wp","href":"https:\/\/api.w.org\/{rel}","templated":true}]}}