{"id":52918,"date":"2020-06-12T16:10:44","date_gmt":"2020-06-12T16:10:44","guid":{"rendered":"http:\/\/diariodominicano.ddns.net\/?p=52918"},"modified":"2020-06-12T16:10:44","modified_gmt":"2020-06-12T16:10:44","slug":"minerd-trabaja-para-corregir-dificultades-de-agua-potable-en-446-escuelas-del-pais","status":"publish","type":"post","link":"https:\/\/diariodominicano.com\/?p=52918","title":{"rendered":"MINERD trabaja para corregir dificultades de agua potable en 446 escuelas del pa\u00eds"},"content":{"rendered":"<p><body><\/p>\n<p><img decoding=\"async\" src=\"img3\/Henry Santos12-6.jpg\" \/>  <\/p>\n<p><span class=\"text1noticias\">diariodominicano.com<\/span><\/p>\n<p><span class=\"text1noticias\"> <\/span><\/p>\n<p><span class=\"text1noticias\">Santo Domingo, R. D., 12 de junio, 2020.-  El Ministerio de Educaci\u00f3n (MINERD) inform\u00f3 que un levantamiento realizado a nivel nacional detect\u00f3 que s\u00f3lo el 6.36 por ciento de los centros educativos del sector p\u00fablico dominicano, presenta dificultades con el suministro de agua potable, por lo que han sido se\u00f1alados como una prioridad en el proceso de remozamiento y adecuaci\u00f3n. <\/span><\/p>\n<p><span class=\"text1noticias\"> <\/span><\/p>\n<p><span class=\"text1noticias\">La informaci\u00f3n fue ofrecida por Henry Santos, director del Gabinete Ministerial y coordinador de la comisi\u00f3n que prepara el protocolo para la reapertura del pr\u00f3ximo a\u00f1o escolar 2020-2021. <\/span><\/p>\n<p><span class=\"text1noticias\"> <\/span><\/p>\n<p><span class=\"text1noticias\">Santos revel\u00f3 que en los pr\u00f3ximos d\u00edas estos planteles, ubicados en diferentes regionales del pa\u00eds, como cada a\u00f1o, ser\u00e1n intervenidos para corregir esa situaci\u00f3n, de modo que dispongan del agua necesaria para el a\u00f1o escolar 2020-2021. Adem\u00e1s, dar cumplimiento al protocolo que ser\u00e1 establecido para el inicio de la docencia en medio de la pandemia por coronavirus que afecta al mundo. <\/span><\/p>\n<p><span class=\"text1noticias\"> <\/span><\/p>\n<p><span class=\"text1noticias\">Santos explic\u00f3 que es prioridad del ministro Antonio Pe\u00f1a Mirabal garantizar la existencia de agua permanente en cada centro escolar, de modo que, los estudiantes, docentes y el personal administrativo, puedan mantener los niveles de higiene necesarios que exigen los protocolos sanitarios, como el aseo de manos, limpieza de ba\u00f1os y de todas las \u00e1reas del plantel. <\/span><\/p>\n<p><span class=\"text1noticias\"> <\/span><\/p>\n<p><span class=\"text1noticias\">Dijo que los centros a intervenir est\u00e1n ubicados en Barahona; San Juan de la Maguana; Azua y San Crist\u00f3bal, cada uno con nueve escuelas. <\/span><\/p>\n<p><span class=\"text1noticias\"> <\/span><\/p>\n<p><span class=\"text1noticias\">Tambi\u00e9n en San Pedro de Macor\u00eds, con 15 centros; La Vega, con 19; San Francisco de Macor\u00eds, con 27; Santiago, con 7; Valverde Mao, con 4; y Santo Domingo II, con 39. <\/span><\/p>\n<p><span class=\"text1noticias\"> <\/span><\/p>\n<p><span class=\"text1noticias\">Asimismo, ser\u00e1 resuelto el problema del agua en 21 centros educativos de Puerto Plata; 54 en Hig\u00fcey, en Montecristi 17, en Nagua 37, Santo Domingo I, con 35; Cotu\u00ed con 50;  Monte Plata con 61 y en Bahoruco reparar\u00e1n 24 centros, para un total de 446 escuelas a nivel nacional.<\/span><\/p>\n<p><span class=\"text1noticias\"> <\/span><\/p>\n<p><span class=\"text1noticias\">\u00abEstamos trabajando con la mayor celeridad para resolver las dificultades de agua potable en los centros educativos del pa\u00eds, en cumplimiento con la disposici\u00f3n del se\u00f1or ministro, para quien el bienestar de los estudiantes es prioridad\u00bb, expres\u00f3 Santos.<\/span><\/p>\n<p><span class=\"text1noticias\"> <\/span><\/p>\n<p><span class=\"text1noticias\">Fuente: Direcci\u00f3n de Comunicaci\u00f3n y Relaciones P\u00fablicas MINERD <\/span><\/p>\n<p>12 de junio del 2020<\/p>\n<h6> 2020-06-12 16:10:44 <\/h6>\n<p><!--\n<link rel=\"stylesheet\" href=\"css\/bootstrap.min.css\">\n\n\n<ul class=\"pagination\">\n\t    \n\t\n\n<li >\n\t<a href='?page_no=520'>Previous<\/a>\n\t<\/li>\n\n\n       \n    \n\n<li><a href='?page_no=1'>1<\/a><\/li>\n\n\n\n<li><a href='?page_no=2'>2<\/a><\/li>\n\n\n\n<li><a>...<\/a><\/li>\n\n\n\n<li><a href='?page_no=519'>519<\/a><\/li>\n\n\n\n<li><a href='?page_no=520'>520<\/a><\/li>\n\n\n\n<li class='active'><a>521<\/a><\/li>\n\n\n\n<li><a href='?page_no=522'>522<\/a><\/li>\n\n\n\n<li><a href='?page_no=523'>523<\/a><\/li>\n\n\n\n<li><a>...<\/a><\/li>\n\n\n\n<li><a href='?page_no=22911'>22911<\/a><\/li>\n\n\n\n<li><a href='?page_no=22912'>22912<\/a><\/li>\n\n    \n\t\n\n<li >\n\t<a href='?page_no=522'>Next<\/a>\n\t<\/li>\n\n\n    \n\n<li><a href='?page_no=22912'>Last &rsaquo;&rsaquo;<\/a><\/li>\n\n<\/ul>\n\n\n--><br \/>\n<\/body><\/p>\n","protected":false},"excerpt":{"rendered":"<p>diariodominicano.com Santo Domingo, R. D., 12 de junio, 2020.- El Ministerio de Educaci\u00f3n (MINERD) inform\u00f3 que un levantamiento realizado a nivel nacional detect\u00f3 que s\u00f3lo el 6.36 por ciento de los centros educativos del sector p\u00fablico dominicano, presenta dificultades con el suministro de agua potable, por lo que han sido se\u00f1alados como una prioridad en [&hellip;]<\/p>\n","protected":false},"author":3,"featured_media":0,"comment_status":"open","ping_status":"open","sticky":false,"template":"","format":"standard","meta":{"footnotes":""},"categories":[21],"tags":[],"class_list":["post-52918","post","type-post","status-publish","format-standard","hentry","category-cultura"],"_links":{"self":[{"href":"https:\/\/diariodominicano.com\/index.php?rest_route=\/wp\/v2\/posts\/52918","targetHints":{"allow":["GET"]}}],"collection":[{"href":"https:\/\/diariodominicano.com\/index.php?rest_route=\/wp\/v2\/posts"}],"about":[{"href":"https:\/\/diariodominicano.com\/index.php?rest_route=\/wp\/v2\/types\/post"}],"author":[{"embeddable":true,"href":"https:\/\/diariodominicano.com\/index.php?rest_route=\/wp\/v2\/users\/3"}],"replies":[{"embeddable":true,"href":"https:\/\/diariodominicano.com\/index.php?rest_route=%2Fwp%2Fv2%2Fcomments&post=52918"}],"version-history":[{"count":0,"href":"https:\/\/diariodominicano.com\/index.php?rest_route=\/wp\/v2\/posts\/52918\/revisions"}],"wp:attachment":[{"href":"https:\/\/diariodominicano.com\/index.php?rest_route=%2Fwp%2Fv2%2Fmedia&parent=52918"}],"wp:term":[{"taxonomy":"category","embeddable":true,"href":"https:\/\/diariodominicano.com\/index.php?rest_route=%2Fwp%2Fv2%2Fcategories&post=52918"},{"taxonomy":"post_tag","embeddable":true,"href":"https:\/\/diariodominicano.com\/index.php?rest_route=%2Fwp%2Fv2%2Ftags&post=52918"}],"curies":[{"name":"wp","href":"https:\/\/api.w.org\/{rel}","templated":true}]}}