{"id":529132,"date":"2024-05-08T00:05:50","date_gmt":"2024-05-08T04:05:50","guid":{"rendered":"https:\/\/diariodominicano.com\/?p=529132"},"modified":"2024-05-08T23:20:45","modified_gmt":"2024-05-09T03:20:45","slug":"juez-se-declarara-incompetente-para-conocer-recurso-de-amparo-interpuesto-por-empresario-canadiense","status":"publish","type":"post","link":"https:\/\/diariodominicano.com\/?p=529132","title":{"rendered":"Juez se declara incompetente para conocer recurso de amparo interpuesto por el empresario canadiense Antonio Carbone"},"content":{"rendered":"\n<p>Declina instancia a la Suprema Corte de Justicia<\/p>\n\n\n\n<p>Diariodominicano.com<\/p>\n\n\n\n<p>Santo Domingo, Rep\u00fablica Dominicana. El juez de la C\u00e1mara Penal del Juzgado de Primera Instancia del Distrito Nacional, Franny Gonz\u00e1lez Castillo, se declar\u00f3 incompetente para conocer la acci\u00f3n de amparo interpuesta por el empresario canadiense Antonio Carbone contra la Procuradur\u00eda General de la Rep\u00fablica (PGR).<\/p>\n\n\n\n<figure class=\"wp-block-image size-full\"><img loading=\"lazy\" decoding=\"async\" width=\"718\" height=\"410\" src=\"https:\/\/diariodominicano.com\/wp-content\/uploads\/2024\/05\/WhatsApp-Image-2024-05-07-at-6.28.56-PM.jpeg\" alt=\"\" class=\"wp-image-529197\" srcset=\"https:\/\/diariodominicano.com\/wp-content\/uploads\/2024\/05\/WhatsApp-Image-2024-05-07-at-6.28.56-PM.jpeg 718w, https:\/\/diariodominicano.com\/wp-content\/uploads\/2024\/05\/WhatsApp-Image-2024-05-07-at-6.28.56-PM-300x171.jpeg 300w\" sizes=\"auto, (max-width: 718px) 100vw, 718px\" \/><\/figure>\n\n\n\n<p>El magistrado Gonz\u00e1lez Castillo dijo  que la jurisdicci\u00f3n a la que corresponde conocer la instancia es la Suprema Corte de Justicia (SCJ).<\/p>\n\n\n\n<p>Sin embargo, el juez del tribunal de garant\u00edas indic\u00f3 que es notorio el deterioro de la salud del empresario canadiense.<\/p>\n\n\n\n<figure class=\"wp-block-image size-full\"><img loading=\"lazy\" decoding=\"async\" width=\"720\" height=\"823\" src=\"https:\/\/diariodominicano.com\/wp-content\/uploads\/2024\/05\/WhatsApp-Image-2024-05-07-at-6.28.55-PM-1.jpeg\" alt=\"\" class=\"wp-image-529199\" srcset=\"https:\/\/diariodominicano.com\/wp-content\/uploads\/2024\/05\/WhatsApp-Image-2024-05-07-at-6.28.55-PM-1.jpeg 720w, https:\/\/diariodominicano.com\/wp-content\/uploads\/2024\/05\/WhatsApp-Image-2024-05-07-at-6.28.55-PM-1-262x300.jpeg 262w\" sizes=\"auto, (max-width: 720px) 100vw, 720px\" \/><\/figure>\n\n\n\n<p><strong>El inversionista canadiense Antonio Carbon<\/strong>e<strong>  dijo con su  lucha busca que se garanticen los derechos fundamentales de todo el que se encuentre en la Rep\u00fablica Dominicana.<\/strong><\/p>\n\n\n\n<p>De su lado, el abogado de Carbone, Ysmael Molina Carrasco, dijo no entender por qu\u00e9 los abogados de la Fiscal\u00eda del Distrito Nacional (FDN) y la Procuradur\u00eda General de la Rep\u00fablica se oponen a que al extranjero se le restablezca el derecho a la salud y a la vida.<\/p>\n\n\n\n<p>El jurista advirti\u00f3 que acudir\u00e1n a las instancias que sean necesarias para que al empresario canadiense le levante la medida de coerci\u00f3n de garant\u00eda econ\u00f3mica y grilletes electr\u00f3nicos impuesta desde el 4 de enero del 2017.<\/p>\n\n\n\n<p>Sostuvo que har\u00e1n valer las sentencias TC\/0515\/23 que anul\u00f3 la sentencia condenatoria en contra de Carbone el 17 de agosto de 2023 y que la No. 042\/2024-SSEN-00006 del 19 de enero del 2024 tambi\u00e9n favorecen al inversionista extranjero.<\/p>\n\n\n\n<p><strong>De su lado, el inversionista indic\u00f3 que con lucha busca que se garanticen los derechos fundamentales de todo el que se encuentre en la Rep\u00fablica Dominicana.<\/strong><\/p>\n\n\n\n<p>En las afueras del Palacio de Justicia de Ciudad Nueva se apostaron representantes de la Coalici\u00f3n Santo Domingo contra la Corrupci\u00f3n (SDCC), presidida por Armando F\u00e9liz, Frente Internacional contra el Narcotr\u00e1fico (FICN), as\u00ed como representantes de la Asociaci\u00f3n Dominicana de Medios Integrados (Asodomedi) y dirigentes comunitarios, que se unieron al llamado para que se cumplan las sentencias que favorecen al inversionista extranjero.<\/p>\n\n\n\n<p>notasdeprensajpf<\/p>\n\n\n\n<p><a target=\"_blank\" href=\"mailto:notasdeprensajpf@gmail.com\" rel=\"noreferrer noopener\">notasdeprensajpf@gmail.com<\/a><\/p>\n\n\n\n<p> Lic. William Perdomo<\/p>\n\n\n\n<p><\/p>\n","protected":false},"excerpt":{"rendered":"<p>Declina instancia a la Suprema Corte de Justicia Diariodominicano.com Santo Domingo, Rep\u00fablica Dominicana. El juez de la C\u00e1mara Penal del Juzgado de Primera Instancia del Distrito Nacional, Franny Gonz\u00e1lez Castillo, se declar\u00f3 incompetente para conocer la acci\u00f3n de amparo interpuesta por el empresario canadiense Antonio Carbone contra la Procuradur\u00eda General de la Rep\u00fablica (PGR). El [&hellip;]<\/p>\n","protected":false},"author":28,"featured_media":529205,"comment_status":"closed","ping_status":"closed","sticky":true,"template":"","format":"standard","meta":{"footnotes":""},"categories":[24,29],"tags":[],"class_list":["post-529132","post","type-post","status-publish","format-standard","has-post-thumbnail","hentry","category-justicia-y-derecho","category-policiasucesos"],"_links":{"self":[{"href":"https:\/\/diariodominicano.com\/index.php?rest_route=\/wp\/v2\/posts\/529132","targetHints":{"allow":["GET"]}}],"collection":[{"href":"https:\/\/diariodominicano.com\/index.php?rest_route=\/wp\/v2\/posts"}],"about":[{"href":"https:\/\/diariodominicano.com\/index.php?rest_route=\/wp\/v2\/types\/post"}],"author":[{"embeddable":true,"href":"https:\/\/diariodominicano.com\/index.php?rest_route=\/wp\/v2\/users\/28"}],"replies":[{"embeddable":true,"href":"https:\/\/diariodominicano.com\/index.php?rest_route=%2Fwp%2Fv2%2Fcomments&post=529132"}],"version-history":[{"count":6,"href":"https:\/\/diariodominicano.com\/index.php?rest_route=\/wp\/v2\/posts\/529132\/revisions"}],"predecessor-version":[{"id":529204,"href":"https:\/\/diariodominicano.com\/index.php?rest_route=\/wp\/v2\/posts\/529132\/revisions\/529204"}],"wp:featuredmedia":[{"embeddable":true,"href":"https:\/\/diariodominicano.com\/index.php?rest_route=\/wp\/v2\/media\/529205"}],"wp:attachment":[{"href":"https:\/\/diariodominicano.com\/index.php?rest_route=%2Fwp%2Fv2%2Fmedia&parent=529132"}],"wp:term":[{"taxonomy":"category","embeddable":true,"href":"https:\/\/diariodominicano.com\/index.php?rest_route=%2Fwp%2Fv2%2Fcategories&post=529132"},{"taxonomy":"post_tag","embeddable":true,"href":"https:\/\/diariodominicano.com\/index.php?rest_route=%2Fwp%2Fv2%2Ftags&post=529132"}],"curies":[{"name":"wp","href":"https:\/\/api.w.org\/{rel}","templated":true}]}}