{"id":529035,"date":"2024-05-07T19:11:05","date_gmt":"2024-05-07T23:11:05","guid":{"rendered":"https:\/\/diariodominicano.com\/?p=529035"},"modified":"2024-05-07T19:11:11","modified_gmt":"2024-05-07T23:11:11","slug":"imputado-por-acceder-de-manera-ilicita-a-redes-sociales-de-contrataciones-publicas-habria-utilizado-informacion-privilegiada-tras-salir-de-la-institucion","status":"publish","type":"post","link":"https:\/\/diariodominicano.com\/?p=529035","title":{"rendered":"Imputado por acceder de manera il\u00edcita a redes sociales de Contrataciones P\u00fablicas habr\u00eda utilizado informaci\u00f3n privilegiada tras salir de la instituci\u00f3n"},"content":{"rendered":"\n<p>SANTO DOMINGO (Rep\u00fablica Dominicana).- La Oficina de Atenci\u00f3n Permanente del Distrito Nacional dict\u00f3 tres meses de prisi\u00f3n preventiva contra Ronald Familia Fr\u00edas, alias Oso Negro, imputado por acceso il\u00edcito, sabotaje, chantaje y robo de identidad, en perjuicio de la Direcci\u00f3n General de Contrataciones P\u00fablicas, tras acceder sin autorizaci\u00f3n a las redes sociales de la instituci\u00f3n el 10 de abril del presente a\u00f1o, haciendo uso de informaci\u00f3n privilegiada tras su salida de la entidad gubernamental.<\/p>\n\n\n\n<p>La medida fue tomada luego de que el Ministerio P\u00fablico presentara ante el tribunal las pruebas suficientes que sustentan la acusaci\u00f3n contra Ronald Familia Fr\u00edas,&nbsp; alias Oso Negro, por violaci\u00f3n a los art\u00edculos 6, p\u00e1rrafos 1 y 2, as\u00ed como los art\u00edculos 10, 11, 16 y 17 de la Ley 53-07 sobre Cr\u00edmenes y Delitos de Alta Tecnolog\u00eda, relacionados con acceso il\u00edcito, da\u00f1o o alteraci\u00f3n de datos, sabotaje, chantaje y robo de identidad, en perjuicio de la Direcci\u00f3n General de Compras y Contrataciones P\u00fablicas y el Estado Dominicano.<\/p>\n\n\n\n<p>El imputado, quien fuera encargado de medios de dicha instituci\u00f3n hasta agosto de 2023, habr\u00eda utilizado informaci\u00f3n privilegiada para acceder de manera no autorizada a las cuentas de redes sociales de la entidad gubernamental y perpetrar una serie de ataques cibern\u00e9ticos que incluyeron el chantaje y la manipulaci\u00f3n de datos sensibles.<\/p>\n\n\n\n<p>Las evidencias presentadas durante la audiencia incluyen testimonios de investigadores especializados en delitos inform\u00e1ticos, certificaciones de la Direcci\u00f3n General de Contrataciones P\u00fablicas sobre la relaci\u00f3n laboral del imputado, as\u00ed como \u00f3rdenes judiciales de allanamiento y arresto que permitieron la obtenci\u00f3n de dispositivos electr\u00f3nicos, tarjetas bancarias y otros elementos que vinculan al imputado con los hechos delictivos.<\/p>\n\n\n\n<p>La decisi\u00f3n del tribunal de imponer la prisi\u00f3n preventiva se fundamenta en la gravedad de los delitos imputados, el riesgo de fuga y la necesidad de preservar la integridad del proceso judicial en curso en contra del imputado Ronald Familia Fr\u00edas, alias Oso Negro, por su presunta participaci\u00f3n en las actividades delictivas de alta tecnolog\u00eda.<strong><\/strong><\/p>\n\n\n\n<p><strong>Direcci\u00f3n General de Comunicaci\u00f3n, Prensa, y RRPP<\/strong><strong><\/strong><\/p>\n\n\n\n<p>Ministerio P\u00fablico.&nbsp;R.D.<\/p>\n","protected":false},"excerpt":{"rendered":"<p>SANTO DOMINGO (Rep\u00fablica Dominicana).- La Oficina de Atenci\u00f3n Permanente del Distrito Nacional dict\u00f3 tres meses de prisi\u00f3n preventiva contra Ronald Familia Fr\u00edas, alias Oso Negro, imputado por acceso il\u00edcito, sabotaje, chantaje y robo de identidad, en perjuicio de la Direcci\u00f3n General de Contrataciones P\u00fablicas, tras acceder sin autorizaci\u00f3n a las redes sociales de la instituci\u00f3n [&hellip;]<\/p>\n","protected":false},"author":7,"featured_media":446634,"comment_status":"closed","ping_status":"closed","sticky":true,"template":"","format":"standard","meta":{"footnotes":""},"categories":[24,27],"tags":[],"class_list":["post-529035","post","type-post","status-publish","format-standard","has-post-thumbnail","hentry","category-justicia-y-derecho","category-portada"],"_links":{"self":[{"href":"https:\/\/diariodominicano.com\/index.php?rest_route=\/wp\/v2\/posts\/529035","targetHints":{"allow":["GET"]}}],"collection":[{"href":"https:\/\/diariodominicano.com\/index.php?rest_route=\/wp\/v2\/posts"}],"about":[{"href":"https:\/\/diariodominicano.com\/index.php?rest_route=\/wp\/v2\/types\/post"}],"author":[{"embeddable":true,"href":"https:\/\/diariodominicano.com\/index.php?rest_route=\/wp\/v2\/users\/7"}],"replies":[{"embeddable":true,"href":"https:\/\/diariodominicano.com\/index.php?rest_route=%2Fwp%2Fv2%2Fcomments&post=529035"}],"version-history":[{"count":1,"href":"https:\/\/diariodominicano.com\/index.php?rest_route=\/wp\/v2\/posts\/529035\/revisions"}],"predecessor-version":[{"id":529040,"href":"https:\/\/diariodominicano.com\/index.php?rest_route=\/wp\/v2\/posts\/529035\/revisions\/529040"}],"wp:featuredmedia":[{"embeddable":true,"href":"https:\/\/diariodominicano.com\/index.php?rest_route=\/wp\/v2\/media\/446634"}],"wp:attachment":[{"href":"https:\/\/diariodominicano.com\/index.php?rest_route=%2Fwp%2Fv2%2Fmedia&parent=529035"}],"wp:term":[{"taxonomy":"category","embeddable":true,"href":"https:\/\/diariodominicano.com\/index.php?rest_route=%2Fwp%2Fv2%2Fcategories&post=529035"},{"taxonomy":"post_tag","embeddable":true,"href":"https:\/\/diariodominicano.com\/index.php?rest_route=%2Fwp%2Fv2%2Ftags&post=529035"}],"curies":[{"name":"wp","href":"https:\/\/api.w.org\/{rel}","templated":true}]}}