{"id":529034,"date":"2024-05-07T19:08:59","date_gmt":"2024-05-07T23:08:59","guid":{"rendered":"https:\/\/diariodominicano.com\/?p=529034"},"modified":"2024-05-07T19:09:05","modified_gmt":"2024-05-07T23:09:05","slug":"fiscalia-obtiene-condena-de-14-anos-de-prision-en-contra-de-un-hombre-que-cometio-homicidio-en-sdn","status":"publish","type":"post","link":"https:\/\/diariodominicano.com\/?p=529034","title":{"rendered":"Fiscal\u00eda obtiene condena de 14 a\u00f1os de prisi\u00f3n en contra de un hombre que cometi\u00f3 homicidio en SDN\u00a0"},"content":{"rendered":"\n<p><strong>SANTO DOMINGO NORTE (Rep\u00fablica Dominicana).-<\/strong>&nbsp;La Procuradur\u00eda Fiscal de Santo Domingo Este y Norte obtuvo una condena de 14 a\u00f1os de prisi\u00f3n y una indemnizaci\u00f3n de tres millones de pesos, en contra de un hombre, que en medio de una discusi\u00f3n, le quit\u00f3 la vida a otro, en un hecho ocurrido en el a\u00f1o 2023, en el sector de Sabana Perdida de Santo Domingo Norte.<\/p>\n\n\n\n<p>La condena y el pago de una indemnizaci\u00f3n de tres millones de pesos le fue impuesta por el Primer Tribunal Colegiado de esta jurisdicci\u00f3n, que integran los jueces Elizabeth Esperanza Rodr\u00edguez Espinal, Flor E. Batista Polo y Jos\u00e9 Leonel Asencio Quezada, a Francisco de Paula, por las acciones cometidas en perjuicio del hoy occiso Jos\u00e9 Miguel Cruz D\u00edaz y\/o Israel Cruz D\u00edaz.<\/p>\n\n\n\n<p>Durante el juicio el Ministerio P\u00fablico, representado por el fiscal litigante Felipe Cuevas, demostr\u00f3 ante el tribunal, con pruebas documentales, periciales, testimoniales y materiales, la responsabilidad penal del hoy condenado, quien violent\u00f3 los art\u00edculos 295 y 304 del C\u00f3digo Penal Dominicano sobre homicidio.<\/p>\n\n\n\n<p>El expediente instrumentado por el fiscal investigador Geivis Tapia, relata que el hecho ocurri\u00f3 el 15 de febrero del a\u00f1o 2023, alrededor de las 6:40 de la tarde, en el sector de Sabana Perdida de Santo Domingo Norte, justo cuando el encartado le reclamaba a la v\u00edctima el pago de una conexi\u00f3n de energ\u00eda el\u00e9ctrica que \u00e9l le hab\u00eda realizado.<\/p>\n\n\n\n<p>Detalla que, tras el reclamo de pago y la negativa por parte de la v\u00edctima, el hoy procesado cogi\u00f3 dos cuchillos y le infiri\u00f3 las heridas que le causaron la muerte del hoy occiso.<\/p>\n\n\n\n<p>La condena dictada por el tribunal deber\u00e1 ser cumplida por Francisco de Paula en el Centro de Correcci\u00f3n y Rehabilitaci\u00f3n Najayo Hombres.<strong><\/strong><\/p>\n\n\n\n<p><strong>Direcci\u00f3n General de Comunicaci\u00f3n, Prensa, y RRPP<\/strong><strong><\/strong><\/p>\n\n\n\n<p>Ministerio P\u00fablico.&nbsp;R.D.<\/p>\n","protected":false},"excerpt":{"rendered":"<p>SANTO DOMINGO NORTE (Rep\u00fablica Dominicana).-&nbsp;La Procuradur\u00eda Fiscal de Santo Domingo Este y Norte obtuvo una condena de 14 a\u00f1os de prisi\u00f3n y una indemnizaci\u00f3n de tres millones de pesos, en contra de un hombre, que en medio de una discusi\u00f3n, le quit\u00f3 la vida a otro, en un hecho ocurrido en el a\u00f1o 2023, en [&hellip;]<\/p>\n","protected":false},"author":7,"featured_media":446634,"comment_status":"closed","ping_status":"closed","sticky":true,"template":"","format":"standard","meta":{"footnotes":""},"categories":[24,27],"tags":[],"class_list":["post-529034","post","type-post","status-publish","format-standard","has-post-thumbnail","hentry","category-justicia-y-derecho","category-portada"],"_links":{"self":[{"href":"https:\/\/diariodominicano.com\/index.php?rest_route=\/wp\/v2\/posts\/529034","targetHints":{"allow":["GET"]}}],"collection":[{"href":"https:\/\/diariodominicano.com\/index.php?rest_route=\/wp\/v2\/posts"}],"about":[{"href":"https:\/\/diariodominicano.com\/index.php?rest_route=\/wp\/v2\/types\/post"}],"author":[{"embeddable":true,"href":"https:\/\/diariodominicano.com\/index.php?rest_route=\/wp\/v2\/users\/7"}],"replies":[{"embeddable":true,"href":"https:\/\/diariodominicano.com\/index.php?rest_route=%2Fwp%2Fv2%2Fcomments&post=529034"}],"version-history":[{"count":1,"href":"https:\/\/diariodominicano.com\/index.php?rest_route=\/wp\/v2\/posts\/529034\/revisions"}],"predecessor-version":[{"id":529039,"href":"https:\/\/diariodominicano.com\/index.php?rest_route=\/wp\/v2\/posts\/529034\/revisions\/529039"}],"wp:featuredmedia":[{"embeddable":true,"href":"https:\/\/diariodominicano.com\/index.php?rest_route=\/wp\/v2\/media\/446634"}],"wp:attachment":[{"href":"https:\/\/diariodominicano.com\/index.php?rest_route=%2Fwp%2Fv2%2Fmedia&parent=529034"}],"wp:term":[{"taxonomy":"category","embeddable":true,"href":"https:\/\/diariodominicano.com\/index.php?rest_route=%2Fwp%2Fv2%2Fcategories&post=529034"},{"taxonomy":"post_tag","embeddable":true,"href":"https:\/\/diariodominicano.com\/index.php?rest_route=%2Fwp%2Fv2%2Ftags&post=529034"}],"curies":[{"name":"wp","href":"https:\/\/api.w.org\/{rel}","templated":true}]}}