{"id":529033,"date":"2024-05-08T00:52:19","date_gmt":"2024-05-08T04:52:19","guid":{"rendered":"https:\/\/diariodominicano.com\/?p=529033"},"modified":"2024-05-08T02:15:06","modified_gmt":"2024-05-08T06:15:06","slug":"intervencion-en-los-haitises-llevo-el-arresto-de-439-desaprensivos-que-depredaban-en-el-parque-nacional","status":"publish","type":"post","link":"https:\/\/diariodominicano.com\/?p=529033","title":{"rendered":"Intervenci\u00f3n en Los Haitises llev\u00f3 el arresto de 439 desaprensivos que depredaban en el parque nacional"},"content":{"rendered":"\n<p><em><u>Un total de 431 haitianos que provocan da\u00f1os ambientales fueron entregados a la Direcci\u00f3n General de Migraci\u00f3n; mientras dos extranjeros y seis dominicanos ser\u00e1n sometidos ante los tribunales<\/u><\/em> <\/p>\n\n\n\n<p><strong>SANTO DOMINGO (Rep\u00fablica Dominicana).-<\/strong>&nbsp;\u2013La amplia&nbsp; intervenci\u00f3n desarrollada por el Ministerio de Medio Ambiente y Recursos Naturales (MMARN), en conjunto con el Ministerio P\u00fablico y Ministerio de Defensa, en el Parque Nacional Los Haitises concluy\u00f3 con el arresto de 439 desaprensivos que se dedicaban al conuquismo y a otros delitos ambientales dentro del parque nacional.<\/p>\n\n\n\n<p>El Servicio Nacional de Protecci\u00f3n Ambiental (Senpa), que encabeza el capit\u00e1n de nav\u00edo Ren\u00e9 Rodr\u00edguez \u00c1lvarez, inform\u00f3 que los cuerpos militares entregaron a la Direcci\u00f3n General de Migraci\u00f3n un total de 431 haitianos para los fines correspondientes.<\/p>\n\n\n\n<figure class=\"wp-block-gallery has-nested-images columns-default is-cropped wp-block-gallery-1 is-layout-flex wp-block-gallery-is-layout-flex\">\n<figure class=\"wp-block-image size-large\"><img loading=\"lazy\" decoding=\"async\" width=\"1024\" height=\"478\" data-id=\"529163\" src=\"https:\/\/diariodominicano.com\/wp-content\/uploads\/2024\/05\/Intervencion-en-Los-Haitises-llevo-arresto-de-439-desaprensivos-que-depredaban-en-el-parque-nacional-1-1024x478.jpeg\" alt=\"\" class=\"wp-image-529163\" srcset=\"https:\/\/diariodominicano.com\/wp-content\/uploads\/2024\/05\/Intervencion-en-Los-Haitises-llevo-arresto-de-439-desaprensivos-que-depredaban-en-el-parque-nacional-1-1024x478.jpeg 1024w, https:\/\/diariodominicano.com\/wp-content\/uploads\/2024\/05\/Intervencion-en-Los-Haitises-llevo-arresto-de-439-desaprensivos-que-depredaban-en-el-parque-nacional-1-300x140.jpeg 300w, https:\/\/diariodominicano.com\/wp-content\/uploads\/2024\/05\/Intervencion-en-Los-Haitises-llevo-arresto-de-439-desaprensivos-que-depredaban-en-el-parque-nacional-1-768x358.jpeg 768w, https:\/\/diariodominicano.com\/wp-content\/uploads\/2024\/05\/Intervencion-en-Los-Haitises-llevo-arresto-de-439-desaprensivos-que-depredaban-en-el-parque-nacional-1-816x381.jpeg 816w, https:\/\/diariodominicano.com\/wp-content\/uploads\/2024\/05\/Intervencion-en-Los-Haitises-llevo-arresto-de-439-desaprensivos-que-depredaban-en-el-parque-nacional-1.jpeg 1280w\" sizes=\"auto, (max-width: 1024px) 100vw, 1024px\" \/><\/figure>\n<\/figure>\n\n\n\n<p>Los agentes militares tambi\u00e9n entregaron a seis dominicanos y dos haitianos a la Procuradur\u00eda Especializada para la Defensa del Medio Ambiente y los Recursos Naturales (Proedemaren).<\/p>\n\n\n\n<p>El titular de esa dependencia del Ministerio P\u00fablico, procurador de corte Francisco Contreras, explic\u00f3 que los ocho arrestados est\u00e1n siendo sometidos ante los tribunales por violaci\u00f3n a la Ley 64-00, sobre Medio Ambiente y Recursos Naturales y la Ley 202-04, sectorial de \u00c1reas Protegidas.<\/p>\n\n\n\n<figure class=\"wp-block-gallery has-nested-images columns-default is-cropped wp-block-gallery-2 is-layout-flex wp-block-gallery-is-layout-flex\">\n<figure class=\"wp-block-image size-large\"><img loading=\"lazy\" decoding=\"async\" width=\"1024\" height=\"768\" data-id=\"529159\" src=\"https:\/\/diariodominicano.com\/wp-content\/uploads\/2024\/05\/Intervencion-en-Los-Haitises-llevo-el-arresto-de-439-desaprensivos-que-depredaban-el-parque-nacional-1024x768.jpeg\" alt=\"\" class=\"wp-image-529159\" srcset=\"https:\/\/diariodominicano.com\/wp-content\/uploads\/2024\/05\/Intervencion-en-Los-Haitises-llevo-el-arresto-de-439-desaprensivos-que-depredaban-el-parque-nacional-1024x768.jpeg 1024w, https:\/\/diariodominicano.com\/wp-content\/uploads\/2024\/05\/Intervencion-en-Los-Haitises-llevo-el-arresto-de-439-desaprensivos-que-depredaban-el-parque-nacional-300x225.jpeg 300w, https:\/\/diariodominicano.com\/wp-content\/uploads\/2024\/05\/Intervencion-en-Los-Haitises-llevo-el-arresto-de-439-desaprensivos-que-depredaban-el-parque-nacional-768x576.jpeg 768w, https:\/\/diariodominicano.com\/wp-content\/uploads\/2024\/05\/Intervencion-en-Los-Haitises-llevo-el-arresto-de-439-desaprensivos-que-depredaban-el-parque-nacional-1536x1152.jpeg 1536w, https:\/\/diariodominicano.com\/wp-content\/uploads\/2024\/05\/Intervencion-en-Los-Haitises-llevo-el-arresto-de-439-desaprensivos-que-depredaban-el-parque-nacional-816x612.jpeg 816w, https:\/\/diariodominicano.com\/wp-content\/uploads\/2024\/05\/Intervencion-en-Los-Haitises-llevo-el-arresto-de-439-desaprensivos-que-depredaban-el-parque-nacional.jpeg 1600w\" sizes=\"auto, (max-width: 1024px) 100vw, 1024px\" \/><\/figure>\n<\/figure>\n\n\n\n<p>Durante la operaci\u00f3n, que se extendi\u00f3 entre el martes y el domingo pasado, fueron intervenidos 62 conucos establecidos por personas que depredan el bosque en el parque nacional para el cultivo de rubros como la yaut\u00eda.<\/p>\n\n\n\n<figure class=\"wp-block-gallery has-nested-images columns-default is-cropped wp-block-gallery-3 is-layout-flex wp-block-gallery-is-layout-flex\">\n<figure class=\"wp-block-image size-large\"><img loading=\"lazy\" decoding=\"async\" width=\"1024\" height=\"768\" data-id=\"529161\" src=\"https:\/\/diariodominicano.com\/wp-content\/uploads\/2024\/05\/Intervencion-en-Los-Haitises-llevo-el-arresto-de-439-desaprensivos-que-depredaban-en-parque-nacional-1024x768.jpeg\" alt=\"\" class=\"wp-image-529161\" srcset=\"https:\/\/diariodominicano.com\/wp-content\/uploads\/2024\/05\/Intervencion-en-Los-Haitises-llevo-el-arresto-de-439-desaprensivos-que-depredaban-en-parque-nacional-1024x768.jpeg 1024w, https:\/\/diariodominicano.com\/wp-content\/uploads\/2024\/05\/Intervencion-en-Los-Haitises-llevo-el-arresto-de-439-desaprensivos-que-depredaban-en-parque-nacional-300x225.jpeg 300w, https:\/\/diariodominicano.com\/wp-content\/uploads\/2024\/05\/Intervencion-en-Los-Haitises-llevo-el-arresto-de-439-desaprensivos-que-depredaban-en-parque-nacional-768x576.jpeg 768w, https:\/\/diariodominicano.com\/wp-content\/uploads\/2024\/05\/Intervencion-en-Los-Haitises-llevo-el-arresto-de-439-desaprensivos-que-depredaban-en-parque-nacional-816x612.jpeg 816w, https:\/\/diariodominicano.com\/wp-content\/uploads\/2024\/05\/Intervencion-en-Los-Haitises-llevo-el-arresto-de-439-desaprensivos-que-depredaban-en-parque-nacional.jpeg 1280w\" sizes=\"auto, (max-width: 1024px) 100vw, 1024px\" \/><\/figure>\n<\/figure>\n\n\n\n<p>M\u00e1s de 200 hombres y mujeres, distribuidos en cinco equipos de tarea, intervinieron para enfrentar los il\u00edcitos ambientales en el parque bajo el mando directo del coronel del Ej\u00e9rcito Alejandro Santana Mota.<\/p>\n\n\n\n<p>Las tropas coordinadas por el capit\u00e1n de nav\u00edo Rodr\u00edguez \u00c1lvarez ocuparon 14 animales que se entregaron a la Direcci\u00f3n General de Ganader\u00eda y 5 a los guardaparques.<\/p>\n\n\n\n<figure class=\"wp-block-gallery has-nested-images columns-default is-cropped wp-block-gallery-4 is-layout-flex wp-block-gallery-is-layout-flex\">\n<figure class=\"wp-block-image size-large\"><img loading=\"lazy\" decoding=\"async\" width=\"1024\" height=\"768\" data-id=\"529160\" src=\"https:\/\/diariodominicano.com\/wp-content\/uploads\/2024\/05\/Intervencion-en-Los-Haitises-llevo-el-arresto-439-desaprensivos-que-depredaban-en-el-parque-nacional-1024x768.jpeg\" alt=\"\" class=\"wp-image-529160\" srcset=\"https:\/\/diariodominicano.com\/wp-content\/uploads\/2024\/05\/Intervencion-en-Los-Haitises-llevo-el-arresto-439-desaprensivos-que-depredaban-en-el-parque-nacional-1024x768.jpeg 1024w, https:\/\/diariodominicano.com\/wp-content\/uploads\/2024\/05\/Intervencion-en-Los-Haitises-llevo-el-arresto-439-desaprensivos-que-depredaban-en-el-parque-nacional-300x225.jpeg 300w, https:\/\/diariodominicano.com\/wp-content\/uploads\/2024\/05\/Intervencion-en-Los-Haitises-llevo-el-arresto-439-desaprensivos-que-depredaban-en-el-parque-nacional-768x576.jpeg 768w, https:\/\/diariodominicano.com\/wp-content\/uploads\/2024\/05\/Intervencion-en-Los-Haitises-llevo-el-arresto-439-desaprensivos-que-depredaban-en-el-parque-nacional-816x612.jpeg 816w, https:\/\/diariodominicano.com\/wp-content\/uploads\/2024\/05\/Intervencion-en-Los-Haitises-llevo-el-arresto-439-desaprensivos-que-depredaban-en-el-parque-nacional.jpeg 1280w\" sizes=\"auto, (max-width: 1024px) 100vw, 1024px\" \/><\/figure>\n<\/figure>\n\n\n\n<p>Tambi\u00e9n se ocuparon 27 herramientas de trabajo, se destruyeron 20 casuchas, se ocuparon dos motores fuera de borda y dos embarcaciones, as\u00ed como siete motocicletas.<\/p>\n\n\n\n<p>En la operaci\u00f3n se arrestaron 59 mujeres haitianas. Por la zona de Pilanc\u00f3n se apresaron 69 extranjeros, por Los Limones 16, por Laguna Cristal 152 y por Sabana de la Mar 194, indica el \u00faltimo informe presentado por el Senpa.<\/p>\n\n\n\n<figure class=\"wp-block-gallery has-nested-images columns-default is-cropped wp-block-gallery-5 is-layout-flex wp-block-gallery-is-layout-flex\">\n<figure class=\"wp-block-image size-large\"><img loading=\"lazy\" decoding=\"async\" width=\"1024\" height=\"768\" data-id=\"529158\" src=\"https:\/\/diariodominicano.com\/wp-content\/uploads\/2024\/05\/Intervencion-en-Los-Haitises-llevo-el-arresto-de-439-desaprensivos-que-depredaban-en-el-parque-nacional--1024x768.jpeg\" alt=\"\" class=\"wp-image-529158\" srcset=\"https:\/\/diariodominicano.com\/wp-content\/uploads\/2024\/05\/Intervencion-en-Los-Haitises-llevo-el-arresto-de-439-desaprensivos-que-depredaban-en-el-parque-nacional--1024x768.jpeg 1024w, https:\/\/diariodominicano.com\/wp-content\/uploads\/2024\/05\/Intervencion-en-Los-Haitises-llevo-el-arresto-de-439-desaprensivos-que-depredaban-en-el-parque-nacional--300x225.jpeg 300w, https:\/\/diariodominicano.com\/wp-content\/uploads\/2024\/05\/Intervencion-en-Los-Haitises-llevo-el-arresto-de-439-desaprensivos-que-depredaban-en-el-parque-nacional--768x576.jpeg 768w, https:\/\/diariodominicano.com\/wp-content\/uploads\/2024\/05\/Intervencion-en-Los-Haitises-llevo-el-arresto-de-439-desaprensivos-que-depredaban-en-el-parque-nacional--1536x1152.jpeg 1536w, https:\/\/diariodominicano.com\/wp-content\/uploads\/2024\/05\/Intervencion-en-Los-Haitises-llevo-el-arresto-de-439-desaprensivos-que-depredaban-en-el-parque-nacional--816x612.jpeg 816w, https:\/\/diariodominicano.com\/wp-content\/uploads\/2024\/05\/Intervencion-en-Los-Haitises-llevo-el-arresto-de-439-desaprensivos-que-depredaban-en-el-parque-nacional-.jpeg 1600w\" sizes=\"auto, (max-width: 1024px) 100vw, 1024px\" \/><\/figure>\n<\/figure>\n\n\n\n<p>\u201cHemos desarrollado una operaci\u00f3n de enfrentamiento de los il\u00edcitos ambientales con resultados\u00a0 excelentes, gracias al trabajo en conjunto y a la entrega de cada uno de los hombres y mujeres que han intervenido en este proceso\u201d, dijo el capit\u00e1n de nav\u00edo Rodr\u00edguez \u00c1lvarez.<\/p>\n\n\n\n<figure class=\"wp-block-gallery has-nested-images columns-default is-cropped wp-block-gallery-6 is-layout-flex wp-block-gallery-is-layout-flex\">\n<figure class=\"wp-block-image size-large\"><img loading=\"lazy\" decoding=\"async\" width=\"1024\" height=\"768\" data-id=\"529157\" src=\"https:\/\/diariodominicano.com\/wp-content\/uploads\/2024\/05\/Intervencion-en-Los-Haitises-llevo-el-arresto-de-439-desaprensivos-que-depredaban-en-el-parque-nacional-1024x768.jpeg\" alt=\"\" class=\"wp-image-529157\" srcset=\"https:\/\/diariodominicano.com\/wp-content\/uploads\/2024\/05\/Intervencion-en-Los-Haitises-llevo-el-arresto-de-439-desaprensivos-que-depredaban-en-el-parque-nacional-1024x768.jpeg 1024w, https:\/\/diariodominicano.com\/wp-content\/uploads\/2024\/05\/Intervencion-en-Los-Haitises-llevo-el-arresto-de-439-desaprensivos-que-depredaban-en-el-parque-nacional-300x225.jpeg 300w, https:\/\/diariodominicano.com\/wp-content\/uploads\/2024\/05\/Intervencion-en-Los-Haitises-llevo-el-arresto-de-439-desaprensivos-que-depredaban-en-el-parque-nacional-768x576.jpeg 768w, https:\/\/diariodominicano.com\/wp-content\/uploads\/2024\/05\/Intervencion-en-Los-Haitises-llevo-el-arresto-de-439-desaprensivos-que-depredaban-en-el-parque-nacional-816x612.jpeg 816w, https:\/\/diariodominicano.com\/wp-content\/uploads\/2024\/05\/Intervencion-en-Los-Haitises-llevo-el-arresto-de-439-desaprensivos-que-depredaban-en-el-parque-nacional.jpeg 1448w\" sizes=\"auto, (max-width: 1024px) 100vw, 1024px\" \/><\/figure>\n<\/figure>\n\n\n\n<p>\u201cEstamos dejando en la zona unos 70 hombres en apoyo al Senpa y a los guardaparques que estar\u00e1n con el objetivo de controlar los puntos de acceso y salida a este importante para los dominicanos por su valor desde el punto de vista hidrol\u00f3gico y de biodiversidad\u201d, dijo.<\/p>\n\n\n\n<p>En la operaci\u00f3n participaron la Direcci\u00f3n General de Migraci\u00f3n y otras dependencias del Estado,como el Ej\u00e9rcito, la Armada y la Fuerza A\u00e9rea de Rep\u00fablica Dominicana.<\/p>\n\n\n\n<p>Tambi\u00e9n participaron en la operaci\u00f3n personal de la Polic\u00eda Nacional, la Direcci\u00f3n Nacional de Control de Drogas (DNCD), el Departamento Nacional de Investigaciones (DNI), la Fuerza de Tarea Conjunta Ciudad Tranquila (FTC-Ciutran) y la Comisi\u00f3n Militar y Policial (Comipol).<\/p>\n\n\n\n<p>Adem\u00e1s, los ministerios de Agricultura, el Consejo Nacional Para la Ni\u00f1ez (Conani), la Direcci\u00f3n General de Ganader\u00eda, el Plan de Asistencia Social de la Presidencia y los Comedores Econ\u00f3micos del Estado dominicano.<strong><\/strong><\/p>\n\n\n\n<p><strong>Direcci\u00f3n General de Comunicaci\u00f3n, Prensa, y RRPP<\/strong><strong><\/strong><\/p>\n\n\n\n<p>Ministerio P\u00fablico.&nbsp;R.D.<\/p>\n","protected":false},"excerpt":{"rendered":"<p>Un total de 431 haitianos que provocan da\u00f1os ambientales fueron entregados a la Direcci\u00f3n General de Migraci\u00f3n; mientras dos extranjeros y seis dominicanos ser\u00e1n sometidos ante los tribunales SANTO DOMINGO (Rep\u00fablica Dominicana).-&nbsp;\u2013La amplia&nbsp; intervenci\u00f3n desarrollada por el Ministerio de Medio Ambiente y Recursos Naturales (MMARN), en conjunto con el Ministerio P\u00fablico y Ministerio de Defensa, [&hellip;]<\/p>\n","protected":false},"author":7,"featured_media":529157,"comment_status":"closed","ping_status":"closed","sticky":true,"template":"","format":"standard","meta":{"footnotes":""},"categories":[24,27],"tags":[],"class_list":["post-529033","post","type-post","status-publish","format-standard","has-post-thumbnail","hentry","category-justicia-y-derecho","category-portada"],"_links":{"self":[{"href":"https:\/\/diariodominicano.com\/index.php?rest_route=\/wp\/v2\/posts\/529033","targetHints":{"allow":["GET"]}}],"collection":[{"href":"https:\/\/diariodominicano.com\/index.php?rest_route=\/wp\/v2\/posts"}],"about":[{"href":"https:\/\/diariodominicano.com\/index.php?rest_route=\/wp\/v2\/types\/post"}],"author":[{"embeddable":true,"href":"https:\/\/diariodominicano.com\/index.php?rest_route=\/wp\/v2\/users\/7"}],"replies":[{"embeddable":true,"href":"https:\/\/diariodominicano.com\/index.php?rest_route=%2Fwp%2Fv2%2Fcomments&post=529033"}],"version-history":[{"count":2,"href":"https:\/\/diariodominicano.com\/index.php?rest_route=\/wp\/v2\/posts\/529033\/revisions"}],"predecessor-version":[{"id":529165,"href":"https:\/\/diariodominicano.com\/index.php?rest_route=\/wp\/v2\/posts\/529033\/revisions\/529165"}],"wp:featuredmedia":[{"embeddable":true,"href":"https:\/\/diariodominicano.com\/index.php?rest_route=\/wp\/v2\/media\/529157"}],"wp:attachment":[{"href":"https:\/\/diariodominicano.com\/index.php?rest_route=%2Fwp%2Fv2%2Fmedia&parent=529033"}],"wp:term":[{"taxonomy":"category","embeddable":true,"href":"https:\/\/diariodominicano.com\/index.php?rest_route=%2Fwp%2Fv2%2Fcategories&post=529033"},{"taxonomy":"post_tag","embeddable":true,"href":"https:\/\/diariodominicano.com\/index.php?rest_route=%2Fwp%2Fv2%2Ftags&post=529033"}],"curies":[{"name":"wp","href":"https:\/\/api.w.org\/{rel}","templated":true}]}}