{"id":528930,"date":"2024-05-07T16:55:01","date_gmt":"2024-05-07T20:55:01","guid":{"rendered":"https:\/\/diariodominicano.com\/?p=528930"},"modified":"2024-05-07T16:55:07","modified_gmt":"2024-05-07T20:55:07","slug":"pareja-de-bailadores-de-bachata-mas-famosa-del-mundo-visitan-embajador-dominicano-en-japon","status":"publish","type":"post","link":"https:\/\/diariodominicano.com\/?p=528930","title":{"rendered":"Pareja de bailadores de bachata m\u00e1s famosa del mundo visitan embajador dominicano en Jap\u00f3n"},"content":{"rendered":"\n<p>\u2022 <em>Durante el encuentro el Embajador mostr\u00f3 sus dotes de buen bailador<\/em> <\/p>\n\n\n\n<p>Tokio- Jap\u00f3n:&nbsp;&nbsp; Ataca y la Alemana, la pareja de bailadores de bachata m\u00e1s famosa y cotizada del mundo est\u00e1 en Tokio, d\u00f3nde se presentar\u00e1n e impartir\u00e1n clase de bachata en el evento \u00abUltra Lat\u00edn Jap\u00f3n\u00bb, durante dos d\u00edas. El momento fue propicio para realizar una visita de cortes\u00eda al embajador de Rep\u00fablica Dominicana en Jap\u00f3n, Robert Takata.<\/p>\n\n\n\n<p>El embajador agradeci\u00f3 la visita, y felicit\u00f3 a la pareja por llevar la cultura dominicana a diferentes latitudes del mundo a trav\u00e9s del baile. Expres\u00f3 que, desde la embajada mediante el Departamento de Cultura promueven la bachata y en los intercambios de las universidades concluyen a ritmo de bachata.<\/p>\n\n\n\n<p>\u201cEstamos conscientes del fen\u00f3meno de este ritmo en el mundo de hoy, con nuevas formas de bailar, que es el reflejo de la internacionalizaci\u00f3n del g\u00e9nero, que adquiere nuevas modalidades, incluso ya se habla de bachata tradicional, bachata sensual, entre otras modalidades.<\/p>\n\n\n\n<p>Lo significativo es que no importa la forma de baile o interpretar, lo trascendental es que la bachata nos pertenece y representa a los dominicanos ya consagrado Patrimonio Cultural Inmaterial de la Humanidad\u201d, expres\u00f3 el diplom\u00e1tico<\/p>\n\n\n\n<p>Jap\u00f3n es el primer pa\u00eds asi\u00e1tico que abri\u00f3 sus puertas a los ritmos latinos, la salsa tuvo sus momentos de gloria, hoy la bachata es una realidad social en Jap\u00f3n.<\/p>\n\n\n\n<p>Ataca agradeci\u00f3 la receptividad del embajador y se mostr\u00f3 gratamente sorprendido de c\u00f3mo el embajador conoce y maneja lo que est\u00e1 pasando con el fen\u00f3meno cultural de la bachata. Ocasi\u00f3n que aprovech\u00f3 la Alemana para preguntar al embajador si pod\u00eda bailar una bachata, a lo que el embajador accedi\u00f3 demostrando que no solo maneja el concepto te\u00f3rico de la bachata, sino que tambi\u00e9n la baila<\/p>\n\n\n\n<p>La cotizada pareja de bailadores que se present\u00f3 durante dos d\u00eda en el \u00abUltra Lat\u00edn Jap\u00f3n\u00bb, del pa\u00eds asi\u00e1tico, y que en sus plataformas de redes sociales se aproximan a un bill\u00f3n de visualizaciones en sus videos, demuestran que el baile une culturas y no tiene fronteras, puesto que Ataca es de nacionalidad boricua y Alemana de padre Africano y madre Alemana, son los pioneros en introducir la bachata a los festivales de baile, en presentaciones y como instructores de baile han recorrido el mundo a ritmo de bachata.<\/p>\n\n\n\n<p><strong>\u00a0FOTO Alex Campo, Ataka. Robert Takata y Alemana<\/strong> <\/p>\n\n\n\n<p>leidyproducctions@gmail.com <\/p>\n","protected":false},"excerpt":{"rendered":"<p>\u2022 Durante el encuentro el Embajador mostr\u00f3 sus dotes de buen bailador Tokio- Jap\u00f3n:&nbsp;&nbsp; Ataca y la Alemana, la pareja de bailadores de bachata m\u00e1s famosa y cotizada del mundo est\u00e1 en Tokio, d\u00f3nde se presentar\u00e1n e impartir\u00e1n clase de bachata en el evento \u00abUltra Lat\u00edn Jap\u00f3n\u00bb, durante dos d\u00edas. El momento fue propicio para [&hellip;]<\/p>\n","protected":false},"author":7,"featured_media":528968,"comment_status":"closed","ping_status":"closed","sticky":true,"template":"","format":"standard","meta":{"footnotes":""},"categories":[25,27],"tags":[],"class_list":["post-528930","post","type-post","status-publish","format-standard","has-post-thumbnail","hentry","category-gente","category-portada"],"_links":{"self":[{"href":"https:\/\/diariodominicano.com\/index.php?rest_route=\/wp\/v2\/posts\/528930","targetHints":{"allow":["GET"]}}],"collection":[{"href":"https:\/\/diariodominicano.com\/index.php?rest_route=\/wp\/v2\/posts"}],"about":[{"href":"https:\/\/diariodominicano.com\/index.php?rest_route=\/wp\/v2\/types\/post"}],"author":[{"embeddable":true,"href":"https:\/\/diariodominicano.com\/index.php?rest_route=\/wp\/v2\/users\/7"}],"replies":[{"embeddable":true,"href":"https:\/\/diariodominicano.com\/index.php?rest_route=%2Fwp%2Fv2%2Fcomments&post=528930"}],"version-history":[{"count":1,"href":"https:\/\/diariodominicano.com\/index.php?rest_route=\/wp\/v2\/posts\/528930\/revisions"}],"predecessor-version":[{"id":528969,"href":"https:\/\/diariodominicano.com\/index.php?rest_route=\/wp\/v2\/posts\/528930\/revisions\/528969"}],"wp:featuredmedia":[{"embeddable":true,"href":"https:\/\/diariodominicano.com\/index.php?rest_route=\/wp\/v2\/media\/528968"}],"wp:attachment":[{"href":"https:\/\/diariodominicano.com\/index.php?rest_route=%2Fwp%2Fv2%2Fmedia&parent=528930"}],"wp:term":[{"taxonomy":"category","embeddable":true,"href":"https:\/\/diariodominicano.com\/index.php?rest_route=%2Fwp%2Fv2%2Fcategories&post=528930"},{"taxonomy":"post_tag","embeddable":true,"href":"https:\/\/diariodominicano.com\/index.php?rest_route=%2Fwp%2Fv2%2Ftags&post=528930"}],"curies":[{"name":"wp","href":"https:\/\/api.w.org\/{rel}","templated":true}]}}