{"id":528795,"date":"2024-05-06T22:57:01","date_gmt":"2024-05-07T02:57:01","guid":{"rendered":"https:\/\/diariodominicano.com\/?p=528795"},"modified":"2024-05-06T22:57:03","modified_gmt":"2024-05-07T02:57:03","slug":"talento-dominicano-brilla-en-la-met-gala-2024","status":"publish","type":"post","link":"https:\/\/diariodominicano.com\/?p=528795","title":{"rendered":"Talento dominicano brilla en la MET GALA 2024"},"content":{"rendered":"\n<p><strong>Videos<\/strong><\/p>\n\n\n\n<p><a href=\"https:\/\/we.tl\/t-pCz7Rkmuxv\">https:\/\/we.tl\/t-pCz7Rkmuxv<\/a><\/p>\n\n\n\n<p>\u201cReading Pantale\u00f3n, quien estuvo a cargo de la direcci\u00f3n creativa del total look de G\u00e9nesis Suero logr\u00f3 interpretar \u201cEl Jard\u00edn del Tiempo\u201d, creado por la joven dise\u00f1adora dominicana Gaby \u00c1lvarez Azar\u201d.<\/p>\n\n\n\n<figure class=\"wp-block-image size-large\"><img loading=\"lazy\" decoding=\"async\" width=\"576\" height=\"1024\" src=\"https:\/\/diariodominicano.com\/wp-content\/uploads\/2024\/05\/PHOTO-2024-05-06-11-04-04-576x1024.jpg\" alt=\"\" class=\"wp-image-528797\" srcset=\"https:\/\/diariodominicano.com\/wp-content\/uploads\/2024\/05\/PHOTO-2024-05-06-11-04-04-576x1024.jpg 576w, https:\/\/diariodominicano.com\/wp-content\/uploads\/2024\/05\/PHOTO-2024-05-06-11-04-04-169x300.jpg 169w, https:\/\/diariodominicano.com\/wp-content\/uploads\/2024\/05\/PHOTO-2024-05-06-11-04-04-768x1365.jpg 768w, https:\/\/diariodominicano.com\/wp-content\/uploads\/2024\/05\/PHOTO-2024-05-06-11-04-04-864x1536.jpg 864w, https:\/\/diariodominicano.com\/wp-content\/uploads\/2024\/05\/PHOTO-2024-05-06-11-04-04-1152x2048.jpg 1152w, https:\/\/diariodominicano.com\/wp-content\/uploads\/2024\/05\/PHOTO-2024-05-06-11-04-04-816x1451.jpg 816w, https:\/\/diariodominicano.com\/wp-content\/uploads\/2024\/05\/PHOTO-2024-05-06-11-04-04.jpg 1440w\" sizes=\"auto, (max-width: 576px) 100vw, 576px\" \/><\/figure>\n\n\n\n<p><strong>SANTO DOMINGO.<\/strong>-\u2002MET GALA 2024, una de las alfombras rojas m\u00e1s esperadas del a\u00f1o y conocida como los \u201cOscars de la moda\u201d por la exquisita convocatoria y los fascinantes looks de sus invitados. En esta ocasi\u00f3n destac\u00f3 \u2018El talento dominicano\u2019, a trav\u00e9s de la corresponsal dominicana de Telemundo en New York,\u00a0<a>G\u00e9nesis Suero, quien luci\u00f3 un jard\u00edn de flores en brillantes ideado por el estilista dominicano Reading Pantale\u00f3n y creado por la joven dise\u00f1adora dominicana Gaby \u00c1lvarez Azar.<\/a><\/p>\n\n\n\n<figure class=\"wp-block-image size-large\"><img loading=\"lazy\" decoding=\"async\" width=\"768\" height=\"1024\" src=\"https:\/\/diariodominicano.com\/wp-content\/uploads\/2024\/05\/IMG_3749-768x1024.jpg\" alt=\"\" class=\"wp-image-528798\" srcset=\"https:\/\/diariodominicano.com\/wp-content\/uploads\/2024\/05\/IMG_3749-768x1024.jpg 768w, https:\/\/diariodominicano.com\/wp-content\/uploads\/2024\/05\/IMG_3749-225x300.jpg 225w, https:\/\/diariodominicano.com\/wp-content\/uploads\/2024\/05\/IMG_3749-1152x1536.jpg 1152w, https:\/\/diariodominicano.com\/wp-content\/uploads\/2024\/05\/IMG_3749-1536x2048.jpg 1536w, https:\/\/diariodominicano.com\/wp-content\/uploads\/2024\/05\/IMG_3749-816x1088.jpg 816w, https:\/\/diariodominicano.com\/wp-content\/uploads\/2024\/05\/IMG_3749-scaled.jpg 1920w\" sizes=\"auto, (max-width: 768px) 100vw, 768px\" \/><\/figure>\n\n\n\n<p>El concepto del vestuario de G\u00e9nesis Suero estuvo acorde a&nbsp;la tem\u00e1tica de esta edici\u00f3n escogida por los organizadores de la Met Gala&nbsp;\u2018el Costume Institute&nbsp;del Museo Metropolitano de Arte de New York\u2019.&nbsp;Esta cambia cada a\u00f1o y, por ende, define el dress code de los invitados. En esta edici\u00f3n es \u201cSleeping Beauties: Reawakening of Fashion\u201d en espa\u00f1ol, \u201cBellas Durmientes: El Redespertar de la Moda\u201d. Esta consiste en \u00abhonrar el paso del tiempo sobre piezas hist\u00f3ricas y su convergencia con las nuevas&nbsp;tecnolog\u00edas, as\u00ed como su relaci\u00f3n con la naturaleza\u00bb, seg\u00fan la revista Vogue.<\/p>\n\n\n\n<figure class=\"wp-block-image size-large\"><img loading=\"lazy\" decoding=\"async\" width=\"768\" height=\"1024\" src=\"https:\/\/diariodominicano.com\/wp-content\/uploads\/2024\/05\/IMG_3753-768x1024.jpg\" alt=\"\" class=\"wp-image-528799\" srcset=\"https:\/\/diariodominicano.com\/wp-content\/uploads\/2024\/05\/IMG_3753-768x1024.jpg 768w, https:\/\/diariodominicano.com\/wp-content\/uploads\/2024\/05\/IMG_3753-225x300.jpg 225w, https:\/\/diariodominicano.com\/wp-content\/uploads\/2024\/05\/IMG_3753-1152x1536.jpg 1152w, https:\/\/diariodominicano.com\/wp-content\/uploads\/2024\/05\/IMG_3753-1536x2048.jpg 1536w, https:\/\/diariodominicano.com\/wp-content\/uploads\/2024\/05\/IMG_3753-816x1088.jpg 816w, https:\/\/diariodominicano.com\/wp-content\/uploads\/2024\/05\/IMG_3753-scaled.jpg 1920w\" sizes=\"auto, (max-width: 768px) 100vw, 768px\" \/><\/figure>\n\n\n\n<p>Reading Pantale\u00f3n, quien estuvo a cargo de la direcci\u00f3n creativa del total look de G\u00e9nesis Suero, as\u00ed como de todo su equipo de trabajo, explic\u00f3 que en el relato de Ballard que da nombre al dress code de este a\u00f1o \u201cEl Jard\u00edn del Tiempo\u201d, se resaltan tres elementos que se tomaron como inspiraci\u00f3n para la creaci\u00f3n de este look: Las flores de cristal en el jard\u00edn, el tiempo&nbsp;que los protagonistas de la historia buscan retroceder y los ecos de una \u201cmelod\u00eda de Mozart\u201d que vibraban a trav\u00e9s de los p\u00e9talos. La idea fue crear un jard\u00edn de flores brillantes que se convirtieran en una segunda piel sobre el cuerpo de G\u00e9nesis.<\/p>\n\n\n\n<p>De acuerdo con el director de imagen y estilismo, la encargada de llevar todas esas ideas a la realidad fue la joven dise\u00f1adora dominicana Gaby \u00c1lvarez Azar. \u201cSe montaron a mano distintos tipos de flores y obras en metal recamadas con miles de Swarovskis, escote coraz\u00f3n, con corte asim\u00e9trico de un hombro y una silueta que resalta y estiliza el cuerpo de G\u00e9nesis a la perfecci\u00f3n\u201d.&nbsp;<\/p>\n\n\n\n<figure class=\"wp-block-image size-large\"><img loading=\"lazy\" decoding=\"async\" width=\"768\" height=\"1024\" src=\"https:\/\/diariodominicano.com\/wp-content\/uploads\/2024\/05\/IMG_3758-768x1024.jpg\" alt=\"\" class=\"wp-image-528800\" srcset=\"https:\/\/diariodominicano.com\/wp-content\/uploads\/2024\/05\/IMG_3758-768x1024.jpg 768w, https:\/\/diariodominicano.com\/wp-content\/uploads\/2024\/05\/IMG_3758-225x300.jpg 225w, https:\/\/diariodominicano.com\/wp-content\/uploads\/2024\/05\/IMG_3758-1152x1536.jpg 1152w, https:\/\/diariodominicano.com\/wp-content\/uploads\/2024\/05\/IMG_3758-1536x2048.jpg 1536w, https:\/\/diariodominicano.com\/wp-content\/uploads\/2024\/05\/IMG_3758-816x1088.jpg 816w, https:\/\/diariodominicano.com\/wp-content\/uploads\/2024\/05\/IMG_3758-scaled.jpg 1920w\" sizes=\"auto, (max-width: 768px) 100vw, 768px\" \/><\/figure>\n\n\n\n<p>De su lado, G\u00e9nesis Suero, due\u00f1a de una historia de vida impresionante, nacida en Rep\u00fablica Dominicana, pero residente en Estados Unidos, trabaja para la firma de Bienes Ra\u00edces Serhant de Ryan Serhant, una de las m\u00e1s prestigiosas de EEUU.<\/p>\n\n\n\n<p>En su tiempo libre le gusta participar en maratones, como el marat\u00f3n TCS NYC, y trabajar con NYRR para animar a otros a llevar un estilo de vida saludable. En 2021 logr\u00f3 el 3er. lugar en el famoso reality de talentos \u201cNuestra Belleza Latina\u201d de la cadena Univisi\u00f3n. Tambi\u00e9n particip\u00f3 con \u00e9xito en el reality Top Chef Vip y en la actualidad es periodista para Telemundo y corresponsal del popular programa de televisi\u00f3n \u201cEn casa con Telemundo\u201d.<\/p>\n\n\n\n<p>El profesional y talentoso equipo de trabajo estuvo conformado por la Joyera Leslie Mota, maquilladora Clarissa Reyes, el peluquero Ger\u00f3nimo (Giro) Rodr\u00edguez, asistencia de estilismo Pepa Garc\u00eda, asistencia de costura Ana Kubu Natividad Cabrera, fot\u00f3grafo Eduardo Holgu\u00edn, y el vide\u00f3grafo Pablo Acevedo; todo bajo la direcci\u00f3n creativa del estilista dominicano Reading Pantale\u00f3n.<\/p>\n\n\n\n<p>La Gala del Met no solo es el evento m\u00e1s esperado de la industria de la moda, sino que es una fiesta cuyo objetivo es recaudar fondos para la exposici\u00f3n anual del Costume Institute del Museo Metropolitano de Arte,\u00a0lo cual eleva la moda a una connotaci\u00f3n art\u00edstica, antropol\u00f3gica e hist\u00f3rica.<\/p>\n\n\n\n<p>Henry Coradin<\/p>\n\n\n\n<p><a target=\"_blank\" href=\"mailto:henrycoradinrelacionespublicas@gmail.com\" rel=\"noreferrer noopener\">henrycoradinrelacionespublicas<\/a><\/p>\n","protected":false},"excerpt":{"rendered":"<p>Videos https:\/\/we.tl\/t-pCz7Rkmuxv \u201cReading Pantale\u00f3n, quien estuvo a cargo de la direcci\u00f3n creativa del total look de G\u00e9nesis Suero logr\u00f3 interpretar \u201cEl Jard\u00edn del Tiempo\u201d, creado por la joven dise\u00f1adora dominicana Gaby \u00c1lvarez Azar\u201d. SANTO DOMINGO.-\u2002MET GALA 2024, una de las alfombras rojas m\u00e1s esperadas del a\u00f1o y conocida como los \u201cOscars de la moda\u201d por [&hellip;]<\/p>\n","protected":false},"author":28,"featured_media":528796,"comment_status":"closed","ping_status":"closed","sticky":false,"template":"","format":"standard","meta":{"footnotes":""},"categories":[25],"tags":[],"class_list":["post-528795","post","type-post","status-publish","format-standard","has-post-thumbnail","hentry","category-gente"],"_links":{"self":[{"href":"https:\/\/diariodominicano.com\/index.php?rest_route=\/wp\/v2\/posts\/528795","targetHints":{"allow":["GET"]}}],"collection":[{"href":"https:\/\/diariodominicano.com\/index.php?rest_route=\/wp\/v2\/posts"}],"about":[{"href":"https:\/\/diariodominicano.com\/index.php?rest_route=\/wp\/v2\/types\/post"}],"author":[{"embeddable":true,"href":"https:\/\/diariodominicano.com\/index.php?rest_route=\/wp\/v2\/users\/28"}],"replies":[{"embeddable":true,"href":"https:\/\/diariodominicano.com\/index.php?rest_route=%2Fwp%2Fv2%2Fcomments&post=528795"}],"version-history":[{"count":1,"href":"https:\/\/diariodominicano.com\/index.php?rest_route=\/wp\/v2\/posts\/528795\/revisions"}],"predecessor-version":[{"id":528801,"href":"https:\/\/diariodominicano.com\/index.php?rest_route=\/wp\/v2\/posts\/528795\/revisions\/528801"}],"wp:featuredmedia":[{"embeddable":true,"href":"https:\/\/diariodominicano.com\/index.php?rest_route=\/wp\/v2\/media\/528796"}],"wp:attachment":[{"href":"https:\/\/diariodominicano.com\/index.php?rest_route=%2Fwp%2Fv2%2Fmedia&parent=528795"}],"wp:term":[{"taxonomy":"category","embeddable":true,"href":"https:\/\/diariodominicano.com\/index.php?rest_route=%2Fwp%2Fv2%2Fcategories&post=528795"},{"taxonomy":"post_tag","embeddable":true,"href":"https:\/\/diariodominicano.com\/index.php?rest_route=%2Fwp%2Fv2%2Ftags&post=528795"}],"curies":[{"name":"wp","href":"https:\/\/api.w.org\/{rel}","templated":true}]}}