{"id":528764,"date":"2024-05-06T17:36:13","date_gmt":"2024-05-06T21:36:13","guid":{"rendered":"https:\/\/diariodominicano.com\/?p=528764"},"modified":"2024-05-06T17:36:16","modified_gmt":"2024-05-06T21:36:16","slug":"madre-denuncia-desaparicion-de-hijo-especial","status":"publish","type":"post","link":"https:\/\/diariodominicano.com\/?p=528764","title":{"rendered":"Madre denuncia desaparici\u00f3n de hijo (especial)"},"content":{"rendered":"\n<p><strong>Madre Campesina: Presidente, yo estoy amarrada sin soga, porque yo no s\u00e9 d\u00f3nde me tienen mi muchacho<\/strong><\/p>\n\n\n\n<p><strong>Llamado al Ciudadano Presidente Luis Abinader, a la Direcci\u00f3n General de Migraci\u00f3n, a la Procuradora Miriam Germ\u00e1n y a todas las estructuras del Estado Dominicano<\/strong><\/p>\n\n\n\n<p>Ciudadano presidente de la Rep\u00fablica, Luis Abinader Corona,&nbsp;<strong>exigimos que se detenga el discurso de odio, las persecuciones y deportaciones masivas de personas negras en la Rep\u00fablica Dominicana<\/strong><\/p>\n\n\n\n<p>Exigimos tener respuesta sobre el paradero de&nbsp;<strong>Rafelito De La Rosa, alias Papo<\/strong>, 38 a\u00f1os de edad, un dominicano negro con necesidades especiales que desapareci\u00f3 el 19 de marzo de 2024, en la comunidad Los Indios, provincia Restauraci\u00f3n, RD.&nbsp; Su madre,&nbsp;<strong>Juanita Benigno Mart\u00ednez<\/strong>, dice que<strong>&nbsp;\u00ab\u00e9l es color negro\u00bb<\/strong>. Y que una vecina dijo \u201cque ese mismo d\u00eda, pas\u00f3 una guagua de Migraci\u00f3n\u00bb, luego de esto no lo han vuelto a ver. Toda la familia de Papo, en especial su Mam\u00e1, tienen mucha tristeza y desesperaci\u00f3n, y, a pesar de pedir respuestas a las autoridades, s\u00f3lo saben que Papo sali\u00f3 del conuco, unos pasos delante de su Mam\u00e1, que una vecina lo vio pasar cuando iba en la carretera, y jam\u00e1s se ha sabido su paradero. Otras personas aseguran que pas\u00f3 un cami\u00f3n de Migraci\u00f3n recogiendo haitianos, y c\u00f3mo Papo es negro, presumen que lo deportaron para Hait\u00ed.&nbsp; Ya han ido varias veces a la oficina de Migraci\u00f3n en la frontera por Dajab\u00f3n y a la de Aduana, las fotos de los deportados del d\u00eda 19 no se las quisieron mostrar, y s\u00f3lo les piden datos de Papo y nada de informaci\u00f3n de su paradero. Tras exponer el tema en medios de comunicaci\u00f3n, desde la Direcci\u00f3n General de Migraci\u00f3n aclararon que quien realiza operativos en esa zona es el Ej\u00e9rcito Dominicano.<\/p>\n\n\n\n<p>Exigimos el cese inmediato de las persecuciones, allanamientos ilegales, acoso, deportaciones masivas y abusos basados en perfilamiento racial y en el anti-haitianismo imperante en toda la geograf\u00eda nacional. Las personas negras, dominicanas negras, dominicanas de ascendencia haitiana, haitianas, y otras negritudes en la Rep\u00fablica Dominicana&nbsp;<strong>TENEMOS DERECHOS HUMANOS.<\/strong><\/p>\n\n\n\n<p>Exigimos que se respete el derecho a la dignidad de las personas negras. Que desde el Gobierno se llame a bajar el \u201cDiscurso de Odio y fascista\u201d, que se ejerce con toda impunidad incluso en la campa\u00f1a electoral por los principales partidos pol\u00edticos, as\u00ed como por ciudadanos en redes sociales y en diversos medios de comunicaci\u00f3n, tal cual se observa en un video Tik-Tok donde reconocidos grupos fascistas llaman&nbsp;<strong><em>\u201ca cazar haitianos a trav\u00e9s de accidentes de tr\u00e1nsito\u201d. Uno dice \u201ceste patriota que le habla ha matado como siete y se lo estoy confesando a ustedes, y no le he pagado a ninguno, porque los he dejado tirado, porque lo hago por la Patria, llevo como seis o siete abajo, cazao por estas manos, que lo han visto caer\u2026\u201d.<\/em><\/strong><\/p>\n\n\n\n<p>En bateyes ya se preguntan si hay alguna relaci\u00f3n el incremento de accidentes de motocicletas que transportaban personas negras, con lo que dice \u201cel patriota\u201d. Esto demanda una profunda investigaci\u00f3n.<\/p>\n\n\n\n<p>El discurso de odio provoca que cualquier ciudadano o ciudadana influenciado por el mismo, en manada o no, ataquen a la poblaci\u00f3n odiada, como ocurri\u00f3 la noche de este s\u00e1bado 4 de mayo en una finca de Pedro Brand, en donde una pareja explica:<\/p>\n\n\n\n<p>\u201cLos esposos Nelson Yan (haitiano) y Carmen Dolores Pe\u00f1a (dominicana) denuncian que ayer s\u00e1bado 4\/5\/24 se present\u00f3 el Sr. Wilson, encargado de la propiedad donde trabajaban, en compa\u00f1\u00eda de 5 personas no identificadas, portando armas de fuego,&nbsp;<strong>INCENDI\u00c1NDOLES SU VIVIENDA, EDIFICADA DE MADERA Y ZINC, CON TODOS LOS ENSERES DEL HOGAR DENTRO<\/strong>, localidad La Chinola, sector el B\u00e9lico del Municipio Pedro Brand.\u201d<\/p>\n\n\n\n<p>Ciudadano Presidente, Ciudadana Procuradora General de la Rep\u00fablica,<strong>&nbsp;llamamos a investigar todas \u00e9stas denuncias y se aplique la ley y el respeto a la Constituci\u00f3n de la Rep\u00fablica, llamamos a que se detengan:<\/strong><\/p>\n\n\n\n<p><strong>Las expulsiones masivas hacia Hait\u00ed,<\/strong><\/p>\n\n\n\n<p><strong>las persecuciones contra personas negras en la Rep\u00fablica Dominicana de mayor\u00eda Afro-descendiente.<\/strong><\/p>\n\n\n\n<p><strong>Que aparezca Papo Sano y Salvo, que lo busquen en donde Migraci\u00f3n o el Ej\u00e9rcito Nacional lo lanz\u00f3, antes de que sea muy tarde,<\/strong><\/p>\n\n\n\n<p>Firmamos a los 6 d\u00edas del mes de mayo del 2024 en Santo Domingo, Rep\u00fablica Dominicana.<\/p>\n\n\n\n<p><strong>Acci\u00f3n Afro-Dominicana<\/strong><\/p>\n\n\n\n<p><strong>Articulaci\u00f3n Nacional Campesina<\/strong><\/p>\n\n\n\n<p><strong>Coordinadora Popular Nacional<\/strong><\/p>\n\n\n\n<p><strong>La Ruda Colectiva<\/strong><\/p>\n\n\n\n<p><strong>Movimiento de Mujeres Dom\u00ednico-Haitianas (MUDHA)<\/strong><\/p>\n\n\n\n<p><strong>Solidaridad Dominicana con Hait\u00ed<\/strong><\/p>\n\n\n\n<p><strong>Reconoci.do<\/strong><\/p>\n\n\n\n<p><strong>Proyecto Cultural Brujx Cimarronx<\/strong><\/p>\n\n\n\n<p><strong>Comit\u00e9 Patri\u00f3tico \u201cFrancisco Alberto Caama\u00f1o De\u00f1\u00f3\u201d<\/strong><\/p>\n\n\n\n<p><strong>Militancia Revolucionaria Socialista (MRS)<\/strong><\/p>\n\n\n\n<p><strong>Ca\u00f1eros Organizados<\/strong><\/p>\n\n\n\n<p><strong>Grupo de J\u00f3venes Santiago<\/strong><\/p>\n\n\n\n<p><strong>Ver Anexos videos, transcripci\u00f3n:<\/strong>&nbsp;<a href=\"https:\/\/drive.google.com\/drive\/folders\/1_HomPEY2ewlZiTArJgCw9Sm\" target=\"_blank\" rel=\"noreferrer noopener\">https:\/\/drive.google.com\/drive\/folders\/1_HomPEY2ewlZiTArJgCw9Sm<\/a>dluZXhHhu?usp=share_link<\/p>\n","protected":false},"excerpt":{"rendered":"<p>Madre Campesina: Presidente, yo estoy amarrada sin soga, porque yo no s\u00e9 d\u00f3nde me tienen mi muchacho Llamado al Ciudadano Presidente Luis Abinader, a la Direcci\u00f3n General de Migraci\u00f3n, a la Procuradora Miriam Germ\u00e1n y a todas las estructuras del Estado Dominicano Ciudadano presidente de la Rep\u00fablica, Luis Abinader Corona,&nbsp;exigimos que se detenga el discurso [&hellip;]<\/p>\n","protected":false},"author":28,"featured_media":528765,"comment_status":"closed","ping_status":"closed","sticky":false,"template":"","format":"standard","meta":{"footnotes":""},"categories":[36,24,29],"tags":[],"class_list":["post-528764","post","type-post","status-publish","format-standard","has-post-thumbnail","hentry","category-hombresmujeresycosas","category-justicia-y-derecho","category-policiasucesos"],"_links":{"self":[{"href":"https:\/\/diariodominicano.com\/index.php?rest_route=\/wp\/v2\/posts\/528764","targetHints":{"allow":["GET"]}}],"collection":[{"href":"https:\/\/diariodominicano.com\/index.php?rest_route=\/wp\/v2\/posts"}],"about":[{"href":"https:\/\/diariodominicano.com\/index.php?rest_route=\/wp\/v2\/types\/post"}],"author":[{"embeddable":true,"href":"https:\/\/diariodominicano.com\/index.php?rest_route=\/wp\/v2\/users\/28"}],"replies":[{"embeddable":true,"href":"https:\/\/diariodominicano.com\/index.php?rest_route=%2Fwp%2Fv2%2Fcomments&post=528764"}],"version-history":[{"count":1,"href":"https:\/\/diariodominicano.com\/index.php?rest_route=\/wp\/v2\/posts\/528764\/revisions"}],"predecessor-version":[{"id":528766,"href":"https:\/\/diariodominicano.com\/index.php?rest_route=\/wp\/v2\/posts\/528764\/revisions\/528766"}],"wp:featuredmedia":[{"embeddable":true,"href":"https:\/\/diariodominicano.com\/index.php?rest_route=\/wp\/v2\/media\/528765"}],"wp:attachment":[{"href":"https:\/\/diariodominicano.com\/index.php?rest_route=%2Fwp%2Fv2%2Fmedia&parent=528764"}],"wp:term":[{"taxonomy":"category","embeddable":true,"href":"https:\/\/diariodominicano.com\/index.php?rest_route=%2Fwp%2Fv2%2Fcategories&post=528764"},{"taxonomy":"post_tag","embeddable":true,"href":"https:\/\/diariodominicano.com\/index.php?rest_route=%2Fwp%2Fv2%2Ftags&post=528764"}],"curies":[{"name":"wp","href":"https:\/\/api.w.org\/{rel}","templated":true}]}}