{"id":528759,"date":"2024-05-06T17:29:12","date_gmt":"2024-05-06T21:29:12","guid":{"rendered":"https:\/\/diariodominicano.com\/?p=528759"},"modified":"2024-05-06T17:29:57","modified_gmt":"2024-05-06T21:29:57","slug":"isidro-alcantara-es-detenido-en-san-juan-de-la-maguana-por-posesion-de-madera-de-especies-protegidas","status":"publish","type":"post","link":"https:\/\/diariodominicano.com\/?p=528759","title":{"rendered":"Isidro Alc\u00e1ntara es detenido en San Juan de la Maguana por posesi\u00f3n de madera de especies protegidas"},"content":{"rendered":"\n<p><strong>SANTO DOMINGO, Rep\u00fablica Dominicana.-<\/strong>\u00a0La Procuradur\u00eda Especializada para la Defensa del Medio Ambiente y los Recursos Naturales (Proedemaren) en San Juan de la Maguana, apres\u00f3 a un hombre, quien estaba en posesi\u00f3n de maderas de las especies protegidas roble y caoba.<\/p>\n\n\n\n<figure class=\"wp-block-image size-large\"><img loading=\"lazy\" decoding=\"async\" width=\"1024\" height=\"768\" src=\"https:\/\/diariodominicano.com\/wp-content\/uploads\/2024\/05\/IMG-20240506-WA0004-1024x768.jpg\" alt=\"\" class=\"wp-image-528762\" srcset=\"https:\/\/diariodominicano.com\/wp-content\/uploads\/2024\/05\/IMG-20240506-WA0004-1024x768.jpg 1024w, https:\/\/diariodominicano.com\/wp-content\/uploads\/2024\/05\/IMG-20240506-WA0004-300x225.jpg 300w, https:\/\/diariodominicano.com\/wp-content\/uploads\/2024\/05\/IMG-20240506-WA0004-768x576.jpg 768w, https:\/\/diariodominicano.com\/wp-content\/uploads\/2024\/05\/IMG-20240506-WA0004-816x612.jpg 816w, https:\/\/diariodominicano.com\/wp-content\/uploads\/2024\/05\/IMG-20240506-WA0004.jpg 1280w\" sizes=\"auto, (max-width: 1024px) 100vw, 1024px\" \/><\/figure>\n\n\n\n<p>El hombre, identificado como Isidro Alc\u00e1ntara, fue detenido en un allanamiento realizado en su vivienda, el cual estuvo encabezado por el titular de la Prodemaren en este distrito judicial, Leocadio Alc\u00e1ntara de los Santos, junto a tropas del Servicio Nacional de Protecci\u00f3n Ambiental (SENPA), lideradas por el mayor Estenio Encarnaci\u00f3n Amador, del Ejercito Nacional, y con la presencia de varios vigilantes forestales.<\/p>\n\n\n\n<p>En el allanamiento, cuya intervenci\u00f3n se sustent\u00f3 en la orden 0664\/2024, del 1 de mayo de 2024, se encontraron 18 trozas de madera de roble y otras 10 de caoba.&nbsp;<\/p>\n\n\n\n<p>El apresamiento fue realizado en el paraje Carrentino del distrito municipal La Zanja, de San Juan de la Maguana- siendo apresado en el destacamento policial de la esa&nbsp;<\/p>\n\n\n\n<p>La madera se incaut\u00f3 y llev\u00f3 a la direcci\u00f3n provincial de Medio Ambiente.<\/p>\n\n\n\n<p><strong>Direcci\u00f3n General de Comunicaci\u00f3n, Prensa, y RRPP<\/strong><strong><\/strong><\/p>\n\n\n\n<p>Ministerio P\u00fablico.&nbsp;R.D.<\/p>\n\n\n\n<p>Lunes, 6 de mayo de 2024<\/p>\n\n\n\n<p>&#8230;<\/p>\n","protected":false},"excerpt":{"rendered":"<p>SANTO DOMINGO, Rep\u00fablica Dominicana.-\u00a0La Procuradur\u00eda Especializada para la Defensa del Medio Ambiente y los Recursos Naturales (Proedemaren) en San Juan de la Maguana, apres\u00f3 a un hombre, quien estaba en posesi\u00f3n de maderas de las especies protegidas roble y caoba. El hombre, identificado como Isidro Alc\u00e1ntara, fue detenido en un allanamiento realizado en su vivienda, [&hellip;]<\/p>\n","protected":false},"author":28,"featured_media":528760,"comment_status":"closed","ping_status":"closed","sticky":false,"template":"","format":"standard","meta":{"footnotes":""},"categories":[24,29],"tags":[],"class_list":["post-528759","post","type-post","status-publish","format-standard","has-post-thumbnail","hentry","category-justicia-y-derecho","category-policiasucesos"],"_links":{"self":[{"href":"https:\/\/diariodominicano.com\/index.php?rest_route=\/wp\/v2\/posts\/528759","targetHints":{"allow":["GET"]}}],"collection":[{"href":"https:\/\/diariodominicano.com\/index.php?rest_route=\/wp\/v2\/posts"}],"about":[{"href":"https:\/\/diariodominicano.com\/index.php?rest_route=\/wp\/v2\/types\/post"}],"author":[{"embeddable":true,"href":"https:\/\/diariodominicano.com\/index.php?rest_route=\/wp\/v2\/users\/28"}],"replies":[{"embeddable":true,"href":"https:\/\/diariodominicano.com\/index.php?rest_route=%2Fwp%2Fv2%2Fcomments&post=528759"}],"version-history":[{"count":2,"href":"https:\/\/diariodominicano.com\/index.php?rest_route=\/wp\/v2\/posts\/528759\/revisions"}],"predecessor-version":[{"id":528763,"href":"https:\/\/diariodominicano.com\/index.php?rest_route=\/wp\/v2\/posts\/528759\/revisions\/528763"}],"wp:featuredmedia":[{"embeddable":true,"href":"https:\/\/diariodominicano.com\/index.php?rest_route=\/wp\/v2\/media\/528760"}],"wp:attachment":[{"href":"https:\/\/diariodominicano.com\/index.php?rest_route=%2Fwp%2Fv2%2Fmedia&parent=528759"}],"wp:term":[{"taxonomy":"category","embeddable":true,"href":"https:\/\/diariodominicano.com\/index.php?rest_route=%2Fwp%2Fv2%2Fcategories&post=528759"},{"taxonomy":"post_tag","embeddable":true,"href":"https:\/\/diariodominicano.com\/index.php?rest_route=%2Fwp%2Fv2%2Ftags&post=528759"}],"curies":[{"name":"wp","href":"https:\/\/api.w.org\/{rel}","templated":true}]}}