{"id":528749,"date":"2024-05-06T17:17:07","date_gmt":"2024-05-06T21:17:07","guid":{"rendered":"https:\/\/diariodominicano.com\/?p=528749"},"modified":"2024-05-06T17:17:10","modified_gmt":"2024-05-06T21:17:10","slug":"quinto-tribunal-colegiado-santo-domingo-este-y-norte-condena-a-20-anos-de-prision-a-un-hombre-que-despojo-a-un-raso-pn-de-su-arma-de-reglamento-y-lo-asesino-junto-a-su-acompanante","status":"publish","type":"post","link":"https:\/\/diariodominicano.com\/?p=528749","title":{"rendered":"Quinto Tribunal Colegiado Santo Domingo Este y Norte condena a  20 a\u00f1os de prisi\u00f3n a un hombre que despoj\u00f3 a un raso  PN de su arma de reglamento y lo asesin\u00f3 junto a su acompa\u00f1ante\u00a0"},"content":{"rendered":"\n<p><strong>SANTO DOMINGO NORTE, Rep\u00fablica Dominicana.-<\/strong>\u00a0La Procuradur\u00eda Fiscal de Santo Domingo Este y Norte obtuvo una condena de 20 a\u00f1os de prisi\u00f3n y una indemnizaci\u00f3n de dos millones de pesos en contra de un atracador, que despoj\u00f3 de su arma de reglamento a un raso de la Polic\u00eda Nacional, con la cual lo asesin\u00f3 junto a otra persona, en un incidente ocurrido en el a\u00f1o 2023, en el sector Majagual de Sabana Perdida, en este municipio.\u00a0\u00a0<\/p>\n\n\n\n<p>La condena y la indemnizaci\u00f3n de dos millones de pesos le fue impuesta a Ram\u00f3n Enrique Valdez de la Cruz, por los miembros del Quinto Tribunal Colegiado, que preside el juez Julio Aybar Ortiz, e integran Laisa Matos Dur\u00e1n y Nelcy Xiomara Ortega Ram\u00edrez, por los hechos cometidos en perjuicio del raso de la Polic\u00eda Nacional, Vladimir Ceballo S\u00e1nchez y en contra de Yamil Rodr\u00edguez S\u00e1nchez.<\/p>\n\n\n\n<p>En el juicio, la fiscal litigante Ivette Mateo demostr\u00f3 ante el tribunal la responsabilidad penal del hoy condenado, por haber violentado los art\u00edculos 295 y 304 sobre homicidio voluntario y los art\u00edculos 66 y 67 de la Ley 631-16, sobre control de armas, municiones y materiales relacionados.<\/p>\n\n\n\n<p>La investigaci\u00f3n llevada a cabo por el fiscal investigador John Richard Suncard Castillo, relata que el hecho ocurri\u00f3 el d\u00eda 9 de enero 2023, alrededor de las 02:37 de la madrugada, momento en el que el raso Ceballo S\u00e1nchez compart\u00eda con Rodr\u00edguez S\u00e1nchez en frente de una discoteca ubicada en el sector Majagual de Sabana Perdida<\/p>\n\n\n\n<p>Relata que, en ese momento lleg\u00f3 el encartado junto a Miguel \u00c1ngel Reynoso Ogando y Daniel Bautista, quienes est\u00e1n siendo judicializados, e interceptaron Ceballo S\u00e1nchez y le arrebataron su arma de reglamento.<\/p>\n\n\n\n<p>Durante el atraco, mientras Reynoso Ogando y Bautista le brindaban protecci\u00f3n, Valdez de la Cruz le propin\u00f3 a ambas v\u00edctimas varios disparos con los que les quit\u00f3 la vida, justo con el arma que le arrebat\u00f3 al raso policial y tras cometer el hecho, d\u00e9 forma inmediata, huyeron del lugar.&nbsp;<\/p>\n\n\n\n<p>Los jueces determinaron que Valdez de la Cruz deber\u00e1 cumplir la sentencia en el Centro de Correcci\u00f3n y Rehabilitaci\u00f3n de Monte Plata.&nbsp;&nbsp;<strong><\/strong><\/p>\n\n\n\n<p><strong>Direcci\u00f3n General de Comunicaci\u00f3n, Prensa, y RRPP<\/strong><strong><\/strong><\/p>\n\n\n\n<p>Ministerio P\u00fablico.&nbsp;R.D.<\/p>\n\n\n\n<p>Lunes, 6 de mayo de 2024<\/p>\n","protected":false},"excerpt":{"rendered":"<p>SANTO DOMINGO NORTE, Rep\u00fablica Dominicana.-\u00a0La Procuradur\u00eda Fiscal de Santo Domingo Este y Norte obtuvo una condena de 20 a\u00f1os de prisi\u00f3n y una indemnizaci\u00f3n de dos millones de pesos en contra de un atracador, que despoj\u00f3 de su arma de reglamento a un raso de la Polic\u00eda Nacional, con la cual lo asesin\u00f3 junto a [&hellip;]<\/p>\n","protected":false},"author":28,"featured_media":329468,"comment_status":"closed","ping_status":"closed","sticky":false,"template":"","format":"standard","meta":{"footnotes":""},"categories":[24,29],"tags":[],"class_list":["post-528749","post","type-post","status-publish","format-standard","has-post-thumbnail","hentry","category-justicia-y-derecho","category-policiasucesos"],"_links":{"self":[{"href":"https:\/\/diariodominicano.com\/index.php?rest_route=\/wp\/v2\/posts\/528749","targetHints":{"allow":["GET"]}}],"collection":[{"href":"https:\/\/diariodominicano.com\/index.php?rest_route=\/wp\/v2\/posts"}],"about":[{"href":"https:\/\/diariodominicano.com\/index.php?rest_route=\/wp\/v2\/types\/post"}],"author":[{"embeddable":true,"href":"https:\/\/diariodominicano.com\/index.php?rest_route=\/wp\/v2\/users\/28"}],"replies":[{"embeddable":true,"href":"https:\/\/diariodominicano.com\/index.php?rest_route=%2Fwp%2Fv2%2Fcomments&post=528749"}],"version-history":[{"count":1,"href":"https:\/\/diariodominicano.com\/index.php?rest_route=\/wp\/v2\/posts\/528749\/revisions"}],"predecessor-version":[{"id":528750,"href":"https:\/\/diariodominicano.com\/index.php?rest_route=\/wp\/v2\/posts\/528749\/revisions\/528750"}],"wp:featuredmedia":[{"embeddable":true,"href":"https:\/\/diariodominicano.com\/index.php?rest_route=\/wp\/v2\/media\/329468"}],"wp:attachment":[{"href":"https:\/\/diariodominicano.com\/index.php?rest_route=%2Fwp%2Fv2%2Fmedia&parent=528749"}],"wp:term":[{"taxonomy":"category","embeddable":true,"href":"https:\/\/diariodominicano.com\/index.php?rest_route=%2Fwp%2Fv2%2Fcategories&post=528749"},{"taxonomy":"post_tag","embeddable":true,"href":"https:\/\/diariodominicano.com\/index.php?rest_route=%2Fwp%2Fv2%2Ftags&post=528749"}],"curies":[{"name":"wp","href":"https:\/\/api.w.org\/{rel}","templated":true}]}}