{"id":52873,"date":"2020-06-14T03:32:24","date_gmt":"2020-06-14T03:32:24","guid":{"rendered":"http:\/\/diariodominicano.ddns.net\/?p=52873"},"modified":"2020-06-14T03:32:24","modified_gmt":"2020-06-14T03:32:24","slug":"aterriza-en-constanza-el-avion-que-trajo-a-los-primeros-expedicionarios-de-la-gesta-del-14-de-junio","status":"publish","type":"post","link":"https:\/\/diariodominicano.com\/?p=52873","title":{"rendered":"Aterriza en  Constanza el avi\u00f3n que trajo a los primeros expedicionarios de la gesta del 14 de junio"},"content":{"rendered":"<p><body><\/p>\n<p><img decoding=\"async\" src=\"img3\/Enrique-Augusto-Jimenez-Moya.jpg\" \/>  <\/p>\n<p><strong>Diariodominicano.com<\/strong><\/p>\n<p><strong>Aterriza en  Constanza el avi\u00f3n que  trajo a los primeros expedicionarios de la gesta del 14 de junio<\/strong><\/p>\n<\/p>\n<p><strong>CONSTANZA, el  14 de junio de 1959,<\/strong>  cuando la tarde ca\u00eda, aterriz\u00f3 en Constanza el  avi\u00f3n  Curtis  C-46, que trajo  a Rep\u00fablica Dominicana  el primer grupo de  54 expedicionarios  que ten\u00edan el  prop\u00f3sito de llevar a cabo una lucha armada para acabar con la dictadura de Trujillo y  formar un Gobierno democr\u00e1tico.<\/p>\n<\/p>\n<p>   \tEn el grupo  estaba el adolescente Pablo Mirabal, quien logr\u00f3 entrar al avi\u00f3n sin que lo vieran antes del despegue. El muchacho  hab\u00eda sido abandonado por su madre y Delio G\u00f3mez Ochoa lo acogi\u00f3 como su hijastro.<\/p>\n<\/p>\n<p>    \tA los expedicionarios se unir\u00edan otros grupos de guerrilleros que desembarcaron  el d\u00eda 20 de junio de 1959, por Maim\u00f3n y Estero Hondo, en la provincia Puerto Plata.<\/p>\n<\/p>\n<p>   \tEl avi\u00f3n capitaneado por el piloto venezolano Julio C\u00e9sar Rodr\u00edguez, hab\u00eda salido de la provincia de Holgu\u00edn, Cuba. La instrucci\u00f3n de la ruta la daba el piloto dominicano Juan de Dios Ventura Sim\u00f3.<\/p>\n<\/p>\n<p>    \tLos expedicionarios recibieron entrenamientos militares en el  campamento de \u00abMil Cumbres\u00bb, situado en un valle de  la \u00abSierra de los \u00d3rganos\u00bb, en la parte occidental de Cuba. Recibieron apoyo del naciente Gobierno de la Revoluci\u00f3n que encabezaba Fidel Castro.<\/p>\n<\/p>\n<p>    \tEntre los expedicionarios hab\u00eda  un grupo que se uni\u00f3  a la lucha  al viajar de  Venezuela a Cuba.  Se trata de 6 venezolanos, 2 espa\u00f1oles y 27 dominicanos. <\/p>\n<\/p>\n<p>    \tEl periodista Juan Delancer, en su libro \u00abdesembarco de la Gloria\u00bb, cuya primera edici\u00f3n public\u00f3 en 1980, incluye la versi\u00f3n de que \u00abEl propio Fidel Castro encomend\u00f3 la coordinaci\u00f3n de la base guerrillera  al comandante Camilo Cienfuegos, cuyo entusiasmo, dedicaci\u00f3n y solidaridad con el proyecto expedicionario era comparable a la de los organizadores\u00bb.<\/p>\n<\/p>\n<p>    \tEn el momento que fueron descubiertos por los militares que prestaban servicios en Constanza,  quienes de inmediato abrieron fuego contra el avi\u00f3n y los expedicionarios, los combatientes de junio repelieron el ataque  y se internaron en las monta\u00f1as de Constanza.<\/p>\n<\/p>\n<p>   \tEl  avi\u00f3n piloteado  por el venezolano  Julio C\u00e9sar Rodr\u00edguez, logr\u00f3 despegar desafiando las r\u00e1fagas de los militares  y retornar a  Santiago de Cuba.<\/p>\n<\/p>\n<p>     \tR\u00e1pidamente los expedicionarios se dividieron en dos frentes, uno comandado por el l\u00edder de la expedici\u00f3n de junio de 1959, Enrique Jim\u00e9nez Moya y otro por el cubano Delio G\u00f3mez Ochoa, un veterano de la guerrilla de Sierra Maestra que dirigi\u00f3 Fidel Castro.<\/p>\n<\/p>\n<p><strong>La versi\u00f3n de Pou Saleta<\/strong><\/p>\n<\/p>\n<p>    \tUno de los sobrevivientes  de la gesta del 14 de junio de 1959,  Poncio Pou Saleta, en su libro \u00abEn Busca de la Libertad\u00bb, editado por Impresora Lozano,  de Santo Domingo, en julio de 1998,  dice que al tocar tierra de Constanza, la primera operaci\u00f3n consisti\u00f3 en abrir fuego contra los soldados que se encontraban en guardia en la peque\u00f1a pista de aterrizaje, lo que permiti\u00f3 al grupo adentrarse en las espesas monta\u00f1as,  en la misma medida en que se constitu\u00eda la primera victoria frente al Ej\u00e9rcito Nacional.<\/p>\n<\/p>\n<p>    \tPoncio Pou Saleta precisa que tan pronto descendieron del avi\u00f3n se desplazaron en formaci\u00f3n de despliegue para internarse y tomar la monta\u00f1a en diferentes direcciones, pero anota que no tuvieron en cuenta  que con esa t\u00e1ctica, y por la misma irregularidad topogr\u00e1fica del terreno, se distanciar\u00edan significativamente unos de otros.<\/p>\n<\/p>\n<p>    \tPoncio Pou relata su primer percance la misma noche del 14 de junio, cuando cay\u00f3 en la poza de un canal de riego, lo que duplic\u00f3 el peso de su mochila. Recuerda que fue ayudado a salir del agua por un compa\u00f1ero que se sent\u00eda disgustado porque el fusil Fal no le funcionaba adecuadamente y lo us\u00f3 para que \u00e9l se agarrara y pudiera salir del agua.<\/p>\n<\/p>\n<p>      \tPoncio Pou  Saleta dice que as\u00ed fue como quedaron divididos en dos grupos que jam\u00e1s hicieron contactos entre s\u00ed. Un grupo de 20 guerrilleros lo comandaba Delio G\u00f3mez Ochoa y otro de 34, comandado por Enrique Jim\u00e9nez Moya.  <\/p>\n<\/p>\n<p>    \tPoncio Pou Saleta precisa que del grupo de Enrique Jim\u00e9nez Moya, nunca se supo con certeza si sufri\u00f3 otras divisiones, pero piensa que s\u00ed por los relatos de campesinos que se encontraron con guerrilleros en lugares distintos.<\/p>\n<\/p>\n<p>   \tEn opini\u00f3n de Poncio Pou Saleta, la divisi\u00f3n fue un factor determinante en la derrota  militar de los expedicionarios, y se debi\u00f3  a que durante el entrenamiento no se tomaron en cuenta una serie de factores, tales  como el conocimiento del \u00e1rea y un m\u00e9todo planificado de avanzar hacia las monta\u00f1as, que garantizara la cercan\u00eda necesaria entre cada uno de los guerrilleros.  <\/p>\n<\/p>\n<p>   \tDe los 193 expedicionarios de junio de 1959, es decir, los que llegaron por Constanza,  el d\u00eda  14 de junio de 1959 y los que desembarcaron por Maim\u00f3n y Estero Hondo, el 20 de junio de 1959, sobrevivieron los dominicanos Poncio Pou  Saleta, Mayovanex Vargas y Francisco Medardo Germ\u00e1n, as\u00ed como los cubanos Delio G\u00f3mez Ochoa y Pablito Mirabal, quienes salieron del pa\u00eds en 1961.<\/p>\n<\/p>\n<p>       Otro dominicano sobreviviente fue Gonzalo Almonte Pacheco, pero fue desaparecido en la ciudad de Santo Domingo, por agentes de la dictadura de Trujillo.<\/p>\n<\/p>\n<p>   \tLos dem\u00e1s cayeron en los frentes de batalla y la mayor\u00eda fusilados en la  Base A\u00e9rea de San Isidro, por una disposici\u00f3n del jefe del Estado Mayor Conjunto, Rafael Le\u00f3nidas  (Ramfis) Trujillo Mart\u00ednez.<\/p>\n<\/p>\n<p>   \tPablito Mirabal lleg\u00f3 a teniente  del Ej\u00e9rcito Cubano y muri\u00f3 al ser alcanzado por una descarga el\u00e9ctrica en el a\u00f1o 1969 y Delio G\u00f3mez Ochoa fij\u00f3 residencia en Rep\u00fablica Dominicana.<\/p>\n<\/p>\n<p><strong>Presidente Fern\u00e1ndez le concede la nacionalidad privilegiada a Delio G\u00f3mez Ochoa<\/strong><\/p>\n<\/p>\n<p>   \tEn 1997, el  Presidente Leonel Fern\u00e1ndez le concedi\u00f3 la ciudadan\u00eda privilegiada por su  contribuci\u00f3n a la lucha antitrujillista en favor de las libertades del pueblo dominicano.<\/p>\n<\/p>\n<p>   \tLa gesta de junio de 1959, constituy\u00f3 para los dominicanos un despertar. Una derrota militar se\u00f1alar\u00eda la v\u00eda para la lucha que no se detendr\u00eda hasta terminar con la dictadura de Trujillo.<\/p>\n<\/p>\n<p>    \tEntre los primeros objetivos de los expedicionarios figuran: Derrocar por todos los medios a su alcance el r\u00e9gimen de opresi\u00f3n y sangre establecido en la Rep\u00fablica Dominicana por  Trujillo desde el a\u00f1o 1930. Y establecer un gobierno provisional democr\u00e1tico revolucionario  que en un per\u00edodo de dos a\u00f1os ponga en marcha el programa de la Revoluci\u00f3n y cree las condiciones  para que el pueblo dominicano pueda ejercer libremente sus derechos pol\u00edticos y sociales. Y derogar toda la legislaci\u00f3n antidemocr\u00e1tica de la tiran\u00eda.<\/p>\n<\/p>\n<h6> 2020-06-14 03:32:24 <\/h6>\n<p><!--\n<link rel=\"stylesheet\" href=\"css\/bootstrap.min.css\">\n\n\n<ul class=\"pagination\">\n\t    \n\t\n\n<li >\n\t<a href='?page_no=516'>Previous<\/a>\n\t<\/li>\n\n\n       \n    \n\n<li><a href='?page_no=1'>1<\/a><\/li>\n\n\n\n<li><a href='?page_no=2'>2<\/a><\/li>\n\n\n\n<li><a>...<\/a><\/li>\n\n\n\n<li><a href='?page_no=515'>515<\/a><\/li>\n\n\n\n<li><a href='?page_no=516'>516<\/a><\/li>\n\n\n\n<li class='active'><a>517<\/a><\/li>\n\n\n\n<li><a href='?page_no=518'>518<\/a><\/li>\n\n\n\n<li><a href='?page_no=519'>519<\/a><\/li>\n\n\n\n<li><a>...<\/a><\/li>\n\n\n\n<li><a href='?page_no=22911'>22911<\/a><\/li>\n\n\n\n<li><a href='?page_no=22912'>22912<\/a><\/li>\n\n    \n\t\n\n<li >\n\t<a href='?page_no=518'>Next<\/a>\n\t<\/li>\n\n\n    \n\n<li><a href='?page_no=22912'>Last &rsaquo;&rsaquo;<\/a><\/li>\n\n<\/ul>\n\n\n--><br \/>\n<\/body><\/p>\n","protected":false},"excerpt":{"rendered":"<p>Diariodominicano.com Aterriza en Constanza el avi\u00f3n que trajo a los primeros expedicionarios de la gesta del 14 de junio CONSTANZA, el 14 de junio de 1959, cuando la tarde ca\u00eda, aterriz\u00f3 en Constanza el avi\u00f3n Curtis C-46, que trajo a Rep\u00fablica Dominicana el primer grupo de 54 expedicionarios que ten\u00edan el prop\u00f3sito de llevar a [&hellip;]<\/p>\n","protected":false},"author":3,"featured_media":0,"comment_status":"open","ping_status":"open","sticky":false,"template":"","format":"standard","meta":{"footnotes":""},"categories":[21],"tags":[],"class_list":["post-52873","post","type-post","status-publish","format-standard","hentry","category-cultura"],"_links":{"self":[{"href":"https:\/\/diariodominicano.com\/index.php?rest_route=\/wp\/v2\/posts\/52873","targetHints":{"allow":["GET"]}}],"collection":[{"href":"https:\/\/diariodominicano.com\/index.php?rest_route=\/wp\/v2\/posts"}],"about":[{"href":"https:\/\/diariodominicano.com\/index.php?rest_route=\/wp\/v2\/types\/post"}],"author":[{"embeddable":true,"href":"https:\/\/diariodominicano.com\/index.php?rest_route=\/wp\/v2\/users\/3"}],"replies":[{"embeddable":true,"href":"https:\/\/diariodominicano.com\/index.php?rest_route=%2Fwp%2Fv2%2Fcomments&post=52873"}],"version-history":[{"count":0,"href":"https:\/\/diariodominicano.com\/index.php?rest_route=\/wp\/v2\/posts\/52873\/revisions"}],"wp:attachment":[{"href":"https:\/\/diariodominicano.com\/index.php?rest_route=%2Fwp%2Fv2%2Fmedia&parent=52873"}],"wp:term":[{"taxonomy":"category","embeddable":true,"href":"https:\/\/diariodominicano.com\/index.php?rest_route=%2Fwp%2Fv2%2Fcategories&post=52873"},{"taxonomy":"post_tag","embeddable":true,"href":"https:\/\/diariodominicano.com\/index.php?rest_route=%2Fwp%2Fv2%2Ftags&post=52873"}],"curies":[{"name":"wp","href":"https:\/\/api.w.org\/{rel}","templated":true}]}}