{"id":528701,"date":"2024-05-06T13:28:11","date_gmt":"2024-05-06T17:28:11","guid":{"rendered":"https:\/\/diariodominicano.com\/?p=528701"},"modified":"2024-05-06T13:33:48","modified_gmt":"2024-05-06T17:33:48","slug":"pn-captura-un-hombre-por-matar-otro-en-el-ensanche-espaillat-de-santiago","status":"publish","type":"post","link":"https:\/\/diariodominicano.com\/?p=528701","title":{"rendered":"PN captura un hombre por matar  otro en el Ensanche Espaillat  de Santiago"},"content":{"rendered":"\n<p>Archivo:<\/p>\n\n\n\n<p>Santiago de los Caballeros 6 de Mayo del 2024.- La Polic\u00eda Nacional inform\u00f3 el lunes   que un hombre fue capturado luego de haberle quitado la vida a otro, tras propinarle varios golpes contusos con un tubo a la cabeza, en medio de una acalorada discusi\u00f3n, hecho ocurrido la tarde del \u00a0s\u00e1bado 5 de abril de 2024. \u00a0<\/p>\n\n\n\n<p>Se trata de Eduardo Soriano Soriano, (a) \u00abCastillito\u00bb de 48 a\u00f1os, acusado de quitarle la vida a Alberto del Carmen Rivas de 58, ocasion\u00e1ndole trauma craneoencef\u00e1lico severo, precisa la informaci\u00f3n dada por la Direcci\u00f3n Regional Cibao Central, Polic\u00eda Nacional.<\/p>\n\n\n\n<p>De acuerdo a las investigaciones por parte de los agentes actuantes con relaci\u00f3n al caso, el victimario y el occiso sostuvieron una acalorada discusi\u00f3n que deriv\u00f3 en una pelea y posteriormente falleci\u00f3 Del Carmen Rivas.<\/p>\n\n\n\n<p>\u00abCastillito\u00bb al ser depurado en el  sistema policial, figura con varios registros por robo y sustancias controladas, el detenido  ser\u00e1 enviado al Ministerio P\u00fablico para los fines legales procedentes.<\/p>\n\n\n\n<p>policia nacional<\/p>\n\n\n\n<p><a target=\"_blank\" href=\"mailto:npolicia14@gmail.com\" rel=\"noreferrer noopener\">npolicia14@gmail.com<\/a><\/p>\n\n\n\n<p>OFICINA DE INFORMACI\u00d3N Y COMUNICACIONES ESTRATEGICAS DE LA POLICIA NACIONAL, DIRECCION REGIONA<\/p>\n","protected":false},"excerpt":{"rendered":"<p>Archivo: Santiago de los Caballeros 6 de Mayo del 2024.- La Polic\u00eda Nacional inform\u00f3 el lunes que un hombre fue capturado luego de haberle quitado la vida a otro, tras propinarle varios golpes contusos con un tubo a la cabeza, en medio de una acalorada discusi\u00f3n, hecho ocurrido la tarde del \u00a0s\u00e1bado 5 de abril [&hellip;]<\/p>\n","protected":false},"author":28,"featured_media":271338,"comment_status":"closed","ping_status":"closed","sticky":true,"template":"","format":"standard","meta":{"footnotes":""},"categories":[24,29,27],"tags":[],"class_list":["post-528701","post","type-post","status-publish","format-standard","has-post-thumbnail","hentry","category-justicia-y-derecho","category-policiasucesos","category-portada"],"_links":{"self":[{"href":"https:\/\/diariodominicano.com\/index.php?rest_route=\/wp\/v2\/posts\/528701","targetHints":{"allow":["GET"]}}],"collection":[{"href":"https:\/\/diariodominicano.com\/index.php?rest_route=\/wp\/v2\/posts"}],"about":[{"href":"https:\/\/diariodominicano.com\/index.php?rest_route=\/wp\/v2\/types\/post"}],"author":[{"embeddable":true,"href":"https:\/\/diariodominicano.com\/index.php?rest_route=\/wp\/v2\/users\/28"}],"replies":[{"embeddable":true,"href":"https:\/\/diariodominicano.com\/index.php?rest_route=%2Fwp%2Fv2%2Fcomments&post=528701"}],"version-history":[{"count":1,"href":"https:\/\/diariodominicano.com\/index.php?rest_route=\/wp\/v2\/posts\/528701\/revisions"}],"predecessor-version":[{"id":528702,"href":"https:\/\/diariodominicano.com\/index.php?rest_route=\/wp\/v2\/posts\/528701\/revisions\/528702"}],"wp:featuredmedia":[{"embeddable":true,"href":"https:\/\/diariodominicano.com\/index.php?rest_route=\/wp\/v2\/media\/271338"}],"wp:attachment":[{"href":"https:\/\/diariodominicano.com\/index.php?rest_route=%2Fwp%2Fv2%2Fmedia&parent=528701"}],"wp:term":[{"taxonomy":"category","embeddable":true,"href":"https:\/\/diariodominicano.com\/index.php?rest_route=%2Fwp%2Fv2%2Fcategories&post=528701"},{"taxonomy":"post_tag","embeddable":true,"href":"https:\/\/diariodominicano.com\/index.php?rest_route=%2Fwp%2Fv2%2Ftags&post=528701"}],"curies":[{"name":"wp","href":"https:\/\/api.w.org\/{rel}","templated":true}]}}