{"id":52862,"date":"2020-06-14T13:11:40","date_gmt":"2020-06-14T13:11:40","guid":{"rendered":"http:\/\/diariodominicano.ddns.net\/?p=52862"},"modified":"2020-06-14T13:11:40","modified_gmt":"2020-06-14T13:11:40","slug":"brunilda-sone-luchadora-antitrujillista-debemos-ensenar-nuestra-lealtad-y-compromiso-con-la-patria","status":"publish","type":"post","link":"https:\/\/diariodominicano.com\/?p=52862","title":{"rendered":"Brunilda So\u00f1\u00e9, luchadora antitrujillista debemos ense\u00f1ar nuestra lealtad y compromiso con la patria"},"content":{"rendered":"<p><body><\/p>\n<p><img decoding=\"async\" src=\"img3\/Brunil Sone14-6.jpg\" \/>  <\/p>\n<p><span class=\"text1noticias\">diariodominicano.com<\/span><\/p>\n<p><span class=\"text1noticias\"> <\/span><\/p>\n<p><span class=\"text1noticias\">Santo Domingo, R. D., 14 de junio, 2020.- La destacada luchadora antitrujillista, Brunilda So\u00f1\u00e9 en una carta al pa\u00eds con motivo de la conmemoraci\u00f3n del 61 aniversario de la gesta hist\u00f3rica del 14 de junio dijo que debemos ense\u00f1ar nuestra lealtad y compromiso con la patria.<\/span><\/p>\n<p><span class=\"text1noticias\"> <\/span><\/p>\n<p><span class=\"text1noticias\">En la misiva, le\u00edda por Carlos S\u00e1nchez, secretario general de la Alianza por la Democracia (APD), frente al pante\u00f3n donde reposan los restos mortales de los expedicionarios del 14 junio, Brunilda le pide al pueblo dominicano no olvidar el sacrificio de aquellos hombres que lo dieron todo por la patria y un mejor futuro para los dominicanos.<\/span><\/p>\n<p><span class=\"text1noticias\"> <\/span><\/p>\n<p><span class=\"text1noticias\">Brunilda, quien fuera esposa de Jos\u00e9 (Chepito) Pati\u00f1o, estuvo involucrada en los preparativos de la gesta gloriosa del 14 de junio junto a los combatientes que resid\u00edan en Venezuela.  Luego form\u00f3 parte del frente de mujeres que lucharon contra la dictadura del r\u00e9gimen de Trujillo. En la actualidad es la Presidenta de Honor de la Alianza por la Democracia, partido encabezado por el doctor Max Puig. <\/span><\/p>\n<p><span class=\"text1noticias\"> <\/span><\/p>\n<p><span class=\"text1noticias\">\u00a8Quisiera, en este momento pedir a nuestro pueblo en general, pero sobre todo a la juventud, que recordemos que no hay nada m\u00e1s esencial para un pa\u00eds y su futuro que una juventud preparada y conocedora de su historia. En tiempos de crisis, como ahora, es cuando debemos ense\u00f1ar nuestra lealtad y compromiso con la patria. No debemos permitir que compren nuestras conciencias con dadivas, ni dejar que pisoteen nuestra dignidad e identidad\u00a8, dice la carta.<\/span><\/p>\n<\/p>\n<p><span class=\"text1noticias\">Agrega \u00a8aquellos que se satisfacen ofreciendo regalos, dinero y promesas pisoteando a un pueblo vulnerable para conseguir r\u00e9ditos electorales, se burlan de la ignorancia, de la miseria y de la falta de educaci\u00f3n de un pueblo que ellos mismos crearon y ahora condenan a la peor de las miserias\u00a8, refiri\u00e9ndose al momento que est\u00e1 viviendo el pa\u00eds con el proceso electoral. <\/span><\/p>\n<\/p>\n<p><span class=\"text1noticias\">En su carta recuerda \u00a8sabemos como se han llenado los bolsillos a costa de nuestro trabajo, de nuestras pensiones, de la sanidad, de la educaci\u00f3n y nuestros m\u00e1s importantes recursos naturales. <\/span><\/p>\n<\/p>\n<p><span class=\"text1noticias\">Todo lo que por ley nos pertenece pues nosotros somos el soporte del pa\u00eds y porque pagamos impuestos. Ojal\u00e1 que todo esto sirva de reflexi\u00f3n. Y les dejo un refr\u00e1n: \u00a8un pueblo que no conoce su historia, est\u00e1 condenado a repetirla\u00a8. <\/span><\/p>\n<p><span class=\"text1noticias\"> <\/span><\/p>\n<p><span class=\"text1noticias\">Fuente: Vi<\/span>ctor Aponte<\/p>\n<p><span class=\"text1noticias\">Santo Domingo <\/span><\/p>\n<p><span class=\"text1noticias\">14 de junio de 2020<\/span><\/p>\n<h6> 2020-06-14 13:11:40 <\/h6>\n<p><!--\n<link rel=\"stylesheet\" href=\"css\/bootstrap.min.css\">\n\n\n<ul class=\"pagination\">\n\t    \n\t\n\n<li >\n\t<a href='?page_no=515'>Previous<\/a>\n\t<\/li>\n\n\n       \n    \n\n<li><a href='?page_no=1'>1<\/a><\/li>\n\n\n\n<li><a href='?page_no=2'>2<\/a><\/li>\n\n\n\n<li><a>...<\/a><\/li>\n\n\n\n<li><a href='?page_no=514'>514<\/a><\/li>\n\n\n\n<li><a href='?page_no=515'>515<\/a><\/li>\n\n\n\n<li class='active'><a>516<\/a><\/li>\n\n\n\n<li><a href='?page_no=517'>517<\/a><\/li>\n\n\n\n<li><a href='?page_no=518'>518<\/a><\/li>\n\n\n\n<li><a>...<\/a><\/li>\n\n\n\n<li><a href='?page_no=22911'>22911<\/a><\/li>\n\n\n\n<li><a href='?page_no=22912'>22912<\/a><\/li>\n\n    \n\t\n\n<li >\n\t<a href='?page_no=517'>Next<\/a>\n\t<\/li>\n\n\n    \n\n<li><a href='?page_no=22912'>Last &rsaquo;&rsaquo;<\/a><\/li>\n\n<\/ul>\n\n\n--><br \/>\n<\/body><\/p>\n","protected":false},"excerpt":{"rendered":"<p>diariodominicano.com Santo Domingo, R. D., 14 de junio, 2020.- La destacada luchadora antitrujillista, Brunilda So\u00f1\u00e9 en una carta al pa\u00eds con motivo de la conmemoraci\u00f3n del 61 aniversario de la gesta hist\u00f3rica del 14 de junio dijo que debemos ense\u00f1ar nuestra lealtad y compromiso con la patria. En la misiva, le\u00edda por Carlos S\u00e1nchez, secretario [&hellip;]<\/p>\n","protected":false},"author":3,"featured_media":0,"comment_status":"open","ping_status":"open","sticky":false,"template":"","format":"standard","meta":{"footnotes":""},"categories":[21],"tags":[],"class_list":["post-52862","post","type-post","status-publish","format-standard","hentry","category-cultura"],"_links":{"self":[{"href":"https:\/\/diariodominicano.com\/index.php?rest_route=\/wp\/v2\/posts\/52862","targetHints":{"allow":["GET"]}}],"collection":[{"href":"https:\/\/diariodominicano.com\/index.php?rest_route=\/wp\/v2\/posts"}],"about":[{"href":"https:\/\/diariodominicano.com\/index.php?rest_route=\/wp\/v2\/types\/post"}],"author":[{"embeddable":true,"href":"https:\/\/diariodominicano.com\/index.php?rest_route=\/wp\/v2\/users\/3"}],"replies":[{"embeddable":true,"href":"https:\/\/diariodominicano.com\/index.php?rest_route=%2Fwp%2Fv2%2Fcomments&post=52862"}],"version-history":[{"count":0,"href":"https:\/\/diariodominicano.com\/index.php?rest_route=\/wp\/v2\/posts\/52862\/revisions"}],"wp:attachment":[{"href":"https:\/\/diariodominicano.com\/index.php?rest_route=%2Fwp%2Fv2%2Fmedia&parent=52862"}],"wp:term":[{"taxonomy":"category","embeddable":true,"href":"https:\/\/diariodominicano.com\/index.php?rest_route=%2Fwp%2Fv2%2Fcategories&post=52862"},{"taxonomy":"post_tag","embeddable":true,"href":"https:\/\/diariodominicano.com\/index.php?rest_route=%2Fwp%2Fv2%2Ftags&post=52862"}],"curies":[{"name":"wp","href":"https:\/\/api.w.org\/{rel}","templated":true}]}}