{"id":528598,"date":"2024-05-05T20:36:09","date_gmt":"2024-05-06T00:36:09","guid":{"rendered":"https:\/\/diariodominicano.com\/?p=528598"},"modified":"2024-05-05T20:36:11","modified_gmt":"2024-05-06T00:36:11","slug":"xinhua-y-afp-organizan-exposicion-fotografica-para-conmemorar-60-aniversario-de-lazos-china-francia","status":"publish","type":"post","link":"https:\/\/diariodominicano.com\/?p=528598","title":{"rendered":"Xinhua y AFP organizan exposici\u00f3n fotogr\u00e1fica para conmemorar 60\u00b0 aniversario de lazos China-Francia"},"content":{"rendered":"\n<p><em>spanish.news.cn<\/em>|<em>&nbsp;2024-05-05 01:12:00<\/em>|<\/p>\n\n\n\n<p>El presidente de la Agencia de Noticias Xinhua, Fu Hua, y el presidente y director general de la Agencia France-Presse (AFP), Fabrice Fries, inauguran conjuntamente una exposici\u00f3n fotogr\u00e1fica para conmemorar el 60\u00b0 aniversario del establecimiento de relaciones diplom\u00e1ticas China-Francia, en Par\u00eds, Francia, el 4 de mayo de 2024. (Xinhua\/Meng Dingbo)<\/p>\n\n\n\n<p>PAR\u00cdS, 4 may (Xinhua) &#8212; Los jefes de la Agencia de Noticias Xinhua y de la Agencia France-Presse (AFP) inauguraron conjuntamente hoy s\u00e1bado en Par\u00eds una exposici\u00f3n fotogr\u00e1fica para conmemorar el 60\u00b0 aniversario del establecimiento de relaciones diplom\u00e1ticas China-Francia.<\/p>\n\n\n\n<p>La exposici\u00f3n, copatrocinada por las dos agencias de noticias, consta de cuatro partes: el prefacio, un paradigma cada vez m\u00e1s maduro de relaciones de Estado, un futuro brillante para las relaciones China-Francia en la nueva era, y la conclusi\u00f3n.<\/p>\n\n\n\n<p>Exhibe 60 fotograf\u00edas que representan los preciosos momentos e historias de los intercambios pol\u00edticos, la cooperaci\u00f3n econ\u00f3mica y los intercambios entre personas y culturales entre los dos pa\u00edses en las \u00faltimas seis d\u00e9cadas.<\/p>\n\n\n\n<p>El presidente de Xinhua, Fu Hua, dijo que la exposici\u00f3n muestra la cronolog\u00eda de los intercambios amistosos entre los dos pa\u00edses durante los \u00faltimos 60 a\u00f1os y los momentos memorables que los han acompa\u00f1ado.<\/p>\n\n\n\n<p>Tambi\u00e9n demuestra plenamente el \u00abesp\u00edritu China-Francia\u00bb, caracterizado por la independencia, la comprensi\u00f3n mutua, la previsi\u00f3n, el beneficio mutuo y la cooperaci\u00f3n de ganancia compartida, a\u00f1adi\u00f3 Fu.<\/p>\n\n\n\n<p>Expres\u00f3 su esperanza de que las dos agencias puedan aprovechar esta oportunidad para fortalecer la cooperaci\u00f3n pragm\u00e1tica y seguir contribuyendo proactivamente al desarrollo de las relaciones China-Francia.<\/p>\n\n\n\n<p>El presidente y director general de AFP, Fabrice Fries, dijo que es un honor copatrocinar la exposici\u00f3n fotogr\u00e1fica con Xinhua, y que AFP est\u00e1 dispuesta a explorar nuevas \u00e1reas de cooperaci\u00f3n potenciales con Xinhua y aumentar su cobertura de China en diversos campos.&nbsp;<\/p>\n\n\n\n<figure class=\"wp-block-image\"><img decoding=\"async\" src=\"https:\/\/spanish.xinhuanet.com\/20240505\/c938bb665d3c41e4ace84e2c654c4231\/fbacf844eb794bb98c25ad63d0943db2.jpg\" alt=\"\"\/><\/figure>\n\n\n\n<p>Personas visitan una exposici\u00f3n fotogr\u00e1fica para conmemorar el 60\u00b0 aniversario del establecimiento de relaciones diplom\u00e1ticas China-Francia, en Par\u00eds, Francia, el 4 de mayo de 2024. La exposici\u00f3n fotogr\u00e1fica fue inaugurada aqu\u00ed el s\u00e1bado. (Xinhua\/Lian Yi)&nbsp;<\/p>\n\n\n\n<figure class=\"wp-block-image\"><img decoding=\"async\" src=\"https:\/\/spanish.xinhuanet.com\/20240505\/c938bb665d3c41e4ace84e2c654c4231\/853ab115e3c34cff84a067be023e1ab7.jpg\" alt=\"\"\/><\/figure>\n\n\n\n<p>Una visitante toma fotograf\u00edas en una exposici\u00f3n fotogr\u00e1fica para conmemorar el 60\u00b0 aniversario del establecimiento de relaciones diplom\u00e1ticas China-Francia, en Par\u00eds, Francia, el 4 de mayo de 2024. La exposici\u00f3n fotogr\u00e1fica fue inaugurada aqu\u00ed el s\u00e1bado. (Xinhua\/Lian Yi)<\/p>\n\n\n\n<p><a href=\"https:\/\/www.facebook.com\/sharer\/sharer.php?u=https:\/\/spanish.xinhuanet.com\/20240505\/c938bb665d3c41e4ace84e2c654c4231\/c.html\" target=\"_blank\" rel=\"noreferrer noopener\"><\/a>&nbsp;<a href=\"https:\/\/twitter.com\/intent\/tweet?text=%0A%20%20%20%20%20%20%20%20%20%20%20%20%20%20%20%20%20%20%20%20Xinhua%20y%20AFP%20organizan%20exposici%C3%B3n%20fotogr%C3%A1fica%20para%20conmemorar%2060%C2%B0%20aniversario%20de%20lazos%20China-Francia%0A%20%20%20%20%20%20%20%20%20%20%20%20%20%20%20%20&amp;url=https:\/\/spanish.xinhuanet.com\/20240505\/c938bb665d3c41e4ace84e2c654c4231\/c.html\" target=\"_blank\" rel=\"noreferrer noopener\"><\/a>&nbsp;<a target=\"_blank\" href=\"https:\/\/service.weibo.com\/share\/share.php?title=%0A%20%20%20%20%20%20%20%20%20%20%20%20%20%20%20%20%20%20%20%20Xinhua%20y%20AFP%20organizan%20exposici%C3%B3n%20fotogr%C3%A1fica%20para%20conmemorar%2060%C2%B0%20aniversario%20de%20lazos%20China-Francia%0A%20%20%20%20%20%20%20%20%20%20%20%20%20%20%20%20&amp;url=https:\/\/spanish.xinhuanet.com\/20240505\/c938bb665d3c41e4ace84e2c654c4231\/c.html\" rel=\"noreferrer noopener\"><\/a>&nbsp;<a><\/a><\/p>\n\n\n\n<figure class=\"wp-block-image\"><img decoding=\"async\" src=\"https:\/\/imgs.news.cn\/res\/xhwimg\/spanish\/20170522\/img\/jc-xfa.png\" alt=\"\"\/><\/figure>\n","protected":false},"excerpt":{"rendered":"<p>spanish.news.cn|&nbsp;2024-05-05 01:12:00| El presidente de la Agencia de Noticias Xinhua, Fu Hua, y el presidente y director general de la Agencia France-Presse (AFP), Fabrice Fries, inauguran conjuntamente una exposici\u00f3n fotogr\u00e1fica para conmemorar el 60\u00b0 aniversario del establecimiento de relaciones diplom\u00e1ticas China-Francia, en Par\u00eds, Francia, el 4 de mayo de 2024. (Xinhua\/Meng Dingbo) PAR\u00cdS, 4 may [&hellip;]<\/p>\n","protected":false},"author":28,"featured_media":528599,"comment_status":"closed","ping_status":"closed","sticky":false,"template":"","format":"standard","meta":{"footnotes":""},"categories":[36,26],"tags":[],"class_list":["post-528598","post","type-post","status-publish","format-standard","has-post-thumbnail","hentry","category-hombresmujeresycosas","category-efemerides"],"_links":{"self":[{"href":"https:\/\/diariodominicano.com\/index.php?rest_route=\/wp\/v2\/posts\/528598","targetHints":{"allow":["GET"]}}],"collection":[{"href":"https:\/\/diariodominicano.com\/index.php?rest_route=\/wp\/v2\/posts"}],"about":[{"href":"https:\/\/diariodominicano.com\/index.php?rest_route=\/wp\/v2\/types\/post"}],"author":[{"embeddable":true,"href":"https:\/\/diariodominicano.com\/index.php?rest_route=\/wp\/v2\/users\/28"}],"replies":[{"embeddable":true,"href":"https:\/\/diariodominicano.com\/index.php?rest_route=%2Fwp%2Fv2%2Fcomments&post=528598"}],"version-history":[{"count":1,"href":"https:\/\/diariodominicano.com\/index.php?rest_route=\/wp\/v2\/posts\/528598\/revisions"}],"predecessor-version":[{"id":528600,"href":"https:\/\/diariodominicano.com\/index.php?rest_route=\/wp\/v2\/posts\/528598\/revisions\/528600"}],"wp:featuredmedia":[{"embeddable":true,"href":"https:\/\/diariodominicano.com\/index.php?rest_route=\/wp\/v2\/media\/528599"}],"wp:attachment":[{"href":"https:\/\/diariodominicano.com\/index.php?rest_route=%2Fwp%2Fv2%2Fmedia&parent=528598"}],"wp:term":[{"taxonomy":"category","embeddable":true,"href":"https:\/\/diariodominicano.com\/index.php?rest_route=%2Fwp%2Fv2%2Fcategories&post=528598"},{"taxonomy":"post_tag","embeddable":true,"href":"https:\/\/diariodominicano.com\/index.php?rest_route=%2Fwp%2Fv2%2Ftags&post=528598"}],"curies":[{"name":"wp","href":"https:\/\/api.w.org\/{rel}","templated":true}]}}