{"id":528582,"date":"2024-05-05T20:15:06","date_gmt":"2024-05-06T00:15:06","guid":{"rendered":"https:\/\/diariodominicano.com\/?p=528582"},"modified":"2024-05-05T20:15:09","modified_gmt":"2024-05-06T00:15:09","slug":"pensamiento-y-arte-en-romerias-de-mayo-de-cuba","status":"publish","type":"post","link":"https:\/\/diariodominicano.com\/?p=528582","title":{"rendered":"Pensamiento y arte en Romer\u00edas de Mayo de Cuba"},"content":{"rendered":"\n<p>Holgu\u00edn, Cuba, 6 may (Prensa Latina) El panel Comunicaci\u00f3n pol\u00edtica, redes sociales e inteligencia artificial en el escenario medi\u00e1tico actual dentro de las Romer\u00edas de Mayo sobresale hoy aqu\u00ed en el programa de la quinta jornada del Festival Mundial de Juventudes Art\u00edsticas.<\/p>\n\n\n\n<ul class=\"wp-block-list\">\n<li><a href=\"https:\/\/www.prensa-latina.cu\/2024\/05\/05\/\"><time>mayo 5, 2024 | 18:49<\/time><\/a><\/li>\n<\/ul>\n\n\n\n<p>La periodista e investigadora de la comunicaci\u00f3n digital, Dayl\u00e9n Vega adelant\u00f3 a Prensa Latina que expondr\u00e1 una mirada al escenario comunicacional en el que nos encontramos y c\u00f3mo las transformaciones tecnol\u00f3gicas inciden en el desarrollo social.<\/p>\n\n\n\n<p>Indic\u00f3 que dialogar\u00e1 sobre fake news y las tendencias populistas, comerciales y especulativas de la informaci\u00f3n que circula en Internet.<\/p>\n\n\n\n<p>El panel -a\u00f1adi\u00f3- abordar\u00e1 c\u00f3mo los ecosistemas comunicacionales se modifican a partir del exceso de est\u00edmulos que provienen del uso de las plataformas digitales.<\/p>\n\n\n\n<p>Asistimos a la era de la transformaci\u00f3n y progreso tecnol\u00f3gico y comunicacional; y puede que no estemos preparados, puntualiz\u00f3.<\/p>\n\n\n\n<p>Dentro de las acciones planificadas destaca adem\u00e1s el taller de fotograf\u00eda impartido por el relevante fot\u00f3grafo cubano Julio Larramendi, como parte del evento de artes pl\u00e1sticas Babel.<\/p>\n\n\n\n<p>A esto se suman los de la Escuela Cubana de Whusu, Qigon de salud sobre Tajiquan y otras disciplinas de las artes marciales chinas.<\/p>\n\n\n\n<p>Por otro lado, el trovador cubano Eduardo Sosa, anfitri\u00f3n del evento Destrabando la Trova entrevistar\u00e1 a Carlos Lage, en una tarde de buena m\u00fasica, que ha sido amenizada tambi\u00e9n en Romer\u00edas de Mayo por otros importantes exponentes del g\u00e9nero como Nelson Vald\u00e9s, Roly Berr\u00edo y Nolberto Leyva.<\/p>\n\n\n\n<p>La C\u00e1mara Azul clausura con un conversatorio para revisitar el cl\u00e1sico del cine cubano Fresa y chocolate, con la presencia del relevante actor Jorge Perrugorr\u00eda y la proyecci\u00f3n del filme La mujer salvaje, del director Alan Gonz\u00e1lez, multipremiada en la 33 edici\u00f3n del Festival de Cine Cear\u00e1, en Brasil.<\/p>\n\n\n\n<p>La danza llega hasta los paisajes urbanos en los pasos de las compa\u00f1\u00edas Danza Camerino de la oriental provincia de Guant\u00e1namo, el Ballet Folcl\u00f3rico de Oriente (Santiago de Cuba) y Codanza, junto a la Escuela Elemental de Arte de la provincia sede.<\/p>\n\n\n\n<p>Adem\u00e1s las casas editoras Sed de Belleza, Ediciones Matanzas y Capiro presentar\u00e1n sus m\u00e1s recientes t\u00edtulos y la Asociaci\u00f3n Hermanos Sa\u00edz de la occidental provincia de Pinar del R\u00edo sus revistas La gaveta y Puntal y continuar\u00e1n las lecturas de poes\u00eda.<\/p>\n\n\n\n<p>Asimismo tendr\u00e1 lugar un espect\u00e1culo variado dedicado a la pr\u00e1ctica cultural del son: patrimonio cultural inmaterial de Cuba, protagonizado por el movimiento de artistas aficionados del municipio holguinero de Mayar\u00ed.<\/p>\n\n\n\n<p>Por su parte el Centro Promotor del Humor ofrece una funci\u00f3n en el Teatro Eddy Su\u00f1ol con el grupo Etc\u00e9tera, y los humoristas Michel Pent\u00f3n y Riquimbili como invitados.<\/p>\n\n\n\n<p>Las Romer\u00edas de Mayo, evento organizado por la Asociaci\u00f3n Hermanos Sa\u00edz re\u00fane cada a\u00f1o en mayo una muestra de lo m\u00e1s representativo de la cultura y el arte joven nacional e internacionl,<\/p>\n\n\n\n<p>mem\/ale\/ebe<\/p>\n","protected":false},"excerpt":{"rendered":"<p>Holgu\u00edn, Cuba, 6 may (Prensa Latina) El panel Comunicaci\u00f3n pol\u00edtica, redes sociales e inteligencia artificial en el escenario medi\u00e1tico actual dentro de las Romer\u00edas de Mayo sobresale hoy aqu\u00ed en el programa de la quinta jornada del Festival Mundial de Juventudes Art\u00edsticas. La periodista e investigadora de la comunicaci\u00f3n digital, Dayl\u00e9n Vega adelant\u00f3 a Prensa [&hellip;]<\/p>\n","protected":false},"author":28,"featured_media":528583,"comment_status":"closed","ping_status":"closed","sticky":false,"template":"","format":"standard","meta":{"footnotes":""},"categories":[21,25],"tags":[],"class_list":["post-528582","post","type-post","status-publish","format-standard","has-post-thumbnail","hentry","category-cultura","category-gente"],"_links":{"self":[{"href":"https:\/\/diariodominicano.com\/index.php?rest_route=\/wp\/v2\/posts\/528582","targetHints":{"allow":["GET"]}}],"collection":[{"href":"https:\/\/diariodominicano.com\/index.php?rest_route=\/wp\/v2\/posts"}],"about":[{"href":"https:\/\/diariodominicano.com\/index.php?rest_route=\/wp\/v2\/types\/post"}],"author":[{"embeddable":true,"href":"https:\/\/diariodominicano.com\/index.php?rest_route=\/wp\/v2\/users\/28"}],"replies":[{"embeddable":true,"href":"https:\/\/diariodominicano.com\/index.php?rest_route=%2Fwp%2Fv2%2Fcomments&post=528582"}],"version-history":[{"count":1,"href":"https:\/\/diariodominicano.com\/index.php?rest_route=\/wp\/v2\/posts\/528582\/revisions"}],"predecessor-version":[{"id":528584,"href":"https:\/\/diariodominicano.com\/index.php?rest_route=\/wp\/v2\/posts\/528582\/revisions\/528584"}],"wp:featuredmedia":[{"embeddable":true,"href":"https:\/\/diariodominicano.com\/index.php?rest_route=\/wp\/v2\/media\/528583"}],"wp:attachment":[{"href":"https:\/\/diariodominicano.com\/index.php?rest_route=%2Fwp%2Fv2%2Fmedia&parent=528582"}],"wp:term":[{"taxonomy":"category","embeddable":true,"href":"https:\/\/diariodominicano.com\/index.php?rest_route=%2Fwp%2Fv2%2Fcategories&post=528582"},{"taxonomy":"post_tag","embeddable":true,"href":"https:\/\/diariodominicano.com\/index.php?rest_route=%2Fwp%2Fv2%2Ftags&post=528582"}],"curies":[{"name":"wp","href":"https:\/\/api.w.org\/{rel}","templated":true}]}}