{"id":528429,"date":"2024-05-05T08:02:09","date_gmt":"2024-05-05T12:02:09","guid":{"rendered":"https:\/\/diariodominicano.com\/?p=528429"},"modified":"2024-05-05T08:05:11","modified_gmt":"2024-05-05T12:05:11","slug":"la-santa-cruz-protectora-de-albaniles-de-las-y-los-trabajadores-del-ramo-de-la-construccion-2","status":"publish","type":"post","link":"https:\/\/diariodominicano.com\/?p=528429","title":{"rendered":"La santa cruz protectora de alba\u00f1iles, de las y los trabajadores del ramo de la\u00a0 construcci\u00f3n"},"content":{"rendered":"\n<p><strong>Por Araceli Aguilar Salgado<\/strong><\/p>\n\n\n\n<p><strong><em>\u00abLa Cruz es el&nbsp;camino del amor, de la victoria es la llave que abre los cielos y protectora de los alba\u00f1iles y trabajadores de ramo de la construcci\u00f3n.\u00bb<\/em><\/strong><\/p>\n\n\n\n<figure class=\"wp-block-image size-large\"><img loading=\"lazy\" decoding=\"async\" width=\"1024\" height=\"640\" src=\"https:\/\/diariodominicano.com\/wp-content\/uploads\/2024\/05\/CRUZ-5-1-1024x640.jpg\" alt=\"\" class=\"wp-image-528432\" srcset=\"https:\/\/diariodominicano.com\/wp-content\/uploads\/2024\/05\/CRUZ-5-1-1024x640.jpg 1024w, https:\/\/diariodominicano.com\/wp-content\/uploads\/2024\/05\/CRUZ-5-1-300x188.jpg 300w, https:\/\/diariodominicano.com\/wp-content\/uploads\/2024\/05\/CRUZ-5-1-768x480.jpg 768w, https:\/\/diariodominicano.com\/wp-content\/uploads\/2024\/05\/CRUZ-5-1-816x510.jpg 816w, https:\/\/diariodominicano.com\/wp-content\/uploads\/2024\/05\/CRUZ-5-1.jpg 1200w\" sizes=\"auto, (max-width: 1024px) 100vw, 1024px\" \/><\/figure>\n\n\n\n<p>El d\u00eda 03 de mayo se conmemora en M\u00e9xico, Espa\u00f1a, Chile, Ecuador, El Salvador, Guatemala Paraguay, Per\u00fa, Trinidad y Tobago, Argentina, Colombia y Venezuela el d\u00eda de la Santa Cruz o el d\u00eda del alba\u00f1il y para celebrar se adorna cruces con flores de colores y se realizan bailes, c\u00e1nticos y procesiones.<\/p>\n\n\n\n<p>En sus inicios, la celebraci\u00f3n estaba estrechamente ligada a los rituales romanos conocidos como \u00abLemuria\u00bb, los cuales se llevaban a cabo para honrar y apaciguar a los esp\u00edritus de los muertos.<\/p>\n\n\n\n<p>El origen de esta celebridad se remonta al a\u00f1o 326 D.C. el siglo IV, que de acuerdo a la historia Constantino ten\u00eda que enfrentar una terrible batalla contra el perseguidor Majencio.<\/p>\n\n\n\n<p>La noche anterior, tuvo un sue\u00f1o en el cual vio una cruz luminosa en los aires y escuch\u00f3 una voz que le dijo \u201ccon este signo vencer\u00e1s\u201d.<\/p>\n\n\n\n<p>Al empezar la batalla, la mand\u00f3 a colocar en varias banderas de los batallones y exclam\u00f3: \u00a1conf\u00edo en Cristo en quien cree mi madre Elena!<\/p>\n\n\n\n<p>La victoria fue total, Constantino lleg\u00f3 a ser emperador y dio libertad a los cristianos.<\/p>\n\n\n\n<figure class=\"wp-block-image size-large\"><img loading=\"lazy\" decoding=\"async\" width=\"1024\" height=\"683\" src=\"https:\/\/diariodominicano.com\/wp-content\/uploads\/2024\/05\/cruz-3-1-1024x683.jpg\" alt=\"\" class=\"wp-image-528434\" srcset=\"https:\/\/diariodominicano.com\/wp-content\/uploads\/2024\/05\/cruz-3-1-1024x683.jpg 1024w, https:\/\/diariodominicano.com\/wp-content\/uploads\/2024\/05\/cruz-3-1-300x200.jpg 300w, https:\/\/diariodominicano.com\/wp-content\/uploads\/2024\/05\/cruz-3-1-768x512.jpg 768w, https:\/\/diariodominicano.com\/wp-content\/uploads\/2024\/05\/cruz-3-1-816x544.jpg 816w, https:\/\/diariodominicano.com\/wp-content\/uploads\/2024\/05\/cruz-3-1.jpg 1404w\" sizes=\"auto, (max-width: 1024px) 100vw, 1024px\" \/><\/figure>\n\n\n\n<p>La historia narra que Santa Elena, madre del emperador, pidi\u00f3 permiso a su hijo y fue a Jerusal\u00e9n a buscar la Santa Cruz en la que Cristo muri\u00f3.&nbsp;Despu\u00e9s de muchas excavaciones encontr\u00f3 tres cruces y no sab\u00edan c\u00f3mo distinguir cu\u00e1l era de Jes\u00fas.<\/p>\n\n\n\n<p>Es as\u00ed que llevaron a una mujer agonizante, quien al tocar la primera cruz se agrav\u00f3 m\u00e1s con su enfermedad. En la segunda cruz, la enferma se mantuvo igual, pero al tocar el tercer madero, recuper\u00f3 la salud.<\/p>\n\n\n\n<p>Santa Elena con el Obispo y los fieles llevaron esta cruz en procesi\u00f3n por las calles de Jerusal\u00e9n. En el camino hab\u00eda una mujer viuda que llevaba a enterrar a su hijo. Al acercar al fallecido a esta Cruz, este resucit\u00f3.<\/p>\n\n\n\n<p>De esta manera, por varios siglos se celebr\u00f3 en Jerusal\u00e9n y en muchos pueblos del mundo como&nbsp;la fiesta del hallazgo de la Santa Cruz.<\/p>\n\n\n\n<p>El 3 de mayo&nbsp;tambi\u00e9n se celebra el&nbsp;D\u00eda del Alba\u00f1il&nbsp;debido a que cuando Santa Elena, esposa de Constancio, fue a buscar la Santa Cruz en la que Cristo muri\u00f3, pidi\u00f3 a su esposo la autorizaci\u00f3n para demoler el templo dedicado a uno de los dioses romanos, construido sobre el monte Calvario, pues estaba segura de encontrar la reliquia bajo el gran templo.<\/p>\n\n\n\n<p>Para ello moviliz\u00f3 a varios&nbsp;alba\u00f1iles, quienes precisamente un 3 de mayo,&nbsp;hallaron bajo los escombros tres cruces.<\/p>\n\n\n\n<p>Santa Elena dedujo que una correspond\u00eda a Cristo y las otras a los ladrones crucificados a su lado: Dimas y Gestas.<\/p>\n\n\n\n<p>En&nbsp;M\u00e9xico, adquiri\u00f3 gran relevancia a partir del a\u00f1o 1514 cuando se construy\u00f3 la primera capilla dedicada a la Santa Cruz en el cerro de Tepeyac en la ciudad de M\u00e9xico y partir de ah\u00ed cada 3 de mayo se celebra el d\u00eda de la santa cruz misma que est\u00e1 relacionada con los alba\u00f1iles y trabajadores del ramo de la construcci\u00f3n ya ellos fueron los que levantaron y edificaron la capilla de Tepeyac y en la d\u00e9cada de 1950, cuando se estableci\u00f3 en dicho pa\u00eds la Uni\u00f3n Nacional de Obreros y Trabajadores de la Construcci\u00f3n, organizaci\u00f3n se encarg\u00f3 de promover los derechos y las garant\u00edas laborales de los alba\u00f1iles y otros trabajadores de la construcci\u00f3n y desde entonces, se reconoce la labor de estos trabajadores cada 3 de mayo.<\/p>\n\n\n\n<p>El trabajo del alba\u00f1il es fundamental en la construcci\u00f3n de casas, edificios y otras estructuras, y su labor toma gran importancia teniendo en cuenta que se requiere de habilidades y conocimientos t\u00e9cnicos para garantizar la seguridad y la estabilidad de las edificaciones.<\/p>\n\n\n\n<figure class=\"wp-block-image size-full\"><img loading=\"lazy\" decoding=\"async\" width=\"1000\" height=\"561\" src=\"https:\/\/diariodominicano.com\/wp-content\/uploads\/2024\/05\/cruz-4-1.jpg\" alt=\"\" class=\"wp-image-528435\" srcset=\"https:\/\/diariodominicano.com\/wp-content\/uploads\/2024\/05\/cruz-4-1.jpg 1000w, https:\/\/diariodominicano.com\/wp-content\/uploads\/2024\/05\/cruz-4-1-300x168.jpg 300w, https:\/\/diariodominicano.com\/wp-content\/uploads\/2024\/05\/cruz-4-1-768x431.jpg 768w, https:\/\/diariodominicano.com\/wp-content\/uploads\/2024\/05\/cruz-4-1-816x458.jpg 816w\" sizes=\"auto, (max-width: 1000px) 100vw, 1000px\" \/><\/figure>\n\n\n\n<p>En este sentido, con el objetivo de reconocer el rol de los alba\u00f1iles y los trabajadores del ramo de la construcci\u00f3n hoy se les &nbsp;dedican a honrar su labor por lo que acostumbran a conmemorar esta fecha y a poner una cruz de madera con adornos, listones de colores, flores en las construcciones esta cruz es bendecida&nbsp; en una misa con el fin de pedir a la Santa Cruz que&nbsp;no sufran accidentes o ca\u00eddas durante su trabajo, de igual manera tambi\u00e9n llevan a cabo rituales para la bendici\u00f3n de sus herramientas de trabajo<\/p>\n\n\n\n<p>Este d\u00eda es una fecha en la que se celebra y reconoce el trabajo duro y esencial de los&nbsp;alba\u00f1iles&nbsp;en la construcci\u00f3n. Aunque la fecha var\u00eda seg\u00fan el pa\u00eds, suele ser el 3 de mayo.<\/p>\n\n\n\n<p>Durante este d\u00eda, se les agradece y homenajea por su&nbsp;contribuci\u00f3n al progreso&nbsp;y desarrollo de la sociedad.<\/p>\n\n\n\n<p>No es coincidencia que se celebre el mismo d\u00eda que el&nbsp;D\u00eda de la Santa Cruz, pues esta \u00faltima tambi\u00e9n conmemora la invenci\u00f3n de la Vera Cruz, la cual se cree que fue la cruz en que&nbsp;Jesucristo&nbsp;fue&nbsp;crucificado, seg\u00fan la tradici\u00f3n.<\/p>\n\n\n\n<p>En este sentido, para los alba\u00f1iles, esta celebraci\u00f3n tiene un significado especial debido a la naturaleza de su trabajo. La cruz es un componente esencial en la&nbsp;construcci\u00f3n, utilizada para dar soporte a las&nbsp;estructuras&nbsp;y asegurar su estabilidad.<\/p>\n\n\n\n<p>Por lo tanto, la conexi\u00f3n entre ambas&nbsp;celebraciones&nbsp;es evidente, ya que se reconoce la importancia de su labor en el desarrollo y crecimiento de las comunidades y se aprovecha la ocasi\u00f3n para convivir y fortalecer los lazos de uni\u00f3n de camarader\u00eda con los compa\u00f1eros celebrando el valor, esfuerzo del trabajo, colaboraci\u00f3n y respeto.<\/p>\n\n\n\n<p>Hoy es una ocasi\u00f3n para honrar la dedicaci\u00f3n, el esfuerzo f\u00edsico y la pericia t\u00e9cnica que caracterizan a los alba\u00f1iles y a los trabajadores del ramo de la construcci\u00f3n, su labor, a menudo subestimada, m\u00e1s es fundamental para el desarrollo de nuestras comunidades, pues son ellos quienes materializan los sue\u00f1os de miles de personas al convertir planos en espacios habitables y funcionales.<\/p>\n\n\n\n<figure class=\"wp-block-image size-large\"><img loading=\"lazy\" decoding=\"async\" width=\"688\" height=\"1024\" src=\"https:\/\/diariodominicano.com\/wp-content\/uploads\/2024\/05\/CRUZ-8-1-688x1024.jpg\" alt=\"\" class=\"wp-image-528437\" srcset=\"https:\/\/diariodominicano.com\/wp-content\/uploads\/2024\/05\/CRUZ-8-1-688x1024.jpg 688w, https:\/\/diariodominicano.com\/wp-content\/uploads\/2024\/05\/CRUZ-8-1-201x300.jpg 201w, https:\/\/diariodominicano.com\/wp-content\/uploads\/2024\/05\/CRUZ-8-1.jpg 720w\" sizes=\"auto, (max-width: 688px) 100vw, 688px\" \/><\/figure>\n\n\n\n<p>Por lo que extendemos nuestro m\u00e1s sincero reconocimiento a todos los alba\u00f1iles y trabajadores del ramo de la construcci\u00f3n de M\u00e9xico, mismo que es un trabajo, arduo, silencioso, y el pilar fundamental del progreso y el desarrollo de nuestra naci\u00f3n, ello son una parte importante de nuestra historia y cultura, y su trabajo es una expresi\u00f3n de la identidad nacional, son expertos en construir puentes que unen a las personas y comunidades les agradecemos por su trabajo duro y les reconocemos como los h\u00e9roes de la construcci\u00f3n.<\/p>\n\n\n\n<figure class=\"wp-block-image size-full\"><img loading=\"lazy\" decoding=\"async\" width=\"720\" height=\"480\" src=\"https:\/\/diariodominicano.com\/wp-content\/uploads\/2024\/05\/CRUZ-7-1.jpg\" alt=\"\" class=\"wp-image-528438\" srcset=\"https:\/\/diariodominicano.com\/wp-content\/uploads\/2024\/05\/CRUZ-7-1.jpg 720w, https:\/\/diariodominicano.com\/wp-content\/uploads\/2024\/05\/CRUZ-7-1-300x200.jpg 300w\" sizes=\"auto, (max-width: 720px) 100vw, 720px\" \/><\/figure>\n\n\n\n<p>\u00a1Feliz d\u00eda del alba\u00f1il,de las y los trabajadores del ramo de la construcci\u00f3n!<\/p>\n\n\n\n<p>\u00a1Feliz d\u00eda de la Santa Cruz!<\/p>\n\n\n\n<p><strong><em>&nbsp;\u201cLos alba\u00f1iles y los trabajadores de la construcci\u00f3n son la base y el cimiento s\u00f3lido sobre la que se construye el futuro de una naci\u00f3n pr\u00f3spera, justa fuerte y segura, reconocemos la importancia de su trabajo duro y peligroso\u201d<\/em><\/strong><\/p>\n\n\n\n<p>Araceli Aguilar Salgado Periodista, Abogada, Ingeniera, Escritora, Analista y comentarista mexicana, del Estado de Guerrero E-mail&nbsp;<a href=\"mailto:periodistaaaguilar@gmail.com\" target=\"_blank\" rel=\"noreferrer noopener\">periodistaaaguilar@gmail.com<\/a><\/p>\n","protected":false},"excerpt":{"rendered":"<p>Por Araceli Aguilar Salgado \u00abLa Cruz es el&nbsp;camino del amor, de la victoria es la llave que abre los cielos y protectora de los alba\u00f1iles y trabajadores de ramo de la construcci\u00f3n.\u00bb El d\u00eda 03 de mayo se conmemora en M\u00e9xico, Espa\u00f1a, Chile, Ecuador, El Salvador, Guatemala Paraguay, Per\u00fa, Trinidad y Tobago, Argentina, Colombia y [&hellip;]<\/p>\n","protected":false},"author":28,"featured_media":528430,"comment_status":"closed","ping_status":"closed","sticky":false,"template":"","format":"standard","meta":{"footnotes":""},"categories":[21,25],"tags":[],"class_list":["post-528429","post","type-post","status-publish","format-standard","has-post-thumbnail","hentry","category-cultura","category-gente"],"_links":{"self":[{"href":"https:\/\/diariodominicano.com\/index.php?rest_route=\/wp\/v2\/posts\/528429","targetHints":{"allow":["GET"]}}],"collection":[{"href":"https:\/\/diariodominicano.com\/index.php?rest_route=\/wp\/v2\/posts"}],"about":[{"href":"https:\/\/diariodominicano.com\/index.php?rest_route=\/wp\/v2\/types\/post"}],"author":[{"embeddable":true,"href":"https:\/\/diariodominicano.com\/index.php?rest_route=\/wp\/v2\/users\/28"}],"replies":[{"embeddable":true,"href":"https:\/\/diariodominicano.com\/index.php?rest_route=%2Fwp%2Fv2%2Fcomments&post=528429"}],"version-history":[{"count":3,"href":"https:\/\/diariodominicano.com\/index.php?rest_route=\/wp\/v2\/posts\/528429\/revisions"}],"predecessor-version":[{"id":528439,"href":"https:\/\/diariodominicano.com\/index.php?rest_route=\/wp\/v2\/posts\/528429\/revisions\/528439"}],"wp:featuredmedia":[{"embeddable":true,"href":"https:\/\/diariodominicano.com\/index.php?rest_route=\/wp\/v2\/media\/528430"}],"wp:attachment":[{"href":"https:\/\/diariodominicano.com\/index.php?rest_route=%2Fwp%2Fv2%2Fmedia&parent=528429"}],"wp:term":[{"taxonomy":"category","embeddable":true,"href":"https:\/\/diariodominicano.com\/index.php?rest_route=%2Fwp%2Fv2%2Fcategories&post=528429"},{"taxonomy":"post_tag","embeddable":true,"href":"https:\/\/diariodominicano.com\/index.php?rest_route=%2Fwp%2Fv2%2Ftags&post=528429"}],"curies":[{"name":"wp","href":"https:\/\/api.w.org\/{rel}","templated":true}]}}