{"id":528335,"date":"2024-05-04T20:09:36","date_gmt":"2024-05-05T00:09:36","guid":{"rendered":"https:\/\/diariodominicano.com\/?p=528335"},"modified":"2024-05-04T20:09:42","modified_gmt":"2024-05-05T00:09:42","slug":"ministerio-publico-arresta-y-solicita-prision-contra-hombres-cometieron-estafa-usurpando-identidad-del-titular-fiscalia-de-santiago","status":"publish","type":"post","link":"https:\/\/diariodominicano.com\/?p=528335","title":{"rendered":"Ministerio P\u00fablico arresta y solicita prisi\u00f3n contra hombres cometieron estafa usurpando identidad del titular Fiscal\u00eda de Santiago"},"content":{"rendered":"\n<p>diariodominicano.com<\/p>\n\n\n\n<p><em><u>El grupo contactaba personalidades del empresariado y la pol\u00edtica para solicitar falsas \u00abdonaciones\u00bb<\/u><\/em><\/p>\n\n\n\n<p>Santiago, R. D., 4 de mayo, 2024.- Tras una minuciosa investigaci\u00f3n, la Fiscal\u00eda de Santiago logr\u00f3 arrestar en flagrante delito y someter a la justicia a dos integrantes de una asociaci\u00f3n de malhechores que se dedicaba a estafar a personas e instituciones usurpando la identidad del titular de la Fiscal\u00eda de Santiago, Osvaldo Antonio Bonilla Hiraldo.<\/p>\n\n\n\n<p>En la instancia remitida a la Oficina Judicial de Servicios de Atenci\u00f3n Permanente, la Fiscal\u00eda de Santiago, a trav\u00e9s de su Departamento de Falsificaciones e Investigaciones Especiales, representado por el fiscal Juan El\u00edas P\u00e9rez, solicita que se imponga la prisi\u00f3n preventiva contra los imputados Jos\u00e9 Alberto Burgos Genao (el Zurdo) y Juan Erasmo P\u00e9rez D\u00edaz, a quienes indilga los delitos de asociaci\u00f3n de malhechores y estafa con usurpaci\u00f3n de identidad.<\/p>\n\n\n\n<p>El documento de solicitud establece que los encartados conformaron una asociaci\u00f3n y usurpando las funciones e identidad del licenciado Bonilla Hiraldo, contactaron a los directivos de un centro de salud p\u00fablica de la ciudad, a quien le solicitaron, en la modalidad de donaci\u00f3n, 10 cajas grandes de vasos tipo foam, que indicaban ser\u00edan presuntamente utilizados en actividades que desarrollar\u00eda la Fiscal\u00eda en barrios de esta ciudad.<\/p>\n\n\n\n<p><strong>La Fiscal\u00eda de Santiago llam\u00f3 a la poblaci\u00f3n, a las instituciones y otros sectores de la vida productiva de la ciudad a mantenerse alerta y denunciar cualquier intento de estafa que se pretenda cometer bajo la modalidad de enga\u00f1o, por cuanto la instituci\u00f3n ni quienes la dirigen utilizan intermediarios ni acuden a estas pr\u00e1cticas de solicitud de donaciones para el ejercicio de sus funciones y actividades.<\/strong><\/p>\n\n\n\n<p>Los hechos cometidos est\u00e1n calificados como tipos penales descritos en los art\u00edculos 265, 266, 405 y 258 del C\u00f3digo Penal Dominicano, consistentes en asociaci\u00f3n de malhechores y estafa con usurpaci\u00f3n de identidad, en perjuicio del centro hospitalario y del licenciado Bonilla Hiraldo.<\/p>\n\n\n\n<p><strong>Direcci\u00f3n General de Comunicaci\u00f3n, Prensa, y RRPP<\/strong><strong><\/strong><\/p>\n\n\n\n<p>Ministerio P\u00fablico. R.D.<\/p>\n\n\n\n<p>S\u00e1bado, 4 de mayo de 2024.<\/p>\n","protected":false},"excerpt":{"rendered":"<p>diariodominicano.com El grupo contactaba personalidades del empresariado y la pol\u00edtica para solicitar falsas \u00abdonaciones\u00bb Santiago, R. D., 4 de mayo, 2024.- Tras una minuciosa investigaci\u00f3n, la Fiscal\u00eda de Santiago logr\u00f3 arrestar en flagrante delito y someter a la justicia a dos integrantes de una asociaci\u00f3n de malhechores que se dedicaba a estafar a personas e [&hellip;]<\/p>\n","protected":false},"author":5,"featured_media":469415,"comment_status":"closed","ping_status":"closed","sticky":true,"template":"","format":"standard","meta":{"footnotes":""},"categories":[24,27],"tags":[],"class_list":["post-528335","post","type-post","status-publish","format-standard","has-post-thumbnail","hentry","category-justicia-y-derecho","category-portada"],"_links":{"self":[{"href":"https:\/\/diariodominicano.com\/index.php?rest_route=\/wp\/v2\/posts\/528335","targetHints":{"allow":["GET"]}}],"collection":[{"href":"https:\/\/diariodominicano.com\/index.php?rest_route=\/wp\/v2\/posts"}],"about":[{"href":"https:\/\/diariodominicano.com\/index.php?rest_route=\/wp\/v2\/types\/post"}],"author":[{"embeddable":true,"href":"https:\/\/diariodominicano.com\/index.php?rest_route=\/wp\/v2\/users\/5"}],"replies":[{"embeddable":true,"href":"https:\/\/diariodominicano.com\/index.php?rest_route=%2Fwp%2Fv2%2Fcomments&post=528335"}],"version-history":[{"count":1,"href":"https:\/\/diariodominicano.com\/index.php?rest_route=\/wp\/v2\/posts\/528335\/revisions"}],"predecessor-version":[{"id":528336,"href":"https:\/\/diariodominicano.com\/index.php?rest_route=\/wp\/v2\/posts\/528335\/revisions\/528336"}],"wp:featuredmedia":[{"embeddable":true,"href":"https:\/\/diariodominicano.com\/index.php?rest_route=\/wp\/v2\/media\/469415"}],"wp:attachment":[{"href":"https:\/\/diariodominicano.com\/index.php?rest_route=%2Fwp%2Fv2%2Fmedia&parent=528335"}],"wp:term":[{"taxonomy":"category","embeddable":true,"href":"https:\/\/diariodominicano.com\/index.php?rest_route=%2Fwp%2Fv2%2Fcategories&post=528335"},{"taxonomy":"post_tag","embeddable":true,"href":"https:\/\/diariodominicano.com\/index.php?rest_route=%2Fwp%2Fv2%2Ftags&post=528335"}],"curies":[{"name":"wp","href":"https:\/\/api.w.org\/{rel}","templated":true}]}}