{"id":52829,"date":"2020-06-15T00:30:05","date_gmt":"2020-06-15T00:30:05","guid":{"rendered":"http:\/\/diariodominicano.ddns.net\/?p=52829"},"modified":"2020-06-15T00:30:05","modified_gmt":"2020-06-15T00:30:05","slug":"expedicionarios-del-14-de-junior-buscan-montanas","status":"publish","type":"post","link":"https:\/\/diariodominicano.com\/?p=52829","title":{"rendered":"Expedicionarios del 14 de Junior buscan monta\u00f1as"},"content":{"rendered":"<p><body><\/p>\n<p><strong>Diariodominicano.com<\/strong><\/p>\n<p><strong>Expedicionarios del 14 de Junior buscan monta\u00f1as <\/strong><\/p>\n<\/p>\n<p>  El  15 de junio de 1959, los expedicionarios del 14 de junio de 1959, siguieron intern\u00e1ndose en las monta\u00f1as  para combatir al Ej\u00e9rcito de la dictadura de Rafael Le\u00f3nidas Trujillo Molina.<\/p>\n<\/p>\n<p>    Poncio Pou Saleta, uno de los sobrevivientes, recuerda que el d\u00eda 15 de junio los guerrilleros hac\u00edan esfuerzos para seguir intern\u00e1ndose en las monta\u00f1as y llevaban como gu\u00eda a un campesino que tomaron en reh\u00e9n en la zona de Constanza.<\/p>\n<\/p>\n<p>   Los expedicionarios llegaron a Constanza, la tarde del 14 de junio de 1959,  en un   avi\u00f3n  Curtis  C-46, que trajo  al   pa\u00eds el primer grupo de  54 expedicionarios  que ten\u00edan el  prop\u00f3sito de llevar a cabo una lucha armada para acabar con la dictadura de Trujillo y  formar un Gobierno democr\u00e1tico.<\/p>\n<\/p>\n<p>    A los expedicionarios se  unieron otros grupos de guerrilleros que desembarcaron  el d\u00eda 20 de junio de 1959, por Maim\u00f3n y Estero Hondo, en la provincia Puerto Plata.<\/p>\n<\/p>\n<p>   El avi\u00f3n capitaneado por el piloto venezolano Julio C\u00e9sar Rodr\u00edguez, hab\u00eda salido de la provincia de Holgu\u00edn, Cuba. La instrucci\u00f3n de la ruta la dio el piloto dominicano Juan de Dios Ventura Sim\u00f3n.<\/p>\n<\/p>\n<p>    Los expedicionarios recibieron entrenamientos militares en el  campamento de \u00abMil Cumbres\u00bb, situado en un valle de  la \u00abSierra de los \u00d3rganos\u00bb, en la parte occidental de Cuba. Recibieron apoyo del naciente Gobierno de la Revoluci\u00f3n que encabezaba Fidel Castro. <\/p>\n<\/p>\n<\/p>\n<h6> 2020-06-15 00:30:05 <\/h6>\n<p><!--\n<link rel=\"stylesheet\" href=\"css\/bootstrap.min.css\">\n\n\n<ul class=\"pagination\">\n\t    \n\t\n\n<li >\n\t<a href='?page_no=512'>Previous<\/a>\n\t<\/li>\n\n\n       \n    \n\n<li><a href='?page_no=1'>1<\/a><\/li>\n\n\n\n<li><a href='?page_no=2'>2<\/a><\/li>\n\n\n\n<li><a>...<\/a><\/li>\n\n\n\n<li><a href='?page_no=511'>511<\/a><\/li>\n\n\n\n<li><a href='?page_no=512'>512<\/a><\/li>\n\n\n\n<li class='active'><a>513<\/a><\/li>\n\n\n\n<li><a href='?page_no=514'>514<\/a><\/li>\n\n\n\n<li><a href='?page_no=515'>515<\/a><\/li>\n\n\n\n<li><a>...<\/a><\/li>\n\n\n\n<li><a href='?page_no=22911'>22911<\/a><\/li>\n\n\n\n<li><a href='?page_no=22912'>22912<\/a><\/li>\n\n    \n\t\n\n<li >\n\t<a href='?page_no=514'>Next<\/a>\n\t<\/li>\n\n\n    \n\n<li><a href='?page_no=22912'>Last &rsaquo;&rsaquo;<\/a><\/li>\n\n<\/ul>\n\n\n--><br \/>\n<\/body><\/p>\n","protected":false},"excerpt":{"rendered":"<p>Diariodominicano.com Expedicionarios del 14 de Junior buscan monta\u00f1as El 15 de junio de 1959, los expedicionarios del 14 de junio de 1959, siguieron intern\u00e1ndose en las monta\u00f1as para combatir al Ej\u00e9rcito de la dictadura de Rafael Le\u00f3nidas Trujillo Molina. Poncio Pou Saleta, uno de los sobrevivientes, recuerda que el d\u00eda 15 de junio los guerrilleros [&hellip;]<\/p>\n","protected":false},"author":3,"featured_media":0,"comment_status":"open","ping_status":"open","sticky":false,"template":"","format":"standard","meta":{"footnotes":""},"categories":[21],"tags":[],"class_list":["post-52829","post","type-post","status-publish","format-standard","hentry","category-cultura"],"_links":{"self":[{"href":"https:\/\/diariodominicano.com\/index.php?rest_route=\/wp\/v2\/posts\/52829","targetHints":{"allow":["GET"]}}],"collection":[{"href":"https:\/\/diariodominicano.com\/index.php?rest_route=\/wp\/v2\/posts"}],"about":[{"href":"https:\/\/diariodominicano.com\/index.php?rest_route=\/wp\/v2\/types\/post"}],"author":[{"embeddable":true,"href":"https:\/\/diariodominicano.com\/index.php?rest_route=\/wp\/v2\/users\/3"}],"replies":[{"embeddable":true,"href":"https:\/\/diariodominicano.com\/index.php?rest_route=%2Fwp%2Fv2%2Fcomments&post=52829"}],"version-history":[{"count":0,"href":"https:\/\/diariodominicano.com\/index.php?rest_route=\/wp\/v2\/posts\/52829\/revisions"}],"wp:attachment":[{"href":"https:\/\/diariodominicano.com\/index.php?rest_route=%2Fwp%2Fv2%2Fmedia&parent=52829"}],"wp:term":[{"taxonomy":"category","embeddable":true,"href":"https:\/\/diariodominicano.com\/index.php?rest_route=%2Fwp%2Fv2%2Fcategories&post=52829"},{"taxonomy":"post_tag","embeddable":true,"href":"https:\/\/diariodominicano.com\/index.php?rest_route=%2Fwp%2Fv2%2Ftags&post=52829"}],"curies":[{"name":"wp","href":"https:\/\/api.w.org\/{rel}","templated":true}]}}