{"id":52818,"date":"2020-06-15T00:37:58","date_gmt":"2020-06-15T00:37:58","guid":{"rendered":"http:\/\/diariodominicano.ddns.net\/?p=52818"},"modified":"2020-06-15T00:37:58","modified_gmt":"2020-06-15T00:37:58","slug":"muere-ramon-santana-el-hermano-mellizo-de-pedro-santana-2","status":"publish","type":"post","link":"https:\/\/diariodominicano.com\/?p=52818","title":{"rendered":"Muere Ram\u00f3n Santana el hermano mellizo de Pedro Santana"},"content":{"rendered":"<p><body><\/p>\n<p><strong>Muere Ram\u00f3n Santana el hermano mellizo de Pedro Santana<\/strong><\/p>\n<p>  El historiador Rufino Mart\u00ednez anota en su \u00abDiccionario Biogr\u00e1fico-Hist\u00f3rico Dominicano, 1821-1830, que a pesar de que Pedro y Ram\u00f3n Santana, eran hermanos mellizos, ten\u00edan un esp\u00edritu y car\u00e1cter diferente. \u00abRam\u00f3n Estaba hecho para la vida civil y no de cuartel\u00bb. Eran hijos de Pedro Santana y Petronila Familia.<\/p>\n<\/p>\n<p><strong>Por H\u00e9ctor Tineo N<\/strong><\/p>\n<p><strong>Diariodominicano.com<\/strong><\/p>\n<\/p>\n<p><strong>SANTO DOMINGO, el  15 de junio de 1844<\/strong>, muri\u00f3 de manera repentina el ciudadano Ram\u00f3n Santana, quien junto a su hermano Pedro Santana, constituyeron el liderazgo de los hateros de El Seibo. <\/p>\n<\/p>\n<p>Pedro Santana,  falleci\u00f3 20 a\u00f1os despu\u00e9s en circunstancias parecidas a la de su hermano Ram\u00f3n.<\/p>\n<\/p>\n<p>Los dos apoyaron a los trinitarios en el proyecto que culmin\u00f3 con la proclamaci\u00f3n de la Rep\u00fablica Dominicana, el 27 de febrero de 1844.<\/p>\n<\/p>\n<p>    El historiador Rufino Mart\u00ednez anota en su \u00abDiccionario Biogr\u00e1fico-Hist\u00f3rico Dominicano, 1821-1830, que a pesar de que Pedro y Ram\u00f3n Santana, eran hermanos mellizos, ten\u00edan un esp\u00edritu y car\u00e1cter diferente. \u00abRam\u00f3n Estaba hecho para la vida civil y no de cuartel\u00bb. Eran hijos de Pedro Santana y Petronila Familia.<\/p>\n<\/p>\n<p>    Destaca que a pesar de esa actitud dio todo el apoyo a los pr\u00f3ceres febreristas y figur\u00f3 en el primer grupo de hateros de El Seibo, que llegaron a la Capital a luchar al lado de los pr\u00f3ceres independentistas.<\/p>\n<\/p>\n<p>   Cuando muri\u00f3 Ram\u00f3n Santana, de manera repentina, el 15 de junio de 1844, Pedro Santana pidi\u00f3 a la Junta Central Gubernativa que lo relevara temporalmente de su posici\u00f3n militar, porque ten\u00eda que encargarse de los negocios que pertenecieron a su hermano.<\/p>\n<\/p>\n<p>    Esa coyuntura fue aprovechada por  los trinitarios para intensificar sus actividades en procura de tomar el control de la Junta Central Gubernativa, que controlaban los conservadores bajo la presidencia de Tom\u00e1s Bobadilla.<\/p>\n<\/p>\n<h6> 2020-06-15 00:37:58 <\/h6>\n<p><!--\n<link rel=\"stylesheet\" href=\"css\/bootstrap.min.css\">\n\n\n<ul class=\"pagination\">\n\t    \n\t\n\n<li >\n\t<a href='?page_no=511'>Previous<\/a>\n\t<\/li>\n\n\n       \n    \n\n<li><a href='?page_no=1'>1<\/a><\/li>\n\n\n\n<li><a href='?page_no=2'>2<\/a><\/li>\n\n\n\n<li><a>...<\/a><\/li>\n\n\n\n<li><a href='?page_no=510'>510<\/a><\/li>\n\n\n\n<li><a href='?page_no=511'>511<\/a><\/li>\n\n\n\n<li class='active'><a>512<\/a><\/li>\n\n\n\n<li><a href='?page_no=513'>513<\/a><\/li>\n\n\n\n<li><a href='?page_no=514'>514<\/a><\/li>\n\n\n\n<li><a>...<\/a><\/li>\n\n\n\n<li><a href='?page_no=22911'>22911<\/a><\/li>\n\n\n\n<li><a href='?page_no=22912'>22912<\/a><\/li>\n\n    \n\t\n\n<li >\n\t<a href='?page_no=513'>Next<\/a>\n\t<\/li>\n\n\n    \n\n<li><a href='?page_no=22912'>Last &rsaquo;&rsaquo;<\/a><\/li>\n\n<\/ul>\n\n\n--><br \/>\n<\/body><\/p>\n","protected":false},"excerpt":{"rendered":"<p>Muere Ram\u00f3n Santana el hermano mellizo de Pedro Santana El historiador Rufino Mart\u00ednez anota en su \u00abDiccionario Biogr\u00e1fico-Hist\u00f3rico Dominicano, 1821-1830, que a pesar de que Pedro y Ram\u00f3n Santana, eran hermanos mellizos, ten\u00edan un esp\u00edritu y car\u00e1cter diferente. \u00abRam\u00f3n Estaba hecho para la vida civil y no de cuartel\u00bb. Eran hijos de Pedro Santana y [&hellip;]<\/p>\n","protected":false},"author":3,"featured_media":0,"comment_status":"open","ping_status":"open","sticky":false,"template":"","format":"standard","meta":{"footnotes":""},"categories":[21],"tags":[],"class_list":["post-52818","post","type-post","status-publish","format-standard","hentry","category-cultura"],"_links":{"self":[{"href":"https:\/\/diariodominicano.com\/index.php?rest_route=\/wp\/v2\/posts\/52818","targetHints":{"allow":["GET"]}}],"collection":[{"href":"https:\/\/diariodominicano.com\/index.php?rest_route=\/wp\/v2\/posts"}],"about":[{"href":"https:\/\/diariodominicano.com\/index.php?rest_route=\/wp\/v2\/types\/post"}],"author":[{"embeddable":true,"href":"https:\/\/diariodominicano.com\/index.php?rest_route=\/wp\/v2\/users\/3"}],"replies":[{"embeddable":true,"href":"https:\/\/diariodominicano.com\/index.php?rest_route=%2Fwp%2Fv2%2Fcomments&post=52818"}],"version-history":[{"count":0,"href":"https:\/\/diariodominicano.com\/index.php?rest_route=\/wp\/v2\/posts\/52818\/revisions"}],"wp:attachment":[{"href":"https:\/\/diariodominicano.com\/index.php?rest_route=%2Fwp%2Fv2%2Fmedia&parent=52818"}],"wp:term":[{"taxonomy":"category","embeddable":true,"href":"https:\/\/diariodominicano.com\/index.php?rest_route=%2Fwp%2Fv2%2Fcategories&post=52818"},{"taxonomy":"post_tag","embeddable":true,"href":"https:\/\/diariodominicano.com\/index.php?rest_route=%2Fwp%2Fv2%2Ftags&post=52818"}],"curies":[{"name":"wp","href":"https:\/\/api.w.org\/{rel}","templated":true}]}}