{"id":528172,"date":"2024-05-03T21:07:27","date_gmt":"2024-05-04T01:07:27","guid":{"rendered":"https:\/\/diariodominicano.com\/?p=528172"},"modified":"2024-05-03T21:08:46","modified_gmt":"2024-05-04T01:08:46","slug":"la-guerra-fria-fue-caliente-1","status":"publish","type":"post","link":"https:\/\/diariodominicano.com\/?p=528172","title":{"rendered":"\u00a0LA GUERRA FR\u00cdA FUE CALIENTE (1)"},"content":{"rendered":"\n<p>POR TE\u00d3FILO LAPPOT ROBLES<\/p>\n\n\n\n<p>La frase \u201cGuerra Fr\u00eda\u201d apareci\u00f3 por primera vez en el 1945, como parte del ensayo titulado \u201cT\u00fa y la Bomba At\u00f3mica\u201d, de la autor\u00eda del periodista brit\u00e1nico Eric Arthur Blair, que utilizaba en sus variadas obras el seud\u00f3nimo de George Orwell.<\/p>\n\n\n\n<p>Dicho autor desmenuz\u00f3 despu\u00e9s el tema en otros escritos en los cuales alertaba sobre eventuales nuevas guerras, que pronto se convirtieron en amarga realidad.<\/p>\n\n\n\n<p>Ning\u00fan experto vaticin\u00f3 que el germen de nuevas tensiones pol\u00edticas, econ\u00f3micas y militares de alcance mundial brotar\u00eda, como si fueran esporas, de la reuni\u00f3n que durante los d\u00edas del 4 al 11 de febrero de 1945 mantuvieron los l\u00edderes mundiales Roosevelt, Stalin y Churchill en la ciudad de Yalta, en la pen\u00ednsula de Crimea, en la parte lim\u00edtrofe de la misma con la costa del mar Negro.&nbsp;<\/p>\n\n\n\n<p>Pero tambi\u00e9n se puede decir, sin faltar a la verdad, que tal vez los primeros esbozos de lo que muchos creyeron, con ilusi\u00f3n huera, que ser\u00eda una etapa de paz en la tierra comenzaron a trazarse poco despu\u00e9s de la muerte de Hitler, el 30 de abril de 1945.<\/p>\n\n\n\n<p>Lo dicho en el p\u00e1rrafo anterior se produjo antes de que cesara el crepitar de las armas, con un hecho revelador ocurrido en Berl\u00edn, gran ciudad con cinco r\u00edos, situada en el noreste de Alemania, narrado as\u00ed por el historiador ingl\u00e9s Antony Beevor:<\/p>\n\n\n\n<p>\u201cLa ma\u00f1ana del 7 de mayo el per\u00edmetro de seguridad comenz\u00f3 a derrumbarse. Las \u00faltimas piezas de artiller\u00eda del 12\u00ba ej\u00e9rcito dispararon los pocos proyectiles que les quedaban antes de que sus propias dotaciones las hicieran volar por los aires\u2026\u201d (Berl\u00edn. La Ca\u00edda: 1945. P.425. Editorial Cr\u00edtica, Barcelona, Espa\u00f1a.Sept.2005.Antony Beevor).<\/p>\n\n\n\n<p>Uno de los que explic\u00f3 con amplitud lo que en s\u00ed fue la denominada Guerra Fr\u00eda fue el c\u00e9lebre Winston Churchill, ya liberado de sus funciones como primer ministro de Gran Breta\u00f1a, en un discurso que pronunci\u00f3 el 5 de marzo de 1946 en un recinto acad\u00e9mico de la ciudad de Fulton, en el Estado de Misuri, EE.UU.<\/p>\n\n\n\n<p>En esa y otras muchas ocasiones el genial pol\u00edtico ingl\u00e9s, que se autodefini\u00f3 como \u201cun gusano de luz\u201d cuando fue designado primer lord del Almirantazgo, se refiri\u00f3 con gran despliegue de conceptos a la tirantez que ya se estaba tejiendo con lo que llam\u00f3 la cortina de hierro que cubr\u00eda el centro y el este de Europa, \u201cdesde Trieste en el mar Adri\u00e1tico hasta Stettinen el mar B\u00e1ltico\u201d; tendida por la entonces poderosa Uni\u00f3n de Rep\u00fablicas Socialistas Sovi\u00e9ticas.<\/p>\n\n\n\n<p>Pero al margen de opiniones espec\u00edficas lo cierto fue que lo que se conoci\u00f3 como Guerra Fr\u00eda fue un conjunto de acuerdos firmados por los l\u00edderes de las potencias que emergieron victoriosas en el 1945, a\u00f1o en que termin\u00f3 la Segunda Guerra Mundial.<\/p>\n\n\n\n<p>Para entonces todav\u00eda partes considerables de Europa, Asia y el norte de \u00c1frica estaban empapadas de sangre y se escuchaban los quejidos por las decenas de millones de muertos, heridos y mutilados, as\u00ed como por la ruina material de centenares de ciudades, pueblos y campos.<\/p>\n\n\n\n<p>Los zarcillos del odio y la ambici\u00f3n de pol\u00edticos y militares, engorilados de poder y soberbia, convirtieron en poco tiempo en papel mojado dichos acuerdos, que supuestamente llevar\u00edan al mundo, luego del referido a\u00f1o, a una etapa de larga tranquilidad. No pasaron de ser un mito m\u00e1s, de los tantos que pueblan la historia de la humanidad.<\/p>\n\n\n\n<p>La idea que se proyectaba de cara al p\u00fablico era que dos bloques de pa\u00edses encabezados respectivamente por los Estados Unidos de Norteam\u00e9rica y la Uni\u00f3n de Rep\u00fablicas Socialistas Sovi\u00e9ticas buscaban sanar heridas y devolver la esperanza de paz a todos los pueblos.<\/p>\n\n\n\n<p>La realidad, en cambio, demostr\u00f3 todo lo contrario. Durante la Guerra Fr\u00eda decenas de conflagraciones estallaron en diversos lugares del mundo. La mayor\u00eda de ellas eran encabezadas o apoyadas (guerras por delegaci\u00f3n) por las referidas potencias o sus secuaces.<\/p>\n\n\n\n<p>Qued\u00f3 claro desde el principio que los hilos de la historia no auguraban la paz pregonada. La angustia colectiva se apoder\u00f3 de muchos pueblos durante decenas de a\u00f1os. Los motivos eran diversos, pero casi siempre estaba oscilando la denominada Guerra Fr\u00eda.<\/p>\n\n\n\n<p>Una expresi\u00f3n concreta de lo anterior fue la creaci\u00f3n en Washington, en el 1949, de una alianza militar nombrada Organizaci\u00f3n del Tratado del Atl\u00e1ntico Norte, mejor conocida como OTAN, formada por los EE.UU., Canad\u00e1 y varios de sus aliados de Europa, cuyo escudo creativo sigue girando hoy en torno al concepto militar de defensa colectiva, con gran cantidad de bombas at\u00f3micas y otros tipos de armas.<\/p>\n\n\n\n<p>Otra demostraci\u00f3n de lo dicho, con objetivos semejantes al mencionado brazo armado, fue la creaci\u00f3n en el 1955 de una entidad militar comunal que se conoci\u00f3 con el eufem\u00edstico nombre de Tratado de Amistad, Cooperaci\u00f3n y Asistencia Mutua o Pacto de Varsovia. Al frente estaba la URSS.<\/p>\n\n\n\n<p>Formaban parte de esa entidad militar dotada de ojivas nucleares varias naciones, muchas de ellas situadas en la franja oriental de Europa. China, Corea del Norte y otros pa\u00edses asi\u00e1ticos tambi\u00e9n la integraban, en calidad de observadores. Estuvo vigente hasta el a\u00f1o 1991.<\/p>\n\n\n\n<p>Ambas organizaciones, adem\u00e1s de las terribles armas nucleares que pose\u00edan, sumaban decenas de millones de soldados, cientos de miles de tanques de guerra, decenas de miles de aviones, miles de barcos de guerra y millones de piezas de artiller\u00eda de diferentes calibres, y eran inmensas canteras donde florec\u00edan millares de esp\u00edas dispersos por toda la tierra y senos de todos los mares, lo cual no pod\u00eda significar un desfile de peregrinos en clave de oraci\u00f3n hacia lugares sagrados.<\/p>\n\n\n\n<p>En la pr\u00f3xima entrega se\u00f1alar\u00e9 los principales conflictos armados ocurridos en diversos lugares del mundo, al mismo tiempo que la Guerra Fr\u00eda se segu\u00eda pregonando como el freno ideal para mantener la paz.<\/p>\n\n\n\n<p>teofilo lappot<\/p>\n\n\n\n<p><a target=\"_blank\" href=\"mailto:teofilolappot@gmail.com\" rel=\"noreferrer noopener\">teofilolappot@gmail.com<\/a><\/p>\n","protected":false},"excerpt":{"rendered":"<p>POR TE\u00d3FILO LAPPOT ROBLES La frase \u201cGuerra Fr\u00eda\u201d apareci\u00f3 por primera vez en el 1945, como parte del ensayo titulado \u201cT\u00fa y la Bomba At\u00f3mica\u201d, de la autor\u00eda del periodista brit\u00e1nico Eric Arthur Blair, que utilizaba en sus variadas obras el seud\u00f3nimo de George Orwell. Dicho autor desmenuz\u00f3 despu\u00e9s el tema en otros escritos en [&hellip;]<\/p>\n","protected":false},"author":28,"featured_media":525185,"comment_status":"closed","ping_status":"closed","sticky":false,"template":"","format":"standard","meta":{"footnotes":""},"categories":[21,36,26,27],"tags":[],"class_list":["post-528172","post","type-post","status-publish","format-standard","has-post-thumbnail","hentry","category-cultura","category-hombresmujeresycosas","category-efemerides","category-portada"],"_links":{"self":[{"href":"https:\/\/diariodominicano.com\/index.php?rest_route=\/wp\/v2\/posts\/528172","targetHints":{"allow":["GET"]}}],"collection":[{"href":"https:\/\/diariodominicano.com\/index.php?rest_route=\/wp\/v2\/posts"}],"about":[{"href":"https:\/\/diariodominicano.com\/index.php?rest_route=\/wp\/v2\/types\/post"}],"author":[{"embeddable":true,"href":"https:\/\/diariodominicano.com\/index.php?rest_route=\/wp\/v2\/users\/28"}],"replies":[{"embeddable":true,"href":"https:\/\/diariodominicano.com\/index.php?rest_route=%2Fwp%2Fv2%2Fcomments&post=528172"}],"version-history":[{"count":2,"href":"https:\/\/diariodominicano.com\/index.php?rest_route=\/wp\/v2\/posts\/528172\/revisions"}],"predecessor-version":[{"id":528174,"href":"https:\/\/diariodominicano.com\/index.php?rest_route=\/wp\/v2\/posts\/528172\/revisions\/528174"}],"wp:featuredmedia":[{"embeddable":true,"href":"https:\/\/diariodominicano.com\/index.php?rest_route=\/wp\/v2\/media\/525185"}],"wp:attachment":[{"href":"https:\/\/diariodominicano.com\/index.php?rest_route=%2Fwp%2Fv2%2Fmedia&parent=528172"}],"wp:term":[{"taxonomy":"category","embeddable":true,"href":"https:\/\/diariodominicano.com\/index.php?rest_route=%2Fwp%2Fv2%2Fcategories&post=528172"},{"taxonomy":"post_tag","embeddable":true,"href":"https:\/\/diariodominicano.com\/index.php?rest_route=%2Fwp%2Fv2%2Ftags&post=528172"}],"curies":[{"name":"wp","href":"https:\/\/api.w.org\/{rel}","templated":true}]}}