{"id":528163,"date":"2024-05-03T18:20:00","date_gmt":"2024-05-03T22:20:00","guid":{"rendered":"https:\/\/diariodominicano.com\/?p=528163"},"modified":"2024-05-03T18:20:03","modified_gmt":"2024-05-03T22:20:03","slug":"presidente-de-cuba-expresa-pesar-por-muerte-de-destacado-militar","status":"publish","type":"post","link":"https:\/\/diariodominicano.com\/?p=528163","title":{"rendered":"Presidente de Cuba expresa pesar por muerte de destacado militar"},"content":{"rendered":"\n<p>La Habana, 3 may (Prensa Latina) El presidente de Cuba, Miguel D\u00edaz-Canel, expres\u00f3 su pesar hoy por el fallecimiento del general de divisi\u00f3n (r) Leonardo Andollo Vald\u00e9s y traslad\u00f3 sentidas condolencias a sus familiares, amigos y compa\u00f1eros.<\/p>\n\n\n\n<ul class=\"wp-block-list\">\n<li><a href=\"https:\/\/www.prensa-latina.cu\/2024\/05\/03\/\"><time>mayo 3, 2024 | 14:04<\/time><\/a><\/li>\n<\/ul>\n\n\n\n<p>El jefe de Estado destac\u00f3 en la red social X que Andollo Vald\u00e9s sirvi\u00f3 a la naci\u00f3n caribe\u00f1a hasta el \u00faltimo aliento, en las m\u00e1s diversas situaciones.<\/p>\n\n\n\n<p>De igual forma, el presidente de la Asamblea Nacional del Poder Popular (Parlamento), Esteban Lazo, transmiti\u00f3 por medio de la plataforma digital su m\u00e1s sentido p\u00e9same por la partida f\u00edsica del destacado militar, a quien catalog\u00f3 como un revolucionario consagrado a la Patria.<\/p>\n\n\n\n<p>Andollo Vald\u00e9s ingres\u00f3 a las Fuerzas Armadas Revolucionarias a trav\u00e9s de las Milicias Nacionales Revolucionarias, donde ocup\u00f3 diferentes responsabilidades y lleg\u00f3 a ser segundo jefe del Estado Mayor General y jefe de la Direcci\u00f3n Operaciones.<\/p>\n\n\n\n<p>lam\/mks<\/p>\n","protected":false},"excerpt":{"rendered":"<p>La Habana, 3 may (Prensa Latina) El presidente de Cuba, Miguel D\u00edaz-Canel, expres\u00f3 su pesar hoy por el fallecimiento del general de divisi\u00f3n (r) Leonardo Andollo Vald\u00e9s y traslad\u00f3 sentidas condolencias a sus familiares, amigos y compa\u00f1eros. El jefe de Estado destac\u00f3 en la red social X que Andollo Vald\u00e9s sirvi\u00f3 a la naci\u00f3n caribe\u00f1a [&hellip;]<\/p>\n","protected":false},"author":28,"featured_media":528164,"comment_status":"closed","ping_status":"closed","sticky":false,"template":"","format":"standard","meta":{"footnotes":""},"categories":[26,23],"tags":[],"class_list":["post-528163","post","type-post","status-publish","format-standard","has-post-thumbnail","hentry","category-efemerides","category-internacional"],"_links":{"self":[{"href":"https:\/\/diariodominicano.com\/index.php?rest_route=\/wp\/v2\/posts\/528163","targetHints":{"allow":["GET"]}}],"collection":[{"href":"https:\/\/diariodominicano.com\/index.php?rest_route=\/wp\/v2\/posts"}],"about":[{"href":"https:\/\/diariodominicano.com\/index.php?rest_route=\/wp\/v2\/types\/post"}],"author":[{"embeddable":true,"href":"https:\/\/diariodominicano.com\/index.php?rest_route=\/wp\/v2\/users\/28"}],"replies":[{"embeddable":true,"href":"https:\/\/diariodominicano.com\/index.php?rest_route=%2Fwp%2Fv2%2Fcomments&post=528163"}],"version-history":[{"count":1,"href":"https:\/\/diariodominicano.com\/index.php?rest_route=\/wp\/v2\/posts\/528163\/revisions"}],"predecessor-version":[{"id":528165,"href":"https:\/\/diariodominicano.com\/index.php?rest_route=\/wp\/v2\/posts\/528163\/revisions\/528165"}],"wp:featuredmedia":[{"embeddable":true,"href":"https:\/\/diariodominicano.com\/index.php?rest_route=\/wp\/v2\/media\/528164"}],"wp:attachment":[{"href":"https:\/\/diariodominicano.com\/index.php?rest_route=%2Fwp%2Fv2%2Fmedia&parent=528163"}],"wp:term":[{"taxonomy":"category","embeddable":true,"href":"https:\/\/diariodominicano.com\/index.php?rest_route=%2Fwp%2Fv2%2Fcategories&post=528163"},{"taxonomy":"post_tag","embeddable":true,"href":"https:\/\/diariodominicano.com\/index.php?rest_route=%2Fwp%2Fv2%2Ftags&post=528163"}],"curies":[{"name":"wp","href":"https:\/\/api.w.org\/{rel}","templated":true}]}}