{"id":528136,"date":"2024-05-03T16:30:17","date_gmt":"2024-05-03T20:30:17","guid":{"rendered":"https:\/\/diariodominicano.com\/?p=528136"},"modified":"2024-05-03T16:33:31","modified_gmt":"2024-05-03T20:33:31","slug":"fallece-de-la-pareja-de-maria-celeste-arraras-raul-quintero","status":"publish","type":"post","link":"https:\/\/diariodominicano.com\/?p=528136","title":{"rendered":"Fallece la Pareja de Mar\u00eda Celeste Arrar\u00e1s, Ra\u00fal Quintero"},"content":{"rendered":"\n<figure class=\"wp-block-table\"><table><tbody><tr><td><br><br>Una historia de amor que impact\u00f3 al mundo\u00a0<\/td><\/tr><\/tbody><\/table><\/figure>\n\n\n\n<figure class=\"wp-block-table\"><table><tbody><tr><td><\/td><\/tr><\/tbody><\/table><\/figure>\n\n\n\n<figure class=\"wp-block-table\"><table><tbody><tr><td>Rota de dolor, Mar\u00eda Celeste Arrar\u00e1s anunci\u00f3 en redes sociales el fallecimiento de su actual pareja. Millones de personas y el gremio art\u00edstico y period\u00edstico brinda sus m\u00e1s sentidas condolencias<br><\/td><\/tr><\/tbody><\/table><\/figure>\n\n\n\n<figure class=\"wp-block-table\"><table><tbody><tr><td><img decoding=\"async\" alt=\"\" src=\"https:\/\/ci3.googleusercontent.com\/meips\/ADKq_NZ-IOalQsoxSD3ejI8iYhGkBNQFE7yyMZMV0zxnyLfhvZ2OEZ8aHIBDc6P23_dvzAzMPhdhvd4NOGVGktNEIuAjfpwfhDvby7wwmdXXwUM1NqCpoGHJMbRhnFwJOe18JobrolUSeLjM2TLydoZwc64gw5En4W1E3uU=s0-d-e1-ft#https:\/\/mcusercontent.com\/651628e0e85ba5fff0c354965\/images\/0b4c2478-718e-4df5-34d8-49006440cf2d.jpg\" width=\"563\"><\/td><\/tr><\/tbody><\/table><\/figure>\n\n\n\n<figure class=\"wp-block-table\"><table><tbody><tr><td><strong>MIAMI, FL. (3 de mayo de 2024) (VGMEDIAPR)&#8212;Es con profundo pesar que compartimos la tr\u00e1gica noticia del fallecimiento de Ra\u00fal Quintero, la pareja de la respetada periodista y presentadora Mar\u00eda Celeste Arrar\u00e1s. Ra\u00fal Quintero, reconocido por su trayectoria como empresario y su compromiso con diversas causas sociales, falleci\u00f3\u00a0\u200brepentinamente de un infarto masivo el jueves 3 de mayo de 2024.<\/strong><br><br><strong>\u00a0La relaci\u00f3n entre Mar\u00eda Celeste Arrar\u00e1s y Ra\u00fal Quintero no solo fue una historia de amor, sino tambi\u00e9n un ejemplo de complicidad, apoyo mutuo y dedicaci\u00f3n. Su uni\u00f3n trascendi\u00f3 los l\u00edmites de lo personal, convirti\u00e9ndose en un faro de esperanza y amor para muchos.Mar\u00eda Celeste Arrar\u00e1s, conocida por su integridad profesional y su carisma en la pantalla, se encuentra atravesando un momento de profunda tristeza.<\/strong><br><br><strong> En nombre de todos los que admiramos su trabajo y su persona, enviamos nuestras m\u00e1s sinceras condolencias y todo nuestro apoyo en estos momentos dif\u00edciles.Ra\u00fal Quintero, quien dej\u00f3 una huella i\u200bnd\u200beleble\u00a0en quienes tuvieron el privilegio de conocerlo, ser\u00e1 recordado no solo por su \u00e9xito profesional, sino tambi\u00e9n por su calidad humana y su generosidad. Su partida deja un vac\u00edo dif\u00edcil de llenar, pero su legado perdurar\u00e1 en los corazones de aquellos que lo conocieron y lo amaron.<\/strong><br><br><strong>En este momento de duelo, solicitamos respetuosamente privacidad para Mar\u00eda Celeste Arrar\u00e1s y su familia mientras enfrentan esta p\u00e9rdida irreparable.Para consultas adicionales o informaci\u00f3n sobre c\u00f3mo expresar condolencias, por favor contactar\u200b las redes sociales de\u00a0<a>@mariacelestearraras\u00a0<\/a>Descanse en paz, Ra\u00fal Quintero.<\/strong><\/td><\/tr><\/tbody><\/table><\/figure>\n\n\n\n<figure class=\"wp-block-table\"><table><tbody><tr><td><\/td><\/tr><\/tbody><\/table><\/figure>\n\n\n\n<figure class=\"wp-block-table\"><table><tbody><tr><td><img decoding=\"async\" alt=\"\" src=\"https:\/\/ci3.googleusercontent.com\/meips\/ADKq_NZfAM7f_XC0NdKRlbrhtNWL9wQRboRiUOtc5sQ1Ni15CAO-6fjOpkJQy_5BiZDLodxffoPRZtJKBWViLLCSGBL93jvm_upq1mASqx1tkiuDB-HTvrK4rpCsujwCncBH7-1kHLAjbGCcXTM1WjgVHOlrAf9ywHX2EFs=s0-d-e1-ft#https:\/\/mcusercontent.com\/651628e0e85ba5fff0c354965\/images\/9c5f9652-9f63-d2da-0883-d0d81797a50e.png\" width=\"563\"><\/td><\/tr><\/tbody><\/table><\/figure>\n\n\n\n<figure class=\"wp-block-table\"><table><tbody><tr><td><img decoding=\"async\" alt=\"\" src=\"https:\/\/ci3.googleusercontent.com\/meips\/ADKq_NaLYHpPzF2uzjS9EEYgitI8kvwCdr8f2sjwQAQ1XjL9mIDIE-lMsm8G00-zKwjhpMlyboKheS1r4TNkqDecctgkUvD9U4lyWdPppjTakpzRqOdTzvWqqm2YyDDPvW2N7OfzxPdjFdMJIQCEnNJfVeY2NA0Ff7HGcXw=s0-d-e1-ft#https:\/\/mcusercontent.com\/651628e0e85ba5fff0c354965\/images\/942f88dc-868f-d9b1-e9f8-236eb1503342.png\" width=\"563\"><\/td><\/tr><\/tbody><\/table><\/figure>\n\n\n\n<figure class=\"wp-block-table\"><table><tbody><tr><td><img decoding=\"async\" alt=\"\" src=\"https:\/\/ci3.googleusercontent.com\/meips\/ADKq_NZLCZmv6XO6nEf2WXTw-1hkGVcxK1v0HSZa_nNYXRHYIVoh4f_aIfhY_M7yJ5g6lANfdQYN3znZFE-1ZCGB0X3PQxO8nLGqyqJF-cJJxbByHgzWjVLxdPaMI_gfens8-_VtlVcE558ijHMVusy-dIJdJjAi6v9yae0=s0-d-e1-ft#https:\/\/mcusercontent.com\/651628e0e85ba5fff0c354965\/images\/79fe06e2-ee68-3332-f817-9d95fd325c63.png\" width=\"563\"><\/td><\/tr><\/tbody><\/table><figcaption class=\"wp-element-caption\"><strong>Mar\u00eda Celeste Arrar\u00e1s y Ra\u00fal Quintero<br><\/strong><\/figcaption><\/figure>\n\n\n\n<p>Vladimir Gomez (VGMEDIAPR)<\/p>\n\n\n\n<p><a target=\"_blank\" href=\"mailto:gomez.vladimir@169773529.mailchimpapp.com\" rel=\"noreferrer noopener\">gomez.vladimir@169773529.ma<\/a><\/p>\n","protected":false},"excerpt":{"rendered":"<p>Una historia de amor que impact\u00f3 al mundo\u00a0 Rota de dolor, Mar\u00eda Celeste Arrar\u00e1s anunci\u00f3 en redes sociales el fallecimiento de su actual pareja. Millones de personas y el gremio art\u00edstico y period\u00edstico brinda sus m\u00e1s sentidas condolencias MIAMI, FL. (3 de mayo de 2024) (VGMEDIAPR)&#8212;Es con profundo pesar que compartimos la tr\u00e1gica noticia del [&hellip;]<\/p>\n","protected":false},"author":28,"featured_media":528137,"comment_status":"closed","ping_status":"closed","sticky":false,"template":"","format":"standard","meta":{"footnotes":""},"categories":[36,25],"tags":[],"class_list":["post-528136","post","type-post","status-publish","format-standard","has-post-thumbnail","hentry","category-hombresmujeresycosas","category-gente"],"_links":{"self":[{"href":"https:\/\/diariodominicano.com\/index.php?rest_route=\/wp\/v2\/posts\/528136","targetHints":{"allow":["GET"]}}],"collection":[{"href":"https:\/\/diariodominicano.com\/index.php?rest_route=\/wp\/v2\/posts"}],"about":[{"href":"https:\/\/diariodominicano.com\/index.php?rest_route=\/wp\/v2\/types\/post"}],"author":[{"embeddable":true,"href":"https:\/\/diariodominicano.com\/index.php?rest_route=\/wp\/v2\/users\/28"}],"replies":[{"embeddable":true,"href":"https:\/\/diariodominicano.com\/index.php?rest_route=%2Fwp%2Fv2%2Fcomments&post=528136"}],"version-history":[{"count":3,"href":"https:\/\/diariodominicano.com\/index.php?rest_route=\/wp\/v2\/posts\/528136\/revisions"}],"predecessor-version":[{"id":528141,"href":"https:\/\/diariodominicano.com\/index.php?rest_route=\/wp\/v2\/posts\/528136\/revisions\/528141"}],"wp:featuredmedia":[{"embeddable":true,"href":"https:\/\/diariodominicano.com\/index.php?rest_route=\/wp\/v2\/media\/528137"}],"wp:attachment":[{"href":"https:\/\/diariodominicano.com\/index.php?rest_route=%2Fwp%2Fv2%2Fmedia&parent=528136"}],"wp:term":[{"taxonomy":"category","embeddable":true,"href":"https:\/\/diariodominicano.com\/index.php?rest_route=%2Fwp%2Fv2%2Fcategories&post=528136"},{"taxonomy":"post_tag","embeddable":true,"href":"https:\/\/diariodominicano.com\/index.php?rest_route=%2Fwp%2Fv2%2Ftags&post=528136"}],"curies":[{"name":"wp","href":"https:\/\/api.w.org\/{rel}","templated":true}]}}