{"id":528106,"date":"2024-05-03T15:39:56","date_gmt":"2024-05-03T19:39:56","guid":{"rendered":"https:\/\/diariodominicano.com\/?p=528106"},"modified":"2024-05-03T15:41:07","modified_gmt":"2024-05-03T19:41:07","slug":"oficina-judicial-de-servicios-de-atencion-permanente-de-barahona-impone-1-ano-de-prision-preventiva-a-9-imputados-de-la-operacion-caiman","status":"publish","type":"post","link":"https:\/\/diariodominicano.com\/?p=528106","title":{"rendered":"Oficina Judicial de Servicios de Atenci\u00f3n Permanente de Barahona impone 1 a\u00f1o de prisi\u00f3n preventiva a 9 imputados de la Operaci\u00f3n Caim\u00e1n"},"content":{"rendered":"\n<p>Externa: <\/p>\n\n\n\n<p><em><u>La jueza declar\u00f3 el caso complejo por tratarse de una red transnacional de crimen organizado<\/u><\/em><\/p>\n\n\n\n<p>BARAHONA, Rep\u00fablica Dominicana.- Al acoger la solicitud del Ministerio P\u00fablico, la\u00a0 Oficina Judicial de Servicios de Atenci\u00f3n Permanente de Barahona impuso un a\u00f1o de prisi\u00f3n preventiva a 9 integrantes de la red criminal impactada en la Fase II de la Operaci\u00f3n Caim\u00e1n y declar\u00f3 el proceso de tramitaci\u00f3n compleja.<\/p>\n\n\n\n<p>La medida fue dictada por la jueza Mar\u00eda Consuelo Valenzuela P\u00e9rez, de la Oficina Judicial de Servicios de Atenci\u00f3n Permanente del Distrito Judicial de Barahona.<\/p>\n\n\n\n<p>El Ministerio P\u00fablico en la audiencia estuvo representado por los fiscales Sourrely J\u00e1cquez Vialet y Andr\u00e9s Mena, de la Direcci\u00f3n General de Persecuci\u00f3n del Ministerio P\u00fablico, y el fiscal titular de Barahona, Wellington Matos.<\/p>\n\n\n\n<p>La medida de coerci\u00f3n fue impuesta en contra de Malbin Mart\u00ednez F\u00e9liz, Gloria Gonz\u00e1lez P\u00e9rez, Geise F\u00e9liz P\u00e9rez, Wilkin Joel Cuevas Ferreras, Wilmer Joel Cuevas Flori\u00e1n, Jerbinson Bernab\u00e9 L\u00f3pez, M\u00e1ximo Andr\u00e9s Ruiz Moreta, Carlos Manuel Cuevas P\u00e9rez y Rafael Marcelo Salda\u00f1a Cuevas.<\/p>\n\n\n\n<p>La medida se conoci\u00f3 luego de varios aplazamientos de la audiencia a solicitud de la defensa que pidi\u00f3 m\u00e1s tiempo para depositar arraigos.<\/p>\n\n\n\n<p>Los imputados, quienes cumplir\u00e1n la medida en centros penitenciarios de la regi\u00f3n sur, enfrentan cargos por delitos de asociaci\u00f3n de malhechores, tr\u00e1fico internacional de drogas, lavado de activos y porte y tenencia ilegal de arma de fuego.<\/p>\n\n\n\n<p>En relaci\u00f3n al imputado Welligton Ford Gar\u00f3 se desglos\u00f3 el expediente y la audiencia se fij\u00f3 para el martes 7 de mayo del a\u00f1o en curso, en virtud de que la defensa t\u00e9cnica del imputado no se present\u00f3 a la audiencia.<\/p>\n\n\n\n<p>En el proceso el Ministerio P\u00fablico ha establecido que la estructura trasegaba droga desde el departamento La Guajira, Alta Guajira, en Colombia, hacia la costa sur de Rep\u00fablica Dominicana, en donde se ocuparon cargamentos de clorhidrato de coca\u00edna durante la Fase I de la Operaci\u00f3n Caim\u00e1n, que se puso en marcha el pasado 10 abril.<\/p>\n\n\n\n<p>Durante la operaci\u00f3n fueron ocupados armas ilegales, incluyendo pistolas y escopetas, as\u00ed como veh\u00edculos, drones, 6 embarcaciones, br\u00fajulas, GPS y tel\u00e9fonos satelitales.<\/p>\n\n\n\n<p>Tambi\u00e9n, planes de navegaci\u00f3n que evidencian que eran para el tr\u00e1fico internacional de coca\u00edna, radio de comunicaci\u00f3n, cargadores de fusiles, motores fuera de borda y evidencias de transferencias financieras con socios en Colombia.<\/p>\n\n\n\n<p>El Ministerio P\u00fablico desarroll\u00f3 la Operaci\u00f3n Caim\u00e1n junto a la Direcci\u00f3n Nacional de Control de Drogas (DNCD) y con el apoyo del Ministerio de Defensa.<\/p>\n\n\n\n<p>Las autoridades dominicanas contaron con la cooperaci\u00f3n internacional de la Agencia Antidrogas de Estados Unidos (DEA) y el Comando Sur de Estados Unidos.<\/p>\n\n\n\n<p>La operaci\u00f3n, desplegada por aire, mar y tierra, abarc\u00f3 varias provincias del sur y Santo Domingo Este en donde operaban los integrantes de la estructura del crimen organizado a la que se le han ocupado m\u00e1s de cinco toneladas de coca\u00edna en los \u00faltimos meses.<\/p>\n\n\n\n<p>M\u00e1s de 40 fiscales participaron en las acciones antidelictivas en la que se realizaron unos 40 allanamientos en San Juan, Barahona, Ban\u00ed, Pedernales y Santo Domingo Este. En los operativos participaron alrededor de 500 miembros de la DNCD y las Fuerzas Armadas, incluyendo integrantes de sus unidades sensitivas.<\/p>\n\n\n\n<p><strong>Direcci\u00f3n General de Comunicaci\u00f3n, Prensa, y RRPP<\/strong><strong><\/strong><\/p>\n\n\n\n<p>Ministerio P\u00fablico. R.D.<\/p>\n\n\n\n<p>Viernes, 3 de mayo de 2024.<\/p>\n\n\n\n<p>&#8230;<\/p>\n","protected":false},"excerpt":{"rendered":"<p>Externa: La jueza declar\u00f3 el caso complejo por tratarse de una red transnacional de crimen organizado BARAHONA, Rep\u00fablica Dominicana.- Al acoger la solicitud del Ministerio P\u00fablico, la\u00a0 Oficina Judicial de Servicios de Atenci\u00f3n Permanente de Barahona impuso un a\u00f1o de prisi\u00f3n preventiva a 9 integrantes de la red criminal impactada en la Fase II de [&hellip;]<\/p>\n","protected":false},"author":28,"featured_media":528107,"comment_status":"closed","ping_status":"closed","sticky":false,"template":"","format":"standard","meta":{"footnotes":""},"categories":[24,29,27],"tags":[],"class_list":["post-528106","post","type-post","status-publish","format-standard","has-post-thumbnail","hentry","category-justicia-y-derecho","category-policiasucesos","category-portada"],"_links":{"self":[{"href":"https:\/\/diariodominicano.com\/index.php?rest_route=\/wp\/v2\/posts\/528106","targetHints":{"allow":["GET"]}}],"collection":[{"href":"https:\/\/diariodominicano.com\/index.php?rest_route=\/wp\/v2\/posts"}],"about":[{"href":"https:\/\/diariodominicano.com\/index.php?rest_route=\/wp\/v2\/types\/post"}],"author":[{"embeddable":true,"href":"https:\/\/diariodominicano.com\/index.php?rest_route=\/wp\/v2\/users\/28"}],"replies":[{"embeddable":true,"href":"https:\/\/diariodominicano.com\/index.php?rest_route=%2Fwp%2Fv2%2Fcomments&post=528106"}],"version-history":[{"count":2,"href":"https:\/\/diariodominicano.com\/index.php?rest_route=\/wp\/v2\/posts\/528106\/revisions"}],"predecessor-version":[{"id":528109,"href":"https:\/\/diariodominicano.com\/index.php?rest_route=\/wp\/v2\/posts\/528106\/revisions\/528109"}],"wp:featuredmedia":[{"embeddable":true,"href":"https:\/\/diariodominicano.com\/index.php?rest_route=\/wp\/v2\/media\/528107"}],"wp:attachment":[{"href":"https:\/\/diariodominicano.com\/index.php?rest_route=%2Fwp%2Fv2%2Fmedia&parent=528106"}],"wp:term":[{"taxonomy":"category","embeddable":true,"href":"https:\/\/diariodominicano.com\/index.php?rest_route=%2Fwp%2Fv2%2Fcategories&post=528106"},{"taxonomy":"post_tag","embeddable":true,"href":"https:\/\/diariodominicano.com\/index.php?rest_route=%2Fwp%2Fv2%2Ftags&post=528106"}],"curies":[{"name":"wp","href":"https:\/\/api.w.org\/{rel}","templated":true}]}}