{"id":52807,"date":"2020-06-15T09:59:31","date_gmt":"2020-06-15T09:59:31","guid":{"rendered":"http:\/\/diariodominicano.ddns.net\/?p=52807"},"modified":"2020-06-15T09:59:31","modified_gmt":"2020-06-15T09:59:31","slug":"uasd-rinde-tributo-a-los-heroes-del-14-de-junio-del-1959","status":"publish","type":"post","link":"https:\/\/diariodominicano.com\/?p=52807","title":{"rendered":"UASD rinde tributo a los h\u00e9roes del 14 de junio del 1959"},"content":{"rendered":"<p><body><\/p>\n<p><img decoding=\"async\" src=\"img3\/UASD-15-6-20.JPG\" \/>  <\/p>\n<p><span class=\"text1noticias\"> <\/span><\/p>\n<p><span class=\"text1noticias\">diariodominicano.com<\/span><\/p>\n<p><span class=\"text1noticias\">Santo Domingo, R. D., 15 de junio, 2020.- Autoridades de la Universidad Aut\u00f3noma de Santo Domingo (UASD) depositaron una ofrenda floral ante el monumento erigido a la memoria de  los h\u00e9roes de Constanza, Maim\u00f3n y Estero Hondo, como tributo p\u00f3stumo a esos  expedicionarios que llegaron a suelo dominicano el 14 de junio de 1959, decididos a derribar la oprobiosa dictadura que encabez\u00f3 Rafael Le\u00f3nidas Trujillo Molina, quien gobern\u00f3 el pa\u00eds con manos f\u00e9rreas durante 31 a\u00f1os.<\/span><\/p>\n<p><span class=\"text1noticias\"> <\/span><\/p>\n<p><span class=\"text1noticias\">Una comitiva del Consejo Universitario, presidida por el vicerrector de Extensi\u00f3n, doctor Antonio Medina Calca\u00f1o;  represent\u00f3 a la doctora Emma Polanco Melo, rectora de la academia, durante ese  homenaje a las figuras y m\u00e1rtires de la \u00abRaza Inmortal\u00bb realizado en el mausoleo localizado en la avenida George Washington del Centro de los H\u00e9roes, en la ciudad de Santo Domingo.  <\/span><\/p>\n<p><span class=\"text1noticias\"> <\/span><\/p>\n<p><span class=\"text1noticias\"> \u00abLa Universidad Aut\u00f3noma de Santo Domingo, cumpliendo con un deber patrio, rinde homenaje hoy,  cuando se conmemoran  61 a\u00f1os de la expedici\u00f3n del 14 de junio del 1959,  donde un grupo de patriotas, de h\u00e9roes y de m\u00e1rtires, se sacrific\u00f3 por la libertad del pueblo dominicano\u00bb, expres\u00f3 Medina Calca\u00f1o al hablar en el acto en nombre de la rectora Polanco Melo.<\/span><\/p>\n<p><span class=\"text1noticias\"> <\/span><\/p>\n<p><span class=\"text1noticias\">Asimismo, el alto funcionario acad\u00e9mico,  destac\u00f3 adem\u00e1s que es importante y fundamental, mantener viva en la memoria hist\u00f3rica el ejemplo de esa hist\u00f3rica fecha,  porque ocurri\u00f3 ese d\u00eda un  acontecimiento \u00abque sembr\u00f3 la semilla de la libertad y marc\u00f3 el inicio del fin de la dictadura del s\u00e1trapa, Rafael Leonidas  Trujillo Molina.\u00bb<\/span><\/p>\n<p><span class=\"text1noticias\"> <\/span><\/p>\n<p><span class=\"text1noticias\">Indic\u00f3 tambi\u00e9n que la UASD, como instituci\u00f3n democr\u00e1tica, permanentemente rinde honor a quien lo merece, que muchos de los temas en la agenda de los expedicionarios est\u00e1n pendientes y que si bien como pa\u00eds hemos avanzado, todav\u00eda el camino por recorrer es largo y para eso se necesita el apoyo de las presentes y futuras generaciones.<\/span><\/p>\n<p><span class=\"text1noticias\"> <\/span><\/p>\n<p><span class=\"text1noticias\">Los militantes del  Movimiento de Liberaci\u00f3n Nacional  llegaron a  esta naci\u00f3n el 14 de junio de 1959; una parte arrib\u00f3 por avi\u00f3n,  en Constanza (ciudad intramonta\u00f1a localizada en el centro de la Cordillera Central), en tanto otros dos grupos entraron por costa norte del pa\u00eds, a trav\u00e9s  de las comunidades Maim\u00f3n y Estero Hondo, provincia Puerta Plata.<\/span><\/p>\n<p><span class=\"text1noticias\"> <\/span><\/p>\n<p><span class=\"text1noticias\">La expedici\u00f3n estuvo  comandada por Enrique Jim\u00e9nez Moya, el cual dirig\u00eda a valerosos j\u00f3venes dominicanos, venezolanos, puertorrique\u00f1os, cubanos, entre otros antiamericanos;  quienes  con arrojo, decisi\u00f3n y entrega enfrentaron la terrible dictadura trujillista y su poderosa fuerza militar.<\/span><\/p>\n<p><span class=\"text1noticias\"> <\/span><\/p>\n<p><span class=\"text1noticias\">Aunque, lamentablemente, todos esos bizarros guerrilleros fueron aniquilados, su martirologio prendi\u00f3 la chispa en nuestra sociedad  para deshacerse del s\u00e1trapa y r\u00e9gimen de  oprobio de Trujillo, acontecimiento que se dio el 30 de mayo de 1961, antes de cumplirse dos a\u00f1os del desembarco de los expedicionarios.<\/span><\/p>\n<p><span class=\"text1noticias\"> <\/span><\/p>\n<p><span class=\"text1noticias\">Junto a Medina Calca\u00f1o participaron en este acto los maestros Alejandro Ozuna, vicerrector Docente;  as\u00ed como los decanos  Augusto Bravo, de la Facultad de Humanidades; Alexi Mart\u00ednez Olivo, de Ciencias Econ\u00f3micas y Sociales; Bautista L\u00f3pez Garc\u00eda, de Ciencias Jur\u00eddicas y Pol\u00edticas, Dione Rufino, de Artes; y Ramona Issa Medina, de Ciencias Agron\u00f3micas y Veterinarias.  <\/span><\/p>\n<p><span class=\"text1noticias\"> <\/span><\/p>\n<p><span class=\"text1noticias\">Fuente: Rela<\/span>ciones P\u00fablicas UASD<\/p>\n<h6> 2020-06-15 09:59:31 <\/h6>\n<p><!--\n<link rel=\"stylesheet\" href=\"css\/bootstrap.min.css\">\n\n\n<ul class=\"pagination\">\n\t    \n\t\n\n<li >\n\t<a href='?page_no=510'>Previous<\/a>\n\t<\/li>\n\n\n       \n    \n\n<li><a href='?page_no=1'>1<\/a><\/li>\n\n\n\n<li><a href='?page_no=2'>2<\/a><\/li>\n\n\n\n<li><a>...<\/a><\/li>\n\n\n\n<li><a href='?page_no=509'>509<\/a><\/li>\n\n\n\n<li><a href='?page_no=510'>510<\/a><\/li>\n\n\n\n<li class='active'><a>511<\/a><\/li>\n\n\n\n<li><a href='?page_no=512'>512<\/a><\/li>\n\n\n\n<li><a href='?page_no=513'>513<\/a><\/li>\n\n\n\n<li><a>...<\/a><\/li>\n\n\n\n<li><a href='?page_no=22911'>22911<\/a><\/li>\n\n\n\n<li><a href='?page_no=22912'>22912<\/a><\/li>\n\n    \n\t\n\n<li >\n\t<a href='?page_no=512'>Next<\/a>\n\t<\/li>\n\n\n    \n\n<li><a href='?page_no=22912'>Last &rsaquo;&rsaquo;<\/a><\/li>\n\n<\/ul>\n\n\n--><br \/>\n<\/body><\/p>\n","protected":false},"excerpt":{"rendered":"<p>diariodominicano.com Santo Domingo, R. D., 15 de junio, 2020.- Autoridades de la Universidad Aut\u00f3noma de Santo Domingo (UASD) depositaron una ofrenda floral ante el monumento erigido a la memoria de los h\u00e9roes de Constanza, Maim\u00f3n y Estero Hondo, como tributo p\u00f3stumo a esos expedicionarios que llegaron a suelo dominicano el 14 de junio de 1959, [&hellip;]<\/p>\n","protected":false},"author":3,"featured_media":0,"comment_status":"open","ping_status":"open","sticky":false,"template":"","format":"standard","meta":{"footnotes":""},"categories":[21],"tags":[],"class_list":["post-52807","post","type-post","status-publish","format-standard","hentry","category-cultura"],"_links":{"self":[{"href":"https:\/\/diariodominicano.com\/index.php?rest_route=\/wp\/v2\/posts\/52807","targetHints":{"allow":["GET"]}}],"collection":[{"href":"https:\/\/diariodominicano.com\/index.php?rest_route=\/wp\/v2\/posts"}],"about":[{"href":"https:\/\/diariodominicano.com\/index.php?rest_route=\/wp\/v2\/types\/post"}],"author":[{"embeddable":true,"href":"https:\/\/diariodominicano.com\/index.php?rest_route=\/wp\/v2\/users\/3"}],"replies":[{"embeddable":true,"href":"https:\/\/diariodominicano.com\/index.php?rest_route=%2Fwp%2Fv2%2Fcomments&post=52807"}],"version-history":[{"count":0,"href":"https:\/\/diariodominicano.com\/index.php?rest_route=\/wp\/v2\/posts\/52807\/revisions"}],"wp:attachment":[{"href":"https:\/\/diariodominicano.com\/index.php?rest_route=%2Fwp%2Fv2%2Fmedia&parent=52807"}],"wp:term":[{"taxonomy":"category","embeddable":true,"href":"https:\/\/diariodominicano.com\/index.php?rest_route=%2Fwp%2Fv2%2Fcategories&post=52807"},{"taxonomy":"post_tag","embeddable":true,"href":"https:\/\/diariodominicano.com\/index.php?rest_route=%2Fwp%2Fv2%2Ftags&post=52807"}],"curies":[{"name":"wp","href":"https:\/\/api.w.org\/{rel}","templated":true}]}}