{"id":52796,"date":"2020-06-16T07:41:46","date_gmt":"2020-06-16T07:41:46","guid":{"rendered":"http:\/\/diariodominicano.ddns.net\/?p=52796"},"modified":"2020-06-16T07:41:46","modified_gmt":"2020-06-16T07:41:46","slug":"el-dia-que-la-santa-sede-y-republica-dominicana-firmaron-el-concordato","status":"publish","type":"post","link":"https:\/\/diariodominicano.com\/?p=52796","title":{"rendered":"El d\u00eda que la Santa Sede y Rep\u00fablica Dominicana firmaron el Concordato"},"content":{"rendered":"<p><body><\/p>\n<p><img decoding=\"async\" src=\"img3\/pittini000011.jpg\" \/><br \/><img decoding=\"async\" src=\"img3\/pittini0022.jpg\" \/><br \/><img decoding=\"async\" src=\"img3\/pittini03.jpg\" \/>  <\/p>\n<p><strong>Diariodominicano.com<\/strong><\/p>\n<p><strong>El d\u00eda que la Santa Sede y Rep\u00fablica Dominicana firmaron el Concordato<\/strong><\/p>\n<p><strong>   El dictador Trujillo le confiri\u00f3 mucha importancia al acontecimiento y expres\u00f3: \u00abSomos humildes hijos de la Iglesia Cat\u00f3lica, Apost\u00f3lica y Romana y reconocemos que la firme sinceridad de nuestra fe y nuestra constante  pr\u00e1ctica de la cultura cristiana, han sido la causa primordial de nuestro triunfo frente a los infortunios que han manchado nuestra historia\u00bb.<\/strong><\/p>\n<p><strong>Por H\u00e9ctor Tineo Nolasco<\/strong><\/p>\n<p><strong>Diariodominicano.com<\/strong><\/p>\n<\/p>\n<p><strong>    SANTO DOMINGO, <\/strong>el  16 de junio de 1954, la Iglesia Cat\u00f3lica firm\u00f3 un Concordato con el Gobierno dominicano del dictador Rafael Le\u00f3nidas Trujillo Molina. <\/p>\n<\/p>\n<p>    En el documento las partes expresan: \u00abLa Santa Sede Apost\u00f3lica y la Rep\u00fablica Dominicana, animadas por el deseo de asegurar una colaboraci\u00f3n provechosa para el mejor beneficio religioso y c\u00edvico de la Naci\u00f3n dominicana, han decidido firmar un Concordato\u00bb.<\/p>\n<\/p>\n<p>    El dictador Trujillo le confiri\u00f3 mucha importancia al acontecimiento y expres\u00f3: \u00abSomos humildes hijos de la Iglesia Cat\u00f3lica, Apost\u00f3lica y Romana y reconocemos que la firme sinceridad de nuestra fe y nuestra constante  pr\u00e1ctica de la cultura cristiana, han sido la causa primordial de nuestro triunfo frente a los infortunios que han manchado nuestra historia\u00bb.<\/p>\n<\/p>\n<p>  El Concordato fue suscrito durante el Obispado de Monse\u00f1or  Ricardo Pittini, quien inici\u00f3 su misi\u00f3n en octubre  1935 y termin\u00f3 en diciembre de 1961.<\/p>\n<\/p>\n<p>   El Concordato le confiere a la Iglesia Cat\u00f3lica la misi\u00f3n de dirigir la orientaci\u00f3n  espiritual del pueblo dominicano y mantener a la cat\u00f3lica como la religi\u00f3n oficial de los dominicanos.<\/p>\n<\/p>\n<p>    El historiador y sacerdote jesuita, Antonio Lluberes, en su obra \u00abBreve Historia de la Iglesia Dominicana 1493-1997\u00bb,  refiere que durante la Era de Trujillo la Iglesia y el Estado vivieron un r\u00e9gimen de rec\u00edproca cooperaci\u00f3n.<\/p>\n<\/p>\n<p>    La Iglesia \u00abacept\u00f3 al r\u00e9gimen  como algo beneficioso  para el pa\u00eds y para ella misma. Acept\u00f3 facilidades legales y cooperaci\u00f3n econ\u00f3mica, necesarias para su ministerio, ya que adem\u00e1s de las actividades religiosas, la Iglesia pas\u00f3 a las labores educativas y hospitalarias, entre otras modalidades del apostolado.<\/p>\n<\/p>\n<p>     Antonio Lluberes cita como una expresi\u00f3n  y fruto evidente de la cooperaci\u00f3n del r\u00e9gimen de Trujillo, la firma del Concordato, el d\u00eda 16 de junio de 1954.<\/p>\n<\/p>\n<p>     Refiere que desde la creaci\u00f3n de la Rep\u00fablica  en 1844, los gobiernos sucesivos de Pedro Santana y Buenaventura B\u00e1ez hab\u00edan deseado un acuerdo que rigiera las relaciones Iglesia-Estado, pero no se les hizo posible lograrlo entonces.<\/p>\n<\/p>\n<p>   \u00abTrujillo consigui\u00f3 su objetivo accediendo a toda las propuestas romanas. Como ejemplo, Trujillo declin\u00f3 los tradicionales reclamos de los estados en cuanto a la elecci\u00f3n y nombramiento de obispos. M\u00e1s a\u00fan, acept\u00f3 una propuesta, que luego se hizo inoperante: la validez civil del car\u00e1cter indisoluble del  matrimonio can\u00f3nico.<\/p>\n<\/p>\n<p>  \u00abPor su parte, el r\u00e9gimen se beneficiaba hasta del simbolismo de actos religiosos y encuentros con miembros del clero, precedidos o seguidos de amplia publicidad, que le proporcionaban la deseada \u00ablegitimaci\u00f3n\u00bb, en el lenguaje del soci\u00f3logo Peter Berger.  Bajo el r\u00e9gimen de los Trujillo, se dio una modalidad nueva de politizaci\u00f3n del clero\u00bb.  <\/p>\n<\/p>\n<p>   Antonio Lluberes,  refiere que en el pasado hubo sacerdotes que ten\u00edan simpat\u00edas e incluso \u00abmilitancia\u00bb pol\u00edtica, pero durante el trujillato, se logr\u00f3 tal institucionalizaci\u00f3n y disciplina que hizo posible que la totalidad de la Iglesia, principalmente su episcopado, adoptase una posici\u00f3n temporal favorable al r\u00e9gimen\u00bb.<\/p>\n<\/p>\n<p>     \u00abA mediados de la d\u00e9cada de los cincuenta, sin embargo, comenzaron a aflorar y crecer las diferencias en el seno de la Iglesia&#8230;\u00bb.<\/p>\n<\/p>\n<p>    El Concordato entre la Santa Sede  y el Estado Dominicano,  firmado el 16 de junio de 1954, se mantiene en vigencia.<\/p>\n<\/p>\n<p>    Aunque en el pa\u00eds hay libertad de culto, la cat\u00f3lica es la religi\u00f3n oficial en Rep\u00fablica Dominicana. <\/p>\n<\/p>\n<\/p>\n<\/p>\n<h6> 2020-06-16 07:41:46 <\/h6>\n<p><!--\n<link rel=\"stylesheet\" href=\"css\/bootstrap.min.css\">\n\n\n<ul class=\"pagination\">\n\t    \n\t\n\n<li >\n\t<a href='?page_no=509'>Previous<\/a>\n\t<\/li>\n\n\n       \n    \n\n<li><a href='?page_no=1'>1<\/a><\/li>\n\n\n\n<li><a href='?page_no=2'>2<\/a><\/li>\n\n\n\n<li><a>...<\/a><\/li>\n\n\n\n<li><a href='?page_no=508'>508<\/a><\/li>\n\n\n\n<li><a href='?page_no=509'>509<\/a><\/li>\n\n\n\n<li class='active'><a>510<\/a><\/li>\n\n\n\n<li><a href='?page_no=511'>511<\/a><\/li>\n\n\n\n<li><a href='?page_no=512'>512<\/a><\/li>\n\n\n\n<li><a>...<\/a><\/li>\n\n\n\n<li><a href='?page_no=22911'>22911<\/a><\/li>\n\n\n\n<li><a href='?page_no=22912'>22912<\/a><\/li>\n\n    \n\t\n\n<li >\n\t<a href='?page_no=511'>Next<\/a>\n\t<\/li>\n\n\n    \n\n<li><a href='?page_no=22912'>Last &rsaquo;&rsaquo;<\/a><\/li>\n\n<\/ul>\n\n\n--><br \/>\n<\/body><\/p>\n","protected":false},"excerpt":{"rendered":"<p>Diariodominicano.com El d\u00eda que la Santa Sede y Rep\u00fablica Dominicana firmaron el Concordato El dictador Trujillo le confiri\u00f3 mucha importancia al acontecimiento y expres\u00f3: \u00abSomos humildes hijos de la Iglesia Cat\u00f3lica, Apost\u00f3lica y Romana y reconocemos que la firme sinceridad de nuestra fe y nuestra constante pr\u00e1ctica de la cultura cristiana, han sido la causa [&hellip;]<\/p>\n","protected":false},"author":3,"featured_media":0,"comment_status":"open","ping_status":"open","sticky":false,"template":"","format":"standard","meta":{"footnotes":""},"categories":[21],"tags":[],"class_list":["post-52796","post","type-post","status-publish","format-standard","hentry","category-cultura"],"_links":{"self":[{"href":"https:\/\/diariodominicano.com\/index.php?rest_route=\/wp\/v2\/posts\/52796","targetHints":{"allow":["GET"]}}],"collection":[{"href":"https:\/\/diariodominicano.com\/index.php?rest_route=\/wp\/v2\/posts"}],"about":[{"href":"https:\/\/diariodominicano.com\/index.php?rest_route=\/wp\/v2\/types\/post"}],"author":[{"embeddable":true,"href":"https:\/\/diariodominicano.com\/index.php?rest_route=\/wp\/v2\/users\/3"}],"replies":[{"embeddable":true,"href":"https:\/\/diariodominicano.com\/index.php?rest_route=%2Fwp%2Fv2%2Fcomments&post=52796"}],"version-history":[{"count":0,"href":"https:\/\/diariodominicano.com\/index.php?rest_route=\/wp\/v2\/posts\/52796\/revisions"}],"wp:attachment":[{"href":"https:\/\/diariodominicano.com\/index.php?rest_route=%2Fwp%2Fv2%2Fmedia&parent=52796"}],"wp:term":[{"taxonomy":"category","embeddable":true,"href":"https:\/\/diariodominicano.com\/index.php?rest_route=%2Fwp%2Fv2%2Fcategories&post=52796"},{"taxonomy":"post_tag","embeddable":true,"href":"https:\/\/diariodominicano.com\/index.php?rest_route=%2Fwp%2Fv2%2Ftags&post=52796"}],"curies":[{"name":"wp","href":"https:\/\/api.w.org\/{rel}","templated":true}]}}