{"id":52795,"date":"2020-11-14T23:34:39","date_gmt":"2020-11-14T23:34:39","guid":{"rendered":"http:\/\/diariodominicano.ddns.net\/?p=52795"},"modified":"2020-11-14T23:34:39","modified_gmt":"2020-11-14T23:34:39","slug":"nace-jose-reyes-3","status":"publish","type":"post","link":"https:\/\/diariodominicano.com\/?p=52795","title":{"rendered":"Nace Jos\u00e9 Reyes"},"content":{"rendered":"<p><body><\/p>\n<p><img decoding=\"async\" src=\"img3\/Jose-Reyes.jpg\" \/>  <\/p>\n<p><strong>Diariodominicano.com<\/strong><\/p>\n<p><strong>Nace Jos\u00e9 Reyes<\/strong><\/p>\n<p> Jos\u00e9 Reyes es el autor de la m\u00fasica del Himno Nacional de la Rep\u00fablica Dominicana, que fue tocado por primera vez  el d\u00eda 17 de agosto de 1883,  en un acto celebrado en la Logia Esperanza, de Santo Domingo.<\/p>\n<p><strong>Por HTN<\/strong><\/p>\n<p><strong>Diariodominicano.com<\/strong><\/p>\n<p><strong>SANTO DOMINGO, el  15 de noviembre de 1835,<\/strong>  naci\u00f3 en la ciudad de Santo Domingo, Jos\u00e9 Reyes, quien se destac\u00f3 como m\u00fasico.<\/p>\n<\/p>\n<p>    Jos\u00e9 Reyes es el autor de la m\u00fasica del Himno Nacional de la Rep\u00fablica Dominicana, que fue tocado por primera vez  el d\u00eda 17 de agosto de 1883,  en un acto celebrado en la Logia Esperanza, de Santo Domingo.<\/p>\n<\/p>\n<p>    El Himno Nacional fue escrito por el abogado y educador  Emilio Prud&#8217; Homme.<\/p>\n<\/p>\n<p>     Jos\u00e9 Reyes muri\u00f3 en la ciudad de Santo Domingo, el 31 de enero de 1905.<\/p>\n<\/p>\n<p>      El historiador Rufino Mart\u00ednez resalta que el autor de la m\u00fasica del Himno Nacional vivi\u00f3 una vida sencilla y modesta y nunca reclam\u00f3 honores.<\/p>\n<\/p>\n<h6> 2020-11-14 23:34:39 <\/h6>\n<p><!--\n<link rel=\"stylesheet\" href=\"css\/bootstrap.min.css\">\n\n\n<ul class=\"pagination\">\n\t    \n\t\n\n<li >\n\t<a href='?page_no=50'>Previous<\/a>\n\t<\/li>\n\n\n       \n    \n\n<li><a href='?page_no=1'>1<\/a><\/li>\n\n\n\n<li><a href='?page_no=2'>2<\/a><\/li>\n\n\n\n<li><a>...<\/a><\/li>\n\n\n\n<li><a href='?page_no=49'>49<\/a><\/li>\n\n\n\n<li><a href='?page_no=50'>50<\/a><\/li>\n\n\n\n<li class='active'><a>51<\/a><\/li>\n\n\n\n<li><a href='?page_no=52'>52<\/a><\/li>\n\n\n\n<li><a href='?page_no=53'>53<\/a><\/li>\n\n\n\n<li><a>...<\/a><\/li>\n\n\n\n<li><a href='?page_no=22911'>22911<\/a><\/li>\n\n\n\n<li><a href='?page_no=22912'>22912<\/a><\/li>\n\n    \n\t\n\n<li >\n\t<a href='?page_no=52'>Next<\/a>\n\t<\/li>\n\n\n    \n\n<li><a href='?page_no=22912'>Last &rsaquo;&rsaquo;<\/a><\/li>\n\n<\/ul>\n\n\n--><br \/>\n<\/body><\/p>\n","protected":false},"excerpt":{"rendered":"<p>Diariodominicano.com Nace Jos\u00e9 Reyes Jos\u00e9 Reyes es el autor de la m\u00fasica del Himno Nacional de la Rep\u00fablica Dominicana, que fue tocado por primera vez el d\u00eda 17 de agosto de 1883, en un acto celebrado en la Logia Esperanza, de Santo Domingo. Por HTN Diariodominicano.com SANTO DOMINGO, el 15 de noviembre de 1835, naci\u00f3 [&hellip;]<\/p>\n","protected":false},"author":3,"featured_media":0,"comment_status":"open","ping_status":"open","sticky":false,"template":"","format":"standard","meta":{"footnotes":""},"categories":[21],"tags":[],"class_list":["post-52795","post","type-post","status-publish","format-standard","hentry","category-cultura"],"_links":{"self":[{"href":"https:\/\/diariodominicano.com\/index.php?rest_route=\/wp\/v2\/posts\/52795","targetHints":{"allow":["GET"]}}],"collection":[{"href":"https:\/\/diariodominicano.com\/index.php?rest_route=\/wp\/v2\/posts"}],"about":[{"href":"https:\/\/diariodominicano.com\/index.php?rest_route=\/wp\/v2\/types\/post"}],"author":[{"embeddable":true,"href":"https:\/\/diariodominicano.com\/index.php?rest_route=\/wp\/v2\/users\/3"}],"replies":[{"embeddable":true,"href":"https:\/\/diariodominicano.com\/index.php?rest_route=%2Fwp%2Fv2%2Fcomments&post=52795"}],"version-history":[{"count":0,"href":"https:\/\/diariodominicano.com\/index.php?rest_route=\/wp\/v2\/posts\/52795\/revisions"}],"wp:attachment":[{"href":"https:\/\/diariodominicano.com\/index.php?rest_route=%2Fwp%2Fv2%2Fmedia&parent=52795"}],"wp:term":[{"taxonomy":"category","embeddable":true,"href":"https:\/\/diariodominicano.com\/index.php?rest_route=%2Fwp%2Fv2%2Fcategories&post=52795"},{"taxonomy":"post_tag","embeddable":true,"href":"https:\/\/diariodominicano.com\/index.php?rest_route=%2Fwp%2Fv2%2Ftags&post=52795"}],"curies":[{"name":"wp","href":"https:\/\/api.w.org\/{rel}","templated":true}]}}