{"id":527946,"date":"2024-05-03T00:00:17","date_gmt":"2024-05-03T04:00:17","guid":{"rendered":"https:\/\/diariodominicano.com\/?p=527946"},"modified":"2024-05-03T00:25:17","modified_gmt":"2024-05-03T04:25:17","slug":"grupo-popular-designa-a-noris-perello-abreu-consejera-emerita","status":"publish","type":"post","link":"https:\/\/diariodominicano.com\/?p=527946","title":{"rendered":"Grupo Popular designa a Noris Perell\u00f3 Abreu Consejera Em\u00e9rita"},"content":{"rendered":"\n<p> Desde la izquierda, los se\u00f1ores Carmen Pozo Perell\u00f3, Patricia Jim\u00e9nez de Pozo, Manuel Pozo Perell\u00f3, Noris Perell\u00f3 Abreu, Dolores Pozo Perell\u00f3 y Noris Pozo Perell\u00f3.<\/p>\n\n\n\n<p><strong>Destaca su liderazgo femenino en el sector empresarial dominicano<\/strong><\/p>\n\n\n\n<figure class=\"wp-block-image size-large\"><img loading=\"lazy\" decoding=\"async\" width=\"1024\" height=\"683\" src=\"https:\/\/diariodominicano.com\/wp-content\/uploads\/2024\/05\/YEI0506-Enhanced-NR-1024x683.jpg\" alt=\"\" class=\"wp-image-527950\" srcset=\"https:\/\/diariodominicano.com\/wp-content\/uploads\/2024\/05\/YEI0506-Enhanced-NR-1024x683.jpg 1024w, https:\/\/diariodominicano.com\/wp-content\/uploads\/2024\/05\/YEI0506-Enhanced-NR-300x200.jpg 300w, https:\/\/diariodominicano.com\/wp-content\/uploads\/2024\/05\/YEI0506-Enhanced-NR-768x512.jpg 768w, https:\/\/diariodominicano.com\/wp-content\/uploads\/2024\/05\/YEI0506-Enhanced-NR-1536x1024.jpg 1536w, https:\/\/diariodominicano.com\/wp-content\/uploads\/2024\/05\/YEI0506-Enhanced-NR-2048x1365.jpg 2048w, https:\/\/diariodominicano.com\/wp-content\/uploads\/2024\/05\/YEI0506-Enhanced-NR-816x544.jpg 816w\" sizes=\"auto, (max-width: 1024px) 100vw, 1024px\" \/><\/figure>\n\n\n\n<p><strong>Desde la izquierda, los se\u00f1ores Christopher Paniagua, Carmen Pozo Perell\u00f3, Manuel Pozo Perell\u00f3, Manuel A. Grull\u00f3n, Noris Perell\u00f3 Abreu, Dolores Pozo Perell\u00f3, Manuel E. Jim\u00e9nez F. y Noris Pozo Perell\u00f3.<\/strong><\/p>\n\n\n\n<p><strong>Santo Domingo, D.N<\/strong>. \u2013 El Grupo Popular anunci\u00f3 la designaci\u00f3n de la se\u00f1ora Noris Perell\u00f3 Abreu como Consejera Em\u00e9rita de su Consejo de Administraci\u00f3n, tras alcanzar la edad l\u00edmite establecida en los reglamentos internos de la empresa para el ejercicio de estas funciones y en reconocimiento a sus valiosos aportes a este \u00f3rgano de gobierno y al conjunto de la organizaci\u00f3n durante toda su trayectoria.<\/p>\n\n\n\n<figure class=\"wp-block-image size-large\"><img loading=\"lazy\" decoding=\"async\" width=\"1024\" height=\"683\" src=\"https:\/\/diariodominicano.com\/wp-content\/uploads\/2024\/05\/YEI0660-1024x683.jpg\" alt=\"\" class=\"wp-image-527957\" srcset=\"https:\/\/diariodominicano.com\/wp-content\/uploads\/2024\/05\/YEI0660-1024x683.jpg 1024w, https:\/\/diariodominicano.com\/wp-content\/uploads\/2024\/05\/YEI0660-300x200.jpg 300w, https:\/\/diariodominicano.com\/wp-content\/uploads\/2024\/05\/YEI0660-768x512.jpg 768w, https:\/\/diariodominicano.com\/wp-content\/uploads\/2024\/05\/YEI0660-1536x1024.jpg 1536w, https:\/\/diariodominicano.com\/wp-content\/uploads\/2024\/05\/YEI0660-2048x1365.jpg 2048w, https:\/\/diariodominicano.com\/wp-content\/uploads\/2024\/05\/YEI0660-816x544.jpg 816w\" sizes=\"auto, (max-width: 1024px) 100vw, 1024px\" \/><\/figure>\n\n\n\n<p><strong>La se\u00f1ora Noris Perell\u00f3 Abreu<\/strong><\/p>\n\n\n\n<figure class=\"wp-block-image size-large\"><img loading=\"lazy\" decoding=\"async\" width=\"1024\" height=\"683\" src=\"https:\/\/diariodominicano.com\/wp-content\/uploads\/2024\/05\/YEI0694-1-1024x683.jpg\" alt=\"\" class=\"wp-image-527959\" srcset=\"https:\/\/diariodominicano.com\/wp-content\/uploads\/2024\/05\/YEI0694-1-1024x683.jpg 1024w, https:\/\/diariodominicano.com\/wp-content\/uploads\/2024\/05\/YEI0694-1-300x200.jpg 300w, https:\/\/diariodominicano.com\/wp-content\/uploads\/2024\/05\/YEI0694-1-768x512.jpg 768w, https:\/\/diariodominicano.com\/wp-content\/uploads\/2024\/05\/YEI0694-1-1536x1024.jpg 1536w, https:\/\/diariodominicano.com\/wp-content\/uploads\/2024\/05\/YEI0694-1-2048x1365.jpg 2048w, https:\/\/diariodominicano.com\/wp-content\/uploads\/2024\/05\/YEI0694-1-816x544.jpg 816w\" sizes=\"auto, (max-width: 1024px) 100vw, 1024px\" \/><\/figure>\n\n\n\n<p><strong>Familiares de la se\u00f1ora Noris Perell\u00f3 Abreu.<\/strong><\/p>\n\n\n\n<p>Este tributo, de car\u00e1cter vitalicio, constituye el m\u00e1s alto honor que el Grupo Popular concede a aquellos consejeros que, durante al menos 15 a\u00f1os, han contribuido de manera notoria y digna al desarrollo de la sociedad, y que alcanzan la edad l\u00edmite para ser elegibles.<\/p>\n\n\n\n<figure class=\"wp-block-image size-large\"><img loading=\"lazy\" decoding=\"async\" width=\"1024\" height=\"683\" src=\"https:\/\/diariodominicano.com\/wp-content\/uploads\/2024\/05\/YEI0594-1024x683.jpg\" alt=\"\" class=\"wp-image-527953\" srcset=\"https:\/\/diariodominicano.com\/wp-content\/uploads\/2024\/05\/YEI0594-1024x683.jpg 1024w, https:\/\/diariodominicano.com\/wp-content\/uploads\/2024\/05\/YEI0594-300x200.jpg 300w, https:\/\/diariodominicano.com\/wp-content\/uploads\/2024\/05\/YEI0594-768x512.jpg 768w, https:\/\/diariodominicano.com\/wp-content\/uploads\/2024\/05\/YEI0594-1536x1024.jpg 1536w, https:\/\/diariodominicano.com\/wp-content\/uploads\/2024\/05\/YEI0594-2048x1365.jpg 2048w, https:\/\/diariodominicano.com\/wp-content\/uploads\/2024\/05\/YEI0594-816x544.jpg 816w\" sizes=\"auto, (max-width: 1024px) 100vw, 1024px\" \/><\/figure>\n\n\n\n<p><strong> Desde la izquierda, los se\u00f1ores Manuel A. Grull\u00f3n, Noris Perell\u00f3 Abreu y Marino D. Espinal.<\/strong><\/p>\n\n\n\n<p>Do\u00f1a Noris Perell\u00f3 Abreu ingres\u00f3 al Consejo de Administraci\u00f3n del Banco Popular Dominicano en agosto de 1991 y al de Grupo Popular en abril de 1994, integrando los comit\u00e9s Ejecutivo y Estrat\u00e9gico, de Cr\u00e9dito y de Nombramiento y Remuneraciones.<\/p>\n\n\n\n<figure class=\"wp-block-image size-large\"><img loading=\"lazy\" decoding=\"async\" width=\"1024\" height=\"683\" src=\"https:\/\/diariodominicano.com\/wp-content\/uploads\/2024\/05\/YEI0705-1-1024x683.jpg\" alt=\"\" class=\"wp-image-527961\" srcset=\"https:\/\/diariodominicano.com\/wp-content\/uploads\/2024\/05\/YEI0705-1-1024x683.jpg 1024w, https:\/\/diariodominicano.com\/wp-content\/uploads\/2024\/05\/YEI0705-1-300x200.jpg 300w, https:\/\/diariodominicano.com\/wp-content\/uploads\/2024\/05\/YEI0705-1-768x512.jpg 768w, https:\/\/diariodominicano.com\/wp-content\/uploads\/2024\/05\/YEI0705-1-1536x1024.jpg 1536w, https:\/\/diariodominicano.com\/wp-content\/uploads\/2024\/05\/YEI0705-1-2048x1365.jpg 2048w, https:\/\/diariodominicano.com\/wp-content\/uploads\/2024\/05\/YEI0705-1-816x544.jpg 816w\" sizes=\"auto, (max-width: 1024px) 100vw, 1024px\" \/><\/figure>\n\n\n\n<p> <strong>Las se\u00f1oras Daisy Perell\u00f3 Abreu y Noris Perell\u00f3 Abreu.<\/strong><\/p>\n\n\n\n<p>La designaci\u00f3n de la se\u00f1ora Perell\u00f3 Abreu como Consejera Em\u00e9rita fue ratificada en la Asamblea General Extraordinaria-Ordinaria Anual de Accionistas del Grupo Popular, realizada el pasado 27 de abril.<\/p>\n\n\n\n<p>El se\u00f1or Manuel A. Grull\u00f3n, presidente del Consejo de Administraci\u00f3n de Grupo Popular, dijo durante el acto de reconocimiento ante consejeros, ejecutivos y familiares que desde \u201csu experiencia de exitosa empresaria y con su caracter\u00edstica agudeza femenina y buen sentido del humor, do\u00f1a Noris hizo significativos aportes durante las sesiones del Consejo de Administraci\u00f3n\u201d.<\/p>\n\n\n\n<p>\u201cEstas contribuciones constituyen un legado de parte al modelo de gobernabilidad y a las eficaces directrices que emanan de nuestro m\u00e1ximo \u00f3rgano administrativo\u201d, indic\u00f3 el se\u00f1or Grull\u00f3n.<\/p>\n\n\n\n<p>El reconocimiento tuvo lugar en la Torre Popular, sede del Grupo Popular, y en su transcurso se realiz\u00f3 el develamiento de un retrato de la se\u00f1ora Perell\u00f3 Abreu, obra del destacado artista Miguel N\u00fa\u00f1ez, el cual formar\u00e1 parte de la Galer\u00eda de Consejeros Em\u00e9ritos de Grupo Popular.<\/p>\n\n\n\n<p><strong>Ejemplo de liderazgo femenino<\/strong><\/p>\n\n\n\n<p>Do\u00f1a Noris Perell\u00f3 Abreu resalta como una de las primeras mujeres en ocupar roles de alto nivel en consejos administrativos empresariales en la Rep\u00fablica Dominicana.<\/p>\n\n\n\n<p>Su ejemplo empresarial se enmarca en la familia Perell\u00f3, importantes empresarios de Ban\u00ed, provincia Peravia, que se destacan en la sociedad dominicana como emprendedores, generadores de empleos y de riqueza social, adem\u00e1s de ser tambi\u00e9n reconocidos por su amplio esp\u00edritu filantr\u00f3pico y su preocupaci\u00f3n por la educaci\u00f3n y el desarrollo humano. El Centro Cultural Perell\u00f3, en Ban\u00ed, es una muestra de ello, habi\u00e9ndose convertido en un lugar clave que concentra buena parte de la oferta cultural sure\u00f1a, con una programaci\u00f3n anual de exposiciones, conciertos, talleres, teatro y cine.<\/p>\n\n\n\n<p>EDIMENGRID ABREU ABREU<\/p>\n\n\n\n<p><a target=\"_blank\" href=\"mailto:edabreu@bpd.com.do\" rel=\"noreferrer noopener\">edabreu@bpd.com.do<\/a><\/p>\n\n\n\n<p><strong>Vicepresidencia Ejecutiva<\/strong><\/p>\n\n\n\n<p><strong>Comunicaciones Corporativas, Reputaci\u00f3n y Banca Responsable<\/strong><\/p>\n\n\n\n<p><strong>Grupo Popular, S. A.<\/strong><\/p>\n","protected":false},"excerpt":{"rendered":"<p>Desde la izquierda, los se\u00f1ores Carmen Pozo Perell\u00f3, Patricia Jim\u00e9nez de Pozo, Manuel Pozo Perell\u00f3, Noris Perell\u00f3 Abreu, Dolores Pozo Perell\u00f3 y Noris Pozo Perell\u00f3. Destaca su liderazgo femenino en el sector empresarial dominicano Desde la izquierda, los se\u00f1ores Christopher Paniagua, Carmen Pozo Perell\u00f3, Manuel Pozo Perell\u00f3, Manuel A. Grull\u00f3n, Noris Perell\u00f3 Abreu, Dolores Pozo [&hellip;]<\/p>\n","protected":false},"author":28,"featured_media":527947,"comment_status":"closed","ping_status":"closed","sticky":false,"template":"","format":"standard","meta":{"footnotes":""},"categories":[36,20,27],"tags":[],"class_list":["post-527946","post","type-post","status-publish","format-standard","has-post-thumbnail","hentry","category-hombresmujeresycosas","category-dominicana-hoy","category-portada"],"_links":{"self":[{"href":"https:\/\/diariodominicano.com\/index.php?rest_route=\/wp\/v2\/posts\/527946","targetHints":{"allow":["GET"]}}],"collection":[{"href":"https:\/\/diariodominicano.com\/index.php?rest_route=\/wp\/v2\/posts"}],"about":[{"href":"https:\/\/diariodominicano.com\/index.php?rest_route=\/wp\/v2\/types\/post"}],"author":[{"embeddable":true,"href":"https:\/\/diariodominicano.com\/index.php?rest_route=\/wp\/v2\/users\/28"}],"replies":[{"embeddable":true,"href":"https:\/\/diariodominicano.com\/index.php?rest_route=%2Fwp%2Fv2%2Fcomments&post=527946"}],"version-history":[{"count":6,"href":"https:\/\/diariodominicano.com\/index.php?rest_route=\/wp\/v2\/posts\/527946\/revisions"}],"predecessor-version":[{"id":527962,"href":"https:\/\/diariodominicano.com\/index.php?rest_route=\/wp\/v2\/posts\/527946\/revisions\/527962"}],"wp:featuredmedia":[{"embeddable":true,"href":"https:\/\/diariodominicano.com\/index.php?rest_route=\/wp\/v2\/media\/527947"}],"wp:attachment":[{"href":"https:\/\/diariodominicano.com\/index.php?rest_route=%2Fwp%2Fv2%2Fmedia&parent=527946"}],"wp:term":[{"taxonomy":"category","embeddable":true,"href":"https:\/\/diariodominicano.com\/index.php?rest_route=%2Fwp%2Fv2%2Fcategories&post=527946"},{"taxonomy":"post_tag","embeddable":true,"href":"https:\/\/diariodominicano.com\/index.php?rest_route=%2Fwp%2Fv2%2Ftags&post=527946"}],"curies":[{"name":"wp","href":"https:\/\/api.w.org\/{rel}","templated":true}]}}