{"id":527884,"date":"2024-05-02T17:48:12","date_gmt":"2024-05-02T21:48:12","guid":{"rendered":"https:\/\/diariodominicano.com\/?p=527884"},"modified":"2024-05-02T17:48:17","modified_gmt":"2024-05-02T21:48:17","slug":"fiscalia-de-la-romana-obtiene-20-anos-de-prision-contra-hombre-que-mato-a-otro-hace-10-anos","status":"publish","type":"post","link":"https:\/\/diariodominicano.com\/?p=527884","title":{"rendered":"Fiscal\u00eda de La Romana obtiene 20 a\u00f1os de prisi\u00f3n contra hombre que mat\u00f3  a otro hace 10 a\u00f1os"},"content":{"rendered":"\n<p>LA ROMANA, Rep\u00fablica Dominicana.- La Fiscal\u00eda de La Romana logr\u00f3 que un tribunal de esta provincia condenara a 20 a\u00f1os de prisi\u00f3n a un hombre que hace 10 a\u00f1os le provoc\u00f3 la muerte a otro de un disparo en la frente, con un arma de fuego ilegal, mientras sosten\u00edan una discusi\u00f3n.<\/p>\n\n\n\n<p>El Tribunal Colegiado de esta demarcaci\u00f3n dict\u00f3 la sentencia condenatoria en contra de Armando Jos\u00e9 P\u00e9rez (Nandito) por provocarle la muerte a Willian Renal Sano, luego de que lo ubicara pr\u00f3ximo a su residencia en el sector Villa Progreso, donde la v\u00edctima compart\u00eda con varios amigos.<\/p>\n\n\n\n<p>Renal Sano falleci\u00f3 a causa del impacto de bala en la frente, que le provoc\u00f3 una herida de contacto por proyectil de arma de fuego, ca\u00f1\u00f3n corto, con entrada en la regi\u00f3n frontal, lado izquierdo, y salida en la regi\u00f3n temporal derecha.<\/p>\n\n\n\n<p>En el proceso el Ministerio P\u00fablico estableci\u00f3 que el hecho se produjo por motivos personales el 29 de marzo de 2014, alrededor de las 10:00 de la ma\u00f1ana, luego de que el victimario, a bordo de una motocicleta AX-100, se presentara al lugar donde se encontraba el hoy occiso.&nbsp;<\/p>\n\n\n\n<p>Tras cometer el hecho, P\u00e9rez emprendi\u00f3 la huida, siendo ejecutado su arresto cinco a\u00f1os despu\u00e9s en dicho sector, mediante la orden judicial No. 83-2014, el 10 de diciembre del a\u00f1o 2019, aproximadamente a las 7:30 de la ma\u00f1ana, como resultado del seguimiento al caso.<\/p>\n\n\n\n<p>La investigaci\u00f3n del caso estuvo a cargo de la fiscal Johanny L\u00f3pez, mientras que en la litigaci\u00f3n el Ministerio P\u00fablico estuvo representado por la fiscal Betty Josefina Polanco, quien logr\u00f3 demostrar los hechos contenidos en la acusaci\u00f3n.<\/p>\n\n\n\n<p>P\u00e9rez, quien adem\u00e1s fue sentenciado al pago de las costas penales del proceso, deber\u00e1 cumplir la pena en el Centro de Correcci\u00f3n y Rehabilitaci\u00f3n Cucama, de la provincia La Romana, por disposici\u00f3n del tribunal.<\/p>\n\n\n\n<p>Los jueces M\u00e1ximo Agust\u00edn Reyes Vanderhorst, Jossephang Bernhardt Nivar e Idenisse Catedral Ozuna dictaron la sentencia condenatoria luego de acoger la acusaci\u00f3n presentada por el Ministerio P\u00fablico.<\/p>\n\n\n\n<p><strong>Direcci\u00f3n General de Comunicaci\u00f3n, Prensa, y RRPP<\/strong><strong><\/strong><\/p>\n\n\n\n<p>Ministerio P\u00fablico. R.D.<\/p>\n\n\n\n<p>Jueves, 2 de mayo de 2024.<\/p>\n","protected":false},"excerpt":{"rendered":"<p>LA ROMANA, Rep\u00fablica Dominicana.- La Fiscal\u00eda de La Romana logr\u00f3 que un tribunal de esta provincia condenara a 20 a\u00f1os de prisi\u00f3n a un hombre que hace 10 a\u00f1os le provoc\u00f3 la muerte a otro de un disparo en la frente, con un arma de fuego ilegal, mientras sosten\u00edan una discusi\u00f3n. El Tribunal Colegiado de [&hellip;]<\/p>\n","protected":false},"author":28,"featured_media":344836,"comment_status":"closed","ping_status":"closed","sticky":false,"template":"","format":"standard","meta":{"footnotes":""},"categories":[24,29,27],"tags":[],"class_list":["post-527884","post","type-post","status-publish","format-standard","has-post-thumbnail","hentry","category-justicia-y-derecho","category-policiasucesos","category-portada"],"_links":{"self":[{"href":"https:\/\/diariodominicano.com\/index.php?rest_route=\/wp\/v2\/posts\/527884","targetHints":{"allow":["GET"]}}],"collection":[{"href":"https:\/\/diariodominicano.com\/index.php?rest_route=\/wp\/v2\/posts"}],"about":[{"href":"https:\/\/diariodominicano.com\/index.php?rest_route=\/wp\/v2\/types\/post"}],"author":[{"embeddable":true,"href":"https:\/\/diariodominicano.com\/index.php?rest_route=\/wp\/v2\/users\/28"}],"replies":[{"embeddable":true,"href":"https:\/\/diariodominicano.com\/index.php?rest_route=%2Fwp%2Fv2%2Fcomments&post=527884"}],"version-history":[{"count":1,"href":"https:\/\/diariodominicano.com\/index.php?rest_route=\/wp\/v2\/posts\/527884\/revisions"}],"predecessor-version":[{"id":527885,"href":"https:\/\/diariodominicano.com\/index.php?rest_route=\/wp\/v2\/posts\/527884\/revisions\/527885"}],"wp:featuredmedia":[{"embeddable":true,"href":"https:\/\/diariodominicano.com\/index.php?rest_route=\/wp\/v2\/media\/344836"}],"wp:attachment":[{"href":"https:\/\/diariodominicano.com\/index.php?rest_route=%2Fwp%2Fv2%2Fmedia&parent=527884"}],"wp:term":[{"taxonomy":"category","embeddable":true,"href":"https:\/\/diariodominicano.com\/index.php?rest_route=%2Fwp%2Fv2%2Fcategories&post=527884"},{"taxonomy":"post_tag","embeddable":true,"href":"https:\/\/diariodominicano.com\/index.php?rest_route=%2Fwp%2Fv2%2Ftags&post=527884"}],"curies":[{"name":"wp","href":"https:\/\/api.w.org\/{rel}","templated":true}]}}