{"id":527845,"date":"2024-05-02T15:51:52","date_gmt":"2024-05-02T19:51:52","guid":{"rendered":"https:\/\/diariodominicano.com\/?p=527845"},"modified":"2024-05-02T15:51:58","modified_gmt":"2024-05-02T19:51:58","slug":"arrestado-reconocido-narcotraficante-pedro-cadena-condenado-a-7-anos-de-prision-en-santiago-policia-nacional","status":"publish","type":"post","link":"https:\/\/diariodominicano.com\/?p=527845","title":{"rendered":"Arrestado reconocido narcotraficante \u201cPedro Cadena\u201d, condenado a 7 a\u00f1os de prisi\u00f3n en Santiago: Polic\u00eda Nacional"},"content":{"rendered":"\n<p>Archivo:<\/p>\n\n\n\n<p><strong>Santiago de los Caballeros, 2 de Mayo de 2024.-<\/strong>\u00a0Fue apresado por miembros policiales de Investigaci\u00f3n, adscritos al Departamento de Mary L\u00f3pez, el reconocido narcotraficante Pedro Luis Castro Rodr\u00edguez (Pedro Cadena), de 41 a\u00f1os, y residente en el distrito municipal La Canela, inform\u00f3 el jueves la Direcci\u00f3n Regional Cibao Central, Polic\u00eda Nacional.<\/p>\n\n\n\n<p>En un comunicado de prensa  se\u00f1al\u00f3\u2002que Castro Rodr\u00edguez fue detenido en virtud de la orden de resoluci\u00f3n de pena No. 1525-2024-sadm-00058, condenado a 7 a\u00f1os de prisi\u00f3n por violaci\u00f3n a la ley 50-88, sobre drogas y sustancias controladas.<\/p>\n\n\n\n<p>Pedro Cadena fue sometido el 6 de julio del a\u00f1o 2020 por la misma actividad il\u00edcita.<\/p>\n\n\n\n<p>El detenido fue remitido al departamento correspondiente para el debido procedimiento legal, report\u00f3 la Oficina de Informaci\u00f3n y Comunicaciones\u2002Estrat\u00e9gicas\u2002de la Polic\u00eda Nacional en Santiago.<\/p>\n\n\n\n<p>policia nacional<\/p>\n\n\n\n<p><a target=\"_blank\" href=\"mailto:npolicia14@gmail.com\" rel=\"noreferrer noopener\">npolicia14@gmail.com<\/a><\/p>\n","protected":false},"excerpt":{"rendered":"<p>Archivo: Santiago de los Caballeros, 2 de Mayo de 2024.-\u00a0Fue apresado por miembros policiales de Investigaci\u00f3n, adscritos al Departamento de Mary L\u00f3pez, el reconocido narcotraficante Pedro Luis Castro Rodr\u00edguez (Pedro Cadena), de 41 a\u00f1os, y residente en el distrito municipal La Canela, inform\u00f3 el jueves la Direcci\u00f3n Regional Cibao Central, Polic\u00eda Nacional. En un comunicado [&hellip;]<\/p>\n","protected":false},"author":28,"featured_media":324836,"comment_status":"closed","ping_status":"closed","sticky":false,"template":"","format":"standard","meta":{"footnotes":""},"categories":[24,29,27],"tags":[],"class_list":["post-527845","post","type-post","status-publish","format-standard","has-post-thumbnail","hentry","category-justicia-y-derecho","category-policiasucesos","category-portada"],"_links":{"self":[{"href":"https:\/\/diariodominicano.com\/index.php?rest_route=\/wp\/v2\/posts\/527845","targetHints":{"allow":["GET"]}}],"collection":[{"href":"https:\/\/diariodominicano.com\/index.php?rest_route=\/wp\/v2\/posts"}],"about":[{"href":"https:\/\/diariodominicano.com\/index.php?rest_route=\/wp\/v2\/types\/post"}],"author":[{"embeddable":true,"href":"https:\/\/diariodominicano.com\/index.php?rest_route=\/wp\/v2\/users\/28"}],"replies":[{"embeddable":true,"href":"https:\/\/diariodominicano.com\/index.php?rest_route=%2Fwp%2Fv2%2Fcomments&post=527845"}],"version-history":[{"count":1,"href":"https:\/\/diariodominicano.com\/index.php?rest_route=\/wp\/v2\/posts\/527845\/revisions"}],"predecessor-version":[{"id":527846,"href":"https:\/\/diariodominicano.com\/index.php?rest_route=\/wp\/v2\/posts\/527845\/revisions\/527846"}],"wp:featuredmedia":[{"embeddable":true,"href":"https:\/\/diariodominicano.com\/index.php?rest_route=\/wp\/v2\/media\/324836"}],"wp:attachment":[{"href":"https:\/\/diariodominicano.com\/index.php?rest_route=%2Fwp%2Fv2%2Fmedia&parent=527845"}],"wp:term":[{"taxonomy":"category","embeddable":true,"href":"https:\/\/diariodominicano.com\/index.php?rest_route=%2Fwp%2Fv2%2Fcategories&post=527845"},{"taxonomy":"post_tag","embeddable":true,"href":"https:\/\/diariodominicano.com\/index.php?rest_route=%2Fwp%2Fv2%2Ftags&post=527845"}],"curies":[{"name":"wp","href":"https:\/\/api.w.org\/{rel}","templated":true}]}}