{"id":52784,"date":"2020-06-16T09:49:22","date_gmt":"2020-06-16T09:49:22","guid":{"rendered":"http:\/\/diariodominicano.ddns.net\/?p=52784"},"modified":"2020-06-16T09:49:22","modified_gmt":"2020-06-16T09:49:22","slug":"ministerio-de-educacion-anuncia-las-bases-para-seleccion-de-ganadores-al-premio-de-excelencia-magisterial-2020","status":"publish","type":"post","link":"https:\/\/diariodominicano.com\/?p=52784","title":{"rendered":"Ministerio de Educaci\u00f3n anuncia las bases para selecci\u00f3n de ganadores al Premio de Excelencia Magisterial 2020"},"content":{"rendered":"<p><body><\/p>\n<p><img decoding=\"async\" src=\"img3\/MINERD-16-6-2020.jpg\" \/>  <\/p>\n<p><span class=\"text1noticias\"> <\/span><\/p>\n<p><span class=\"text1noticias\"> <\/span><\/p>\n<p><span class=\"text1noticias\">diariodominicano.com<\/span><\/p>\n<p><span class=\"text1noticias\"> <\/span><\/p>\n<p><span class=\"text1noticias\">Santo Domingo, R. D., 16 de junio, 2020.-  El Ministerio de Educaci\u00f3n MINERD anunci\u00f3 las bases del concurso para seleccionar los ganadores del premio a la Excelencia Magisterial 2020, el cual busca reconocer las buenas pr\u00e1cticas y la consagrada labor en las aulas realizada por los docentes que contribuyen al desarrollo de la educaci\u00f3n.<\/span><\/p>\n<p><span class=\"text1noticias\"> <\/span><\/p>\n<p><span class=\"text1noticias\">La premiaci\u00f3n organizada por la Direcci\u00f3n General de Cultura del MINERD, se realizar\u00e1 el pr\u00f3ximo d\u00eda 30 del corriente mes y ser\u00e1 encabezada por el presidente de la Rep\u00fablica, Danilo Medina S\u00e1nchez.<\/span><\/p>\n<p><span class=\"text1noticias\"> <\/span><\/p>\n<p><span class=\"text1noticias\">La directora de cultura de la cartera educativa, Sara Mer\u00e1n, dijo que para el ministro Antonio Pe\u00f1a Mirabal el galard\u00f3n es de suma importancia, ya que en estos momentos de crisis sanitaria debido al COVID-19, es bueno que los maestros sean reconocidos para resaltar su esfuerzo durante la pandemia.<\/span><\/p>\n<p><span class=\"text1noticias\"> <\/span><\/p>\n<p><span class=\"text1noticias\">\u00abEste evento, el cual sirve de est\u00edmulo para la parte docente, ahora m\u00e1s que nunca debe hacerse, para que los maestros se sientan reconocidos y as\u00ed demostrarles la importancia de su trabajo en medio de una situaci\u00f3n mundial, como el COVID-19\u00bb, resalt\u00f3.<\/span><\/p>\n<p><span class=\"text1noticias\"> <\/span><\/p>\n<p><span class=\"text1noticias\">Mer\u00e1n explic\u00f3 que los postulantes tienen hasta el jueves 18 de junio para entregar los expedientes a sus regionales, y una vez all\u00ed, \u00e9stas pre seleccionar\u00e1n 9 dossier por cada regional, que ser\u00e1n revisados por una comisi\u00f3n y el Consejo Nacional de Educaci\u00f3n, en la sede del MINERD.<\/span><\/p>\n<p><span class=\"text1noticias\"> <\/span><\/p>\n<p><span class=\"text1noticias\">Entre los criterios de evaluaci\u00f3n para la premiaci\u00f3n docente la funcionaria mencion\u00f3 que, uno de ellos es el tiempo en servicio y experiencia docente, que deber\u00e1 estar avalado por su jefe inmediato, con firma y sello de la autoridad correspondiente y\/o una certificaci\u00f3n oficial de su tiempo en servicio y ser\u00e1 dividido en tres renglones: de 15 a 19 a\u00f1os, Est\u00edmulo; de 20 a 24, Reconocimiento y de 25 a\u00f1os en adelante, Honor.<\/span><\/p>\n<p><span class=\"text1noticias\"> <\/span><\/p>\n<p><span class=\"text1noticias\">Asimismo, dijo que se valorar\u00e1 la pr\u00e1ctica pedag\u00f3gica y de desempe\u00f1o el cual se refiere a la valoraci\u00f3n de la pr\u00e1ctica de aula centrada en las competencias relacionadas con la gesti\u00f3n de procesos, ambientes, recursos y medios para el desarrollo de los aprendizajes.<\/span><\/p>\n<p><span class=\"text1noticias\"> <\/span><\/p>\n<p><span class=\"text1noticias\">De igual forma explic\u00f3 que el candidato debe presentar evidencias sobre su formaci\u00f3n y actualizaci\u00f3n docente, y que este tercer punto constituye un elemento primordial de los procesos que se desarrollan en las aulas, por lo que aqu\u00ed se valorar\u00e1 el desarrollo de la vocaci\u00f3n mostrada por el o la candidata y la responsabilidad que asume con su formaci\u00f3n permanente para el propio crecimiento profesional y de la comunidad educativa.<\/span><\/p>\n<p><span class=\"text1noticias\"> <\/span><\/p>\n<p><span class=\"text1noticias\">Y, por \u00faltimo, Meran indic\u00f3 el desarrollo educativo social y cultural como un cuarto punto. Dijo que en este rengl\u00f3n se resaltar\u00e1 el papel que juega el o la docente en el desarrollo social y cultural de la comunidad donde est\u00e1 la escuela; sus aportes al fortalecimiento de la relaci\u00f3n escuela ?familia-comunidad, as\u00ed como su contribuci\u00f3n al desarrollo del liderazgo comunitario y su participaci\u00f3n activa y responsable como miembro de la comunidad.<\/span><\/p>\n<p><span class=\"text1noticias\"> <\/span><\/p>\n<p><span class=\"text1noticias\">Para m\u00e1s informaci\u00f3n sobre el premio, invit\u00f3 a visitar la p\u00e1gina web del Ministerio de Educaci\u00f3n www.minerd.gob.do y para participar solo tiene que descargar y rellenar el formulario colgado en el portal oficial.<\/span><\/p>\n<p><span class=\"text1noticias\"> <\/span><\/p>\n<p><span class=\"text1noticias\">El galard\u00f3n a la Excelencia Magisterial est\u00e1 instituido en virtud del decreto 285-06, a trav\u00e9s del cual el Estado reconoce a personalidades e instituciones nacionales e internacionales que honran con su labor educativa a la naci\u00f3n dominicana.<\/span><\/p>\n<p><span class=\"text1noticias\"> <\/span><\/p>\n<p><span class=\"text1noticias\"> <\/span><\/p>\n<p><span class=\"text1noticias\">Fuente: Prensa MINERD<\/span><\/p>\n<p><span class=\"text1noticias\">Direcci\u00f3n de Comunicaci\u00f3n y Relaciones P\u00fablicas <\/span><\/p>\n<p><span class=\"text1noticias\"> Licda. Magdalena Nu\u00f1ez<\/span><\/p>\n<p><span class=\"text1noticias\">Enc. Relaciones P\u00fablicas <\/span><\/p>\n<p><span class=\"text1noticias\">Ministerio Educaci\u00f3n Rep\u00fablica Dominicana<\/span><\/p>\n<p><span class=\"text1noticias\">16 de junio del 2020<\/span><\/p>\n<h6> 2020-06-16 09:49:22 <\/h6>\n<p><!--\n<link rel=\"stylesheet\" href=\"css\/bootstrap.min.css\">\n\n\n<ul class=\"pagination\">\n\t    \n\t\n\n<li >\n\t<a href='?page_no=508'>Previous<\/a>\n\t<\/li>\n\n\n       \n    \n\n<li><a href='?page_no=1'>1<\/a><\/li>\n\n\n\n<li><a href='?page_no=2'>2<\/a><\/li>\n\n\n\n<li><a>...<\/a><\/li>\n\n\n\n<li><a href='?page_no=507'>507<\/a><\/li>\n\n\n\n<li><a href='?page_no=508'>508<\/a><\/li>\n\n\n\n<li class='active'><a>509<\/a><\/li>\n\n\n\n<li><a href='?page_no=510'>510<\/a><\/li>\n\n\n\n<li><a href='?page_no=511'>511<\/a><\/li>\n\n\n\n<li><a>...<\/a><\/li>\n\n\n\n<li><a href='?page_no=22911'>22911<\/a><\/li>\n\n\n\n<li><a href='?page_no=22912'>22912<\/a><\/li>\n\n    \n\t\n\n<li >\n\t<a href='?page_no=510'>Next<\/a>\n\t<\/li>\n\n\n    \n\n<li><a href='?page_no=22912'>Last &rsaquo;&rsaquo;<\/a><\/li>\n\n<\/ul>\n\n\n--><br \/>\n<\/body><\/p>\n","protected":false},"excerpt":{"rendered":"<p>diariodominicano.com Santo Domingo, R. D., 16 de junio, 2020.- El Ministerio de Educaci\u00f3n MINERD anunci\u00f3 las bases del concurso para seleccionar los ganadores del premio a la Excelencia Magisterial 2020, el cual busca reconocer las buenas pr\u00e1cticas y la consagrada labor en las aulas realizada por los docentes que contribuyen al desarrollo de la educaci\u00f3n. [&hellip;]<\/p>\n","protected":false},"author":3,"featured_media":0,"comment_status":"open","ping_status":"open","sticky":false,"template":"","format":"standard","meta":{"footnotes":""},"categories":[21],"tags":[],"class_list":["post-52784","post","type-post","status-publish","format-standard","hentry","category-cultura"],"_links":{"self":[{"href":"https:\/\/diariodominicano.com\/index.php?rest_route=\/wp\/v2\/posts\/52784","targetHints":{"allow":["GET"]}}],"collection":[{"href":"https:\/\/diariodominicano.com\/index.php?rest_route=\/wp\/v2\/posts"}],"about":[{"href":"https:\/\/diariodominicano.com\/index.php?rest_route=\/wp\/v2\/types\/post"}],"author":[{"embeddable":true,"href":"https:\/\/diariodominicano.com\/index.php?rest_route=\/wp\/v2\/users\/3"}],"replies":[{"embeddable":true,"href":"https:\/\/diariodominicano.com\/index.php?rest_route=%2Fwp%2Fv2%2Fcomments&post=52784"}],"version-history":[{"count":0,"href":"https:\/\/diariodominicano.com\/index.php?rest_route=\/wp\/v2\/posts\/52784\/revisions"}],"wp:attachment":[{"href":"https:\/\/diariodominicano.com\/index.php?rest_route=%2Fwp%2Fv2%2Fmedia&parent=52784"}],"wp:term":[{"taxonomy":"category","embeddable":true,"href":"https:\/\/diariodominicano.com\/index.php?rest_route=%2Fwp%2Fv2%2Fcategories&post=52784"},{"taxonomy":"post_tag","embeddable":true,"href":"https:\/\/diariodominicano.com\/index.php?rest_route=%2Fwp%2Fv2%2Ftags&post=52784"}],"curies":[{"name":"wp","href":"https:\/\/api.w.org\/{rel}","templated":true}]}}