{"id":527838,"date":"2024-05-02T15:00:19","date_gmt":"2024-05-02T19:00:19","guid":{"rendered":"https:\/\/diariodominicano.com\/?p=527838"},"modified":"2024-05-02T15:00:58","modified_gmt":"2024-05-02T19:00:58","slug":"tribunal-colegiado-de-samana-condena-a-10-anos-de-prision-a-un-hombre-que-intento-perpetrar-robo-en-vivienda","status":"publish","type":"post","link":"https:\/\/diariodominicano.com\/?p=527838","title":{"rendered":"Tribunal Colegiado  de Saman\u00e1 condena a 10 a\u00f1os de prisi\u00f3n a un hombre que intent\u00f3 perpetrar robo en vivienda"},"content":{"rendered":"\n<p><strong>SAMAN\u00c1, Rep\u00fablica Dominicana.<\/strong>&#8211; El Ministerio P\u00fablico obtuvo una sentencia condenatoria de 10 a\u00f1os de prisi\u00f3n en contra de un hombre que el pasado a\u00f1o penetr\u00f3 a una vivienda habitada de esta provincia con la intenci\u00f3n de ejecutar un robo.<\/p>\n\n\n\n<p>El Tribunal Colegiado del Distrito Judicial de Saman\u00e1 dict\u00f3 la sentencia condenatoria en contra de Yimi Lora Parra, quien fue hallado culpable de tentativa de robo en perjuicio de una pareja de esposos, cuyos nombres se omiten para preservar su identidad.<\/p>\n\n\n\n<p>El expediente del caso se\u00f1ala que el hecho ocurri\u00f3 en fecha 14 de enero de 2023, alrededor de las 8:00 de la noche, en momentos en que la pareja se encontraba acostada en la vivienda donde residen en el municipio Las Terrenas.<\/p>\n\n\n\n<p>Indica que cuando Lora Parra penetr\u00f3 al lugar empez\u00f3 a sonar la alarma de seguridad que estaba conectada con los sensores de seguridad distribuidos en varias partes de la vivienda, por lo que el propietario de la misma procedi\u00f3 a levantarse para verificar la pantalla de la c\u00e1mara.<\/p>\n\n\n\n<p>Detalla que el due\u00f1o de la vivienda logr\u00f3 observar al hoy procesado en la terraza mientras verificaba el \u00e1rea con la intenci\u00f3n de perpetrar el robo, por lo que se dirigi\u00f3 al lugar. Refiere que Lora Parra tom\u00f3 alimentos que se encontraban en la nevera y, que, al percatarse de que la v\u00edctima se acercaba al lugar, procedi\u00f3 a emprender la huida.<\/p>\n\n\n\n<p>Durante la investigaci\u00f3n realizada por el fiscal Natanael Fr\u00edas fueron recolectadas diferentes pruebas con las que el Ministerio P\u00fablico, representado por los fiscales litigantes Daniel Rijo y Anni Concepci\u00f3n, logr\u00f3 demostrar los hechos.<\/p>\n\n\n\n<p>Los jueces Edward Jos\u00e9 Soto Soto, Martha Mireya Indhira Javier Cedano y Mayra Josefina de la Cruz, declararon a Lora Parra culpable de violar los art\u00edculos 2, 379 y 385.1.2 del C\u00f3digo Penal Dominicano.<\/p>\n\n\n\n<p>El tribunal orden\u00f3 el cumplimiento de la sentencia en la c\u00e1rcel p\u00fablica de Saman\u00e1.<\/p>\n\n\n\n<p><strong>Direcci\u00f3n General de Comunicaci\u00f3n, Prensa, y RRPP<\/strong><strong><\/strong><\/p>\n\n\n\n<p>Ministerio P\u00fablico. R.D.<\/p>\n\n\n\n<p>Jueves, 2 de mayo de 2024.<\/p>\n","protected":false},"excerpt":{"rendered":"<p>SAMAN\u00c1, Rep\u00fablica Dominicana.&#8211; El Ministerio P\u00fablico obtuvo una sentencia condenatoria de 10 a\u00f1os de prisi\u00f3n en contra de un hombre que el pasado a\u00f1o penetr\u00f3 a una vivienda habitada de esta provincia con la intenci\u00f3n de ejecutar un robo. El Tribunal Colegiado del Distrito Judicial de Saman\u00e1 dict\u00f3 la sentencia condenatoria en contra de Yimi [&hellip;]<\/p>\n","protected":false},"author":28,"featured_media":511512,"comment_status":"closed","ping_status":"closed","sticky":false,"template":"","format":"standard","meta":{"footnotes":""},"categories":[24,29,27],"tags":[],"class_list":["post-527838","post","type-post","status-publish","format-standard","has-post-thumbnail","hentry","category-justicia-y-derecho","category-policiasucesos","category-portada"],"_links":{"self":[{"href":"https:\/\/diariodominicano.com\/index.php?rest_route=\/wp\/v2\/posts\/527838","targetHints":{"allow":["GET"]}}],"collection":[{"href":"https:\/\/diariodominicano.com\/index.php?rest_route=\/wp\/v2\/posts"}],"about":[{"href":"https:\/\/diariodominicano.com\/index.php?rest_route=\/wp\/v2\/types\/post"}],"author":[{"embeddable":true,"href":"https:\/\/diariodominicano.com\/index.php?rest_route=\/wp\/v2\/users\/28"}],"replies":[{"embeddable":true,"href":"https:\/\/diariodominicano.com\/index.php?rest_route=%2Fwp%2Fv2%2Fcomments&post=527838"}],"version-history":[{"count":2,"href":"https:\/\/diariodominicano.com\/index.php?rest_route=\/wp\/v2\/posts\/527838\/revisions"}],"predecessor-version":[{"id":527840,"href":"https:\/\/diariodominicano.com\/index.php?rest_route=\/wp\/v2\/posts\/527838\/revisions\/527840"}],"wp:featuredmedia":[{"embeddable":true,"href":"https:\/\/diariodominicano.com\/index.php?rest_route=\/wp\/v2\/media\/511512"}],"wp:attachment":[{"href":"https:\/\/diariodominicano.com\/index.php?rest_route=%2Fwp%2Fv2%2Fmedia&parent=527838"}],"wp:term":[{"taxonomy":"category","embeddable":true,"href":"https:\/\/diariodominicano.com\/index.php?rest_route=%2Fwp%2Fv2%2Fcategories&post=527838"},{"taxonomy":"post_tag","embeddable":true,"href":"https:\/\/diariodominicano.com\/index.php?rest_route=%2Fwp%2Fv2%2Ftags&post=527838"}],"curies":[{"name":"wp","href":"https:\/\/api.w.org\/{rel}","templated":true}]}}