{"id":527807,"date":"2024-05-01T16:57:31","date_gmt":"2024-05-01T20:57:31","guid":{"rendered":"https:\/\/diariodominicano.com\/?p=527807"},"modified":"2024-05-01T16:57:36","modified_gmt":"2024-05-01T20:57:36","slug":"fiscales-logran-condena-contra-hombre-acusado-de-atentado-sexual-contra-una-nina-de-9-anos-en-monte-plata","status":"publish","type":"post","link":"https:\/\/diariodominicano.com\/?p=527807","title":{"rendered":"Fiscales logran condena contra hombre acusado de atentado sexual contra una ni\u00f1a de 9 a\u00f1os en Monte Plata"},"content":{"rendered":"\n<p>diariodominicano.com<\/p>\n\n\n\n<p>Monte Plata, R. D.,\u20021 de\u2002abril, 2024.- El Ministerio P\u00fablico logr\u00f3 que fuera condenado a tres a\u00f1os de prisi\u00f3n un hombre hallado culpable de cometer atentado sexual en contra de una ni\u00f1a con la cual se comunicaba a trav\u00e9s de una aplicaci\u00f3n de mensajer\u00eda instant\u00e1nea de una red social.<\/p>\n\n\n\n<p>El Tribunal Colegiado del Distrito Judicial de Monte Plata conden\u00f3 a Luis El\u00edas Vicioso Heredia (Tanito), de 32 a\u00f1os de edad, por el hecho cometido contra la menor de 9 a\u00f1os de edad, cuyo nombre se omite para proteger su identidad.<\/p>\n\n\n\n<p>El expediente relata que, del 5 de mayo al 2 de junio del a\u00f1o 2020, a trav\u00e9s de la plataforma Messenger Facebook, el ciudadano Luis El\u00edas Vicioso Heredia sostuvo conversaciones con contenido sexual expl\u00edcito con la ni\u00f1a, a quien no solo le requiri\u00f3 el env\u00edo de im\u00e1genes de sus partes \u00edntimas, sino, que tambi\u00e9n le envi\u00f3 im\u00e1genes de \u00e9l, adem\u00e1s de que la invit\u00f3 en varias oportunidades a su casa, sin que lograra que la v\u00edctima accediera a sus peticiones.<\/p>\n\n\n\n<p>Refiere que Vicioso Heredia no logr\u00f3 su objetivo final, de sostener relaciones sexuales con la menor de edad, por la supervisi\u00f3n que, en su condici\u00f3n de tutores y guardianes de la ni\u00f1a, ten\u00eda su familia.<\/p>\n\n\n\n<p>Se\u00f1ala, tambi\u00e9n, que el agresor le indic\u00f3 a la v\u00edctima \u201cque borrara el contenido de las conversaciones que sosten\u00edan para evitar problemas y que no lo supiera nadie\u201d.<\/p>\n\n\n\n<p>La sentencia fue dictada con motivo de la acusaci\u00f3n p\u00fablica presentada por el Ministerio P\u00fablico, representado por el procurador de corte Iv\u00e1n Vladimir F\u00e9liz Vargas, actual procurador electoral interino y quien en el proceso de este caso estaba a cargo de la Procuradur\u00eda Especializada contra los Cr\u00edmenes y Delitos de Alta Tecnolog\u00eda (Pedatec), y la fiscal de ese \u00f3rgano especializado, Belkis Ulloa, conjuntamente con los fiscales de Monte Plata, Jos\u00e9 del Carmen Garc\u00eda Hern\u00e1ndez y \u00c1ngela Contreras Albu\u00e9z.<\/p>\n\n\n\n<p>Los hechos fueron demostrados con diferentes elementos de prueba, espec\u00edficamente de aparatos electr\u00f3nicos, mediante los cuales, el tribunal, integrado por los jueces Hilda Nieves S\u00e1nchez Luna (presidenta del tribunal), Isa\u00edas Ronaldo Mart\u00ednez P\u00e9rez y F\u00e9lix Manuel Reyes V\u00e1squez, pudo establecer que el procesado cometi\u00f3 el atentado sexual contra la hoy adolescente.<\/p>\n\n\n\n<p>Vicioso Heredia, quien deber\u00e1 cumplir la condena privativa de libertad en el Centro de Correcci\u00f3n y Rehabilitaci\u00f3n (CCR) de Monte Plata, fue hallado culpable de violar las disposiciones del art\u00edculo 23, de la Ley 53-07, sobre Cr\u00edmenes y Delitos de Alta Tecnolog\u00eda, as\u00ed como el art\u00edculo 396, letra C, del C\u00f3digo para el Sistema y Protecci\u00f3n de los Derechos Fundamentales de los Ni\u00f1os, Ni\u00f1as y Adolescentes (Ley 136-03).<\/p>\n\n\n\n<p><strong>Direcci\u00f3n General de Comunicaci\u00f3n, Prensa, y RRPP<\/strong><strong><\/strong><\/p>\n\n\n\n<p>Ministerio P\u00fablico. R.D.<\/p>\n\n\n\n<p>Mi\u00e9rcoles, 1 de mayo de 2024.<\/p>\n","protected":false},"excerpt":{"rendered":"<p>diariodominicano.com Monte Plata, R. D.,\u20021 de\u2002abril, 2024.- El Ministerio P\u00fablico logr\u00f3 que fuera condenado a tres a\u00f1os de prisi\u00f3n un hombre hallado culpable de cometer atentado sexual en contra de una ni\u00f1a con la cual se comunicaba a trav\u00e9s de una aplicaci\u00f3n de mensajer\u00eda instant\u00e1nea de una red social. El Tribunal Colegiado del Distrito Judicial [&hellip;]<\/p>\n","protected":false},"author":5,"featured_media":367901,"comment_status":"closed","ping_status":"closed","sticky":true,"template":"","format":"standard","meta":{"footnotes":""},"categories":[24,27],"tags":[],"class_list":["post-527807","post","type-post","status-publish","format-standard","has-post-thumbnail","hentry","category-justicia-y-derecho","category-portada"],"_links":{"self":[{"href":"https:\/\/diariodominicano.com\/index.php?rest_route=\/wp\/v2\/posts\/527807","targetHints":{"allow":["GET"]}}],"collection":[{"href":"https:\/\/diariodominicano.com\/index.php?rest_route=\/wp\/v2\/posts"}],"about":[{"href":"https:\/\/diariodominicano.com\/index.php?rest_route=\/wp\/v2\/types\/post"}],"author":[{"embeddable":true,"href":"https:\/\/diariodominicano.com\/index.php?rest_route=\/wp\/v2\/users\/5"}],"replies":[{"embeddable":true,"href":"https:\/\/diariodominicano.com\/index.php?rest_route=%2Fwp%2Fv2%2Fcomments&post=527807"}],"version-history":[{"count":1,"href":"https:\/\/diariodominicano.com\/index.php?rest_route=\/wp\/v2\/posts\/527807\/revisions"}],"predecessor-version":[{"id":527808,"href":"https:\/\/diariodominicano.com\/index.php?rest_route=\/wp\/v2\/posts\/527807\/revisions\/527808"}],"wp:featuredmedia":[{"embeddable":true,"href":"https:\/\/diariodominicano.com\/index.php?rest_route=\/wp\/v2\/media\/367901"}],"wp:attachment":[{"href":"https:\/\/diariodominicano.com\/index.php?rest_route=%2Fwp%2Fv2%2Fmedia&parent=527807"}],"wp:term":[{"taxonomy":"category","embeddable":true,"href":"https:\/\/diariodominicano.com\/index.php?rest_route=%2Fwp%2Fv2%2Fcategories&post=527807"},{"taxonomy":"post_tag","embeddable":true,"href":"https:\/\/diariodominicano.com\/index.php?rest_route=%2Fwp%2Fv2%2Ftags&post=527807"}],"curies":[{"name":"wp","href":"https:\/\/api.w.org\/{rel}","templated":true}]}}