{"id":527790,"date":"2024-05-01T15:05:19","date_gmt":"2024-05-01T19:05:19","guid":{"rendered":"https:\/\/diariodominicano.com\/?p=527790"},"modified":"2025-03-31T22:00:28","modified_gmt":"2025-04-01T02:00:28","slug":"rafael-mendez-asegura-diputados-actuales-de-su-provincia-son-un-fiasco-y-quienes-buscan-sucederles-carecen-de-experiencia","status":"publish","type":"post","link":"https:\/\/diariodominicano.com\/?p=527790","title":{"rendered":"Rafael M\u00e9ndez asegura diputados actuales de su provincia \u201cson un fiasco, y quienes buscan sucederles carecen de experiencia\u201d"},"content":{"rendered":"\n<p>\u201cEs fundamental destacar la importancia de contar con representantes que posean una hoja de servicio probada y una honestidad respetada, valores que tanto yo como mi equipo nos hemos esforzado por mantener a lo largo de los a\u00f1os\u201d.<\/p>\n\n\n\n<p>NEYBA, Bahoruco: El candidato a diputado Rafael M\u00e9ndez lanz\u00f3 duras cr\u00edtica contra los diputados actuales de la Provincia Bahoruco, y dijo que \u201chan sido un fiasco\u201d, pero que \u201clo preocupante es que quienes aspiran a sucederles carecen de la experiencia, el conocimiento y la formaci\u00f3n necesarios para representar adecuadamente a nuestra provincia\u201d.<\/p>\n\n\n\n<p>M\u00e9ndez, un reconocido periodista, y quien ha sido diputado por tres periodos, se pronunci\u00f3 en tales t\u00e9rminos al ser entrevistado en un programa de televisi\u00f3n, donde ofreci\u00f3 las siguientes declaraciones:<\/p>\n\n\n\n<p>\u201cComo ciudadano comprometido con el bienestar de nuestra provincia y con la responsabilidad de representarla en el \u00e1mbito pol\u00edtico, me veo en la obligaci\u00f3n de expresar mi profunda preocupaci\u00f3n ante el peligro que representa la improvisaci\u00f3n en la gesti\u00f3n p\u00fablica. La pol\u00edtica, lejos de ser un terreno para decisiones apresuradas y sin fundamentos, debe ser abordada con seriedad, experiencia y un compromiso genuino con el servicio p\u00fablico.<\/p>\n\n\n\n<p>\u201cEn el caso espec\u00edfico de la provincia de Bahoruco, donde he tenido el honor de servir como diputado durante tres periodos y ahora tengo el privilegio de aspirar nuevamente a esa posici\u00f3n, es fundamental destacar la importancia de contar con representantes que posean una hoja de servicio probada y una honestidad respetada, valores que tanto yo como mi equipo nos hemos esforzado por mantener a lo largo de los a\u00f1os.<\/p>\n\n\n\n<p>\u201cLamentablemente, los actuales diputados han sido un fiasco para nuestra provincia. Sus acciones han dejado mucho que desear, y la falta de resultados tangibles es evidente para todos los ciudadanos. Es tiempo de un cambio verdadero, de una nueva direcci\u00f3n que realmente se preocupe por los intereses y necesidades de nuestra gente.<\/p>\n\n\n\n<p>\u201cEs preocupante ver c\u00f3mo aquellos que aspiran a ocupar cargos p\u00fablicos carecen de la experiencia, el conocimiento y la formaci\u00f3n necesarios para representar adecuadamente a nuestra provincia. Bahoruco, siendo la tercera provincia m\u00e1s pobre del pa\u00eds, merece representantes que est\u00e9n verdaderamente comprometidos con su desarrollo y progreso\u201d.<\/p>\n","protected":false},"excerpt":{"rendered":"<p>\u201cEs fundamental destacar la importancia de contar con representantes que posean una hoja de servicio probada y una honestidad respetada, valores que tanto yo como mi equipo nos hemos esforzado por mantener a lo largo de los a\u00f1os\u201d. NEYBA, Bahoruco: El candidato a diputado Rafael M\u00e9ndez lanz\u00f3 duras cr\u00edtica contra los diputados actuales de la [&hellip;]<\/p>\n","protected":false},"author":7,"featured_media":510293,"comment_status":"closed","ping_status":"closed","sticky":true,"template":"","format":"standard","meta":{"footnotes":""},"categories":[22,27],"tags":[178],"class_list":["post-527790","post","type-post","status-publish","format-standard","has-post-thumbnail","hentry","category-politica","category-portada","tag-rafael-mendez"],"_links":{"self":[{"href":"https:\/\/diariodominicano.com\/index.php?rest_route=\/wp\/v2\/posts\/527790","targetHints":{"allow":["GET"]}}],"collection":[{"href":"https:\/\/diariodominicano.com\/index.php?rest_route=\/wp\/v2\/posts"}],"about":[{"href":"https:\/\/diariodominicano.com\/index.php?rest_route=\/wp\/v2\/types\/post"}],"author":[{"embeddable":true,"href":"https:\/\/diariodominicano.com\/index.php?rest_route=\/wp\/v2\/users\/7"}],"replies":[{"embeddable":true,"href":"https:\/\/diariodominicano.com\/index.php?rest_route=%2Fwp%2Fv2%2Fcomments&post=527790"}],"version-history":[{"count":1,"href":"https:\/\/diariodominicano.com\/index.php?rest_route=\/wp\/v2\/posts\/527790\/revisions"}],"predecessor-version":[{"id":527791,"href":"https:\/\/diariodominicano.com\/index.php?rest_route=\/wp\/v2\/posts\/527790\/revisions\/527791"}],"wp:featuredmedia":[{"embeddable":true,"href":"https:\/\/diariodominicano.com\/index.php?rest_route=\/wp\/v2\/media\/510293"}],"wp:attachment":[{"href":"https:\/\/diariodominicano.com\/index.php?rest_route=%2Fwp%2Fv2%2Fmedia&parent=527790"}],"wp:term":[{"taxonomy":"category","embeddable":true,"href":"https:\/\/diariodominicano.com\/index.php?rest_route=%2Fwp%2Fv2%2Fcategories&post=527790"},{"taxonomy":"post_tag","embeddable":true,"href":"https:\/\/diariodominicano.com\/index.php?rest_route=%2Fwp%2Fv2%2Ftags&post=527790"}],"curies":[{"name":"wp","href":"https:\/\/api.w.org\/{rel}","templated":true}]}}