{"id":52773,"date":"2020-06-16T11:38:25","date_gmt":"2020-06-16T11:38:25","guid":{"rendered":"http:\/\/diariodominicano.ddns.net\/?p=52773"},"modified":"2020-06-16T11:38:25","modified_gmt":"2020-06-16T11:38:25","slug":"pescador-realizo-sorprendente-hallazgo-mariano-en-rio-de-espana","status":"publish","type":"post","link":"https:\/\/diariodominicano.com\/?p=52773","title":{"rendered":"Pescador realiz\u00f3 sorprendente hallazgo mariano en r\u00edo de Espa\u00f1a"},"content":{"rendered":"<p><body><\/p>\n<p><span class=\"text1noticias\"> <\/span><\/p>\n<p><span class=\"text1noticias\">diariodominicano.com<\/span><\/p>\n<p><span class=\"text1noticias\">  <\/span><\/p>\n<p><span class=\"text1noticias\">Redacci\u00f3n ACI Prensa<\/span><\/p>\n<\/p>\n<p><span class=\"text1noticias\">Vaticano, 16 de junio de 2020.- El pasado viernes 5 de junio, un pescador encontr\u00f3 en el r\u00edo Sar a su paso por la localidad de Conxo, Santiago de Compostela (Espa\u00f1a) una peculiar roca que result\u00f3 ser una talla de la Virgen del siglo XIV. <\/span><\/p>\n<\/p>\n<p><span class=\"text1noticias\">\u00abMe llam\u00f3 la atenci\u00f3n que fuera una piedra cuadrada, que en el r\u00edo es algo bastante raro, despu\u00e9s me fij\u00e9 en las ondulaciones que ten\u00eda y en el manto y le vi la forma de la cabeza\u00bb, declar\u00f3 Fernando Brey, el pescador que encontr\u00f3 la talla, al diario La Voz de Galicia.<\/span><\/p>\n<\/p>\n<p><span class=\"text1noticias\">Brey regres\u00f3 al d\u00eda siguiente para hacer algunas fotos a la imagen y se las envi\u00f3 a la experta en patrimonio cultural Ana Paula Castro, quien tambi\u00e9n es miembro de la Asociaci\u00f3n de Patrimonio Cultural Gallego.  <\/span><\/p>\n<\/p>\n<p><span class=\"text1noticias\">Seg\u00fan destacan en La Voz de Galicia, la talla es una Virgen sedente con \u00e1ngeles posiblemente del siglo XIV, seg\u00fan las primeras estimaciones. Est\u00e1 tallada en cuatro de sus cinco caras. A cada lado de la Virgen, en sus hombros, hay dos \u00e1ngeles y se aprecia el rostro y la mano de cada uno de ellos sujetando alg\u00fan objeto o el propio manto. Pesa unos 150 kilos.<\/span><\/p>\n<\/p>\n<p><span class=\"text1noticias\">La talla fue retirada ayer 15 de junio del lecho del r\u00edo y se destin\u00f3 al Museo de las Peregrinaciones donde se limpiar\u00e1 y estudiar\u00e1 su valor patrimonial.<\/span><\/p>\n<\/p>\n<p><span class=\"text1noticias\">\u00abSer\u00e1n los t\u00e9cnicos los que determinen el probable origen y la fecha, aunque en la tallas de piedra es m\u00e1s complicado\u00bb, asegur\u00f3 Mar\u00eda del Carmen Mart\u00ednez, directora general de Patrimonio Cultural a La Voz de Galicia.<\/span><\/p>\n<h6> 2020-06-16 11:38:25 <\/h6>\n<p><!--\n<link rel=\"stylesheet\" href=\"css\/bootstrap.min.css\">\n\n\n<ul class=\"pagination\">\n\t    \n\t\n\n<li >\n\t<a href='?page_no=507'>Previous<\/a>\n\t<\/li>\n\n\n       \n    \n\n<li><a href='?page_no=1'>1<\/a><\/li>\n\n\n\n<li><a href='?page_no=2'>2<\/a><\/li>\n\n\n\n<li><a>...<\/a><\/li>\n\n\n\n<li><a href='?page_no=506'>506<\/a><\/li>\n\n\n\n<li><a href='?page_no=507'>507<\/a><\/li>\n\n\n\n<li class='active'><a>508<\/a><\/li>\n\n\n\n<li><a href='?page_no=509'>509<\/a><\/li>\n\n\n\n<li><a href='?page_no=510'>510<\/a><\/li>\n\n\n\n<li><a>...<\/a><\/li>\n\n\n\n<li><a href='?page_no=22911'>22911<\/a><\/li>\n\n\n\n<li><a href='?page_no=22912'>22912<\/a><\/li>\n\n    \n\t\n\n<li >\n\t<a href='?page_no=509'>Next<\/a>\n\t<\/li>\n\n\n    \n\n<li><a href='?page_no=22912'>Last &rsaquo;&rsaquo;<\/a><\/li>\n\n<\/ul>\n\n\n--><br \/>\n<\/body><\/p>\n","protected":false},"excerpt":{"rendered":"<p>diariodominicano.com Redacci\u00f3n ACI Prensa Vaticano, 16 de junio de 2020.- El pasado viernes 5 de junio, un pescador encontr\u00f3 en el r\u00edo Sar a su paso por la localidad de Conxo, Santiago de Compostela (Espa\u00f1a) una peculiar roca que result\u00f3 ser una talla de la Virgen del siglo XIV. \u00abMe llam\u00f3 la atenci\u00f3n que fuera [&hellip;]<\/p>\n","protected":false},"author":3,"featured_media":0,"comment_status":"open","ping_status":"open","sticky":false,"template":"","format":"standard","meta":{"footnotes":""},"categories":[21],"tags":[],"class_list":["post-52773","post","type-post","status-publish","format-standard","hentry","category-cultura"],"_links":{"self":[{"href":"https:\/\/diariodominicano.com\/index.php?rest_route=\/wp\/v2\/posts\/52773","targetHints":{"allow":["GET"]}}],"collection":[{"href":"https:\/\/diariodominicano.com\/index.php?rest_route=\/wp\/v2\/posts"}],"about":[{"href":"https:\/\/diariodominicano.com\/index.php?rest_route=\/wp\/v2\/types\/post"}],"author":[{"embeddable":true,"href":"https:\/\/diariodominicano.com\/index.php?rest_route=\/wp\/v2\/users\/3"}],"replies":[{"embeddable":true,"href":"https:\/\/diariodominicano.com\/index.php?rest_route=%2Fwp%2Fv2%2Fcomments&post=52773"}],"version-history":[{"count":0,"href":"https:\/\/diariodominicano.com\/index.php?rest_route=\/wp\/v2\/posts\/52773\/revisions"}],"wp:attachment":[{"href":"https:\/\/diariodominicano.com\/index.php?rest_route=%2Fwp%2Fv2%2Fmedia&parent=52773"}],"wp:term":[{"taxonomy":"category","embeddable":true,"href":"https:\/\/diariodominicano.com\/index.php?rest_route=%2Fwp%2Fv2%2Fcategories&post=52773"},{"taxonomy":"post_tag","embeddable":true,"href":"https:\/\/diariodominicano.com\/index.php?rest_route=%2Fwp%2Fv2%2Ftags&post=52773"}],"curies":[{"name":"wp","href":"https:\/\/api.w.org\/{rel}","templated":true}]}}