{"id":527698,"date":"2024-05-01T10:05:14","date_gmt":"2024-05-01T14:05:14","guid":{"rendered":"https:\/\/diariodominicano.com\/?p=527698"},"modified":"2024-05-01T10:09:30","modified_gmt":"2024-05-01T14:09:30","slug":"medio-ambiente-anuncio-inicia-operacion-de-intervencion-en-los-haitises-en-coordinacion-con-el-ministerio-publico-el-ministerio-de-defensa-y-la-direccion-general-de-migracion","status":"publish","type":"post","link":"https:\/\/diariodominicano.com\/?p=527698","title":{"rendered":"Medio Ambiente anunci\u00f3 inicia operaci\u00f3n de intervenci\u00f3n en Los Haitises en coordinaci\u00f3n con el Ministerio P\u00fablico, el Ministerio de Defensa y la Direcci\u00f3n General de Migraci\u00f3n"},"content":{"rendered":"\n<p><strong>El SENPA y otras unidades militares enfrentan, con el apoyo de varias dependencias estatales, los delitos ambientales cometidos por desaprensivos dentro del parque nacional<\/strong>, se\u00f1ala un comunicado\u2002de prensa del Mide.<\/p>\n\n\n\n<figure class=\"wp-block-image size-large\"><img loading=\"lazy\" decoding=\"async\" width=\"1024\" height=\"627\" src=\"https:\/\/diariodominicano.com\/wp-content\/uploads\/2024\/05\/WhatsApp-Image-2024-05-01-at-5.56.47-AM-1-1024x627.jpeg\" alt=\"\" class=\"wp-image-527705\" srcset=\"https:\/\/diariodominicano.com\/wp-content\/uploads\/2024\/05\/WhatsApp-Image-2024-05-01-at-5.56.47-AM-1-1024x627.jpeg 1024w, https:\/\/diariodominicano.com\/wp-content\/uploads\/2024\/05\/WhatsApp-Image-2024-05-01-at-5.56.47-AM-1-300x184.jpeg 300w, https:\/\/diariodominicano.com\/wp-content\/uploads\/2024\/05\/WhatsApp-Image-2024-05-01-at-5.56.47-AM-1-768x470.jpeg 768w, https:\/\/diariodominicano.com\/wp-content\/uploads\/2024\/05\/WhatsApp-Image-2024-05-01-at-5.56.47-AM-1-1536x941.jpeg 1536w, https:\/\/diariodominicano.com\/wp-content\/uploads\/2024\/05\/WhatsApp-Image-2024-05-01-at-5.56.47-AM-1-816x500.jpeg 816w, https:\/\/diariodominicano.com\/wp-content\/uploads\/2024\/05\/WhatsApp-Image-2024-05-01-at-5.56.47-AM-1.jpeg 1600w\" sizes=\"auto, (max-width: 1024px) 100vw, 1024px\" \/><\/figure>\n\n\n\n<figure class=\"wp-block-image size-large\"><img loading=\"lazy\" decoding=\"async\" width=\"1024\" height=\"768\" src=\"https:\/\/diariodominicano.com\/wp-content\/uploads\/2024\/05\/WhatsApp-Image-2024-05-01-at-5.57.18-AM-1-1024x768.jpeg\" alt=\"\" class=\"wp-image-527700\" srcset=\"https:\/\/diariodominicano.com\/wp-content\/uploads\/2024\/05\/WhatsApp-Image-2024-05-01-at-5.57.18-AM-1-1024x768.jpeg 1024w, https:\/\/diariodominicano.com\/wp-content\/uploads\/2024\/05\/WhatsApp-Image-2024-05-01-at-5.57.18-AM-1-300x225.jpeg 300w, https:\/\/diariodominicano.com\/wp-content\/uploads\/2024\/05\/WhatsApp-Image-2024-05-01-at-5.57.18-AM-1-768x576.jpeg 768w, https:\/\/diariodominicano.com\/wp-content\/uploads\/2024\/05\/WhatsApp-Image-2024-05-01-at-5.57.18-AM-1-816x612.jpeg 816w, https:\/\/diariodominicano.com\/wp-content\/uploads\/2024\/05\/WhatsApp-Image-2024-05-01-at-5.57.18-AM-1.jpeg 1280w\" sizes=\"auto, (max-width: 1024px) 100vw, 1024px\" \/><\/figure>\n\n\n\n<p>SANTO DOMINGO, RD.- El Ministerio de Medio Ambiente y Recursos Naturales (MMARN) anunci\u00f3 el mi\u00e9rcoles inici\u00f3 el martes una amplia operaci\u00f3n de intervenci\u00f3n en el Parque Nacional Los Haitises bajo la direcci\u00f3n del Servicio Nacional de Protecci\u00f3n Ambiental (SENPA), cuerpo especializado del Ministerio de Defensa en coordinaci\u00f3n con el Ministerio P\u00fablico, la Direcci\u00f3n General de Migraci\u00f3n y otras dependencias del Estado.<\/p>\n\n\n\n<p><\/p>\n\n\n\n<p>A trav\u00e9s de un comunicado de prensa inform\u00f3: \u00abEl capit\u00e1n de nav\u00edo Ren\u00e9 Ysidro Rodr\u00edguez \u00c1lvarez, ARD, director general del Servicio Nacional de Protecci\u00f3n Ambiental (SENPA) indic\u00f3 que la operaci\u00f3n se realiza en coordinaci\u00f3n con la Procuradur\u00eda Especializada para la Defensa del Medio Ambiente y los Recursos Naturales (Proedemare), que encabeza el procurador de corte Francisco Contreras.<\/p>\n\n\n\n<p>El director del SENPA explic\u00f3 que la operaci\u00f3n busca frenar los delitos ambientales e interrumpir los ciclos de producci\u00f3n de desaprensivos, en su mayor\u00eda extranjeros, que trabajan en labores de conuquismo dentro del parque nacional que debe ser preservado por importancia hidrol\u00f3gica y su biodiversidad.<\/p>\n\n\n\n<p>Indic\u00f3 que este cuerpo especializado en protecci\u00f3n ambiental, cuenta con apoyo del personal del Ej\u00e9rcito, la Armada y Fuerza A\u00e9rea de Rep\u00fablica Dominicana, as\u00ed como de la Polic\u00eda Nacional, la Direcci\u00f3n Nacional de Control de Drogas (DNCD), el Departamento Nacional de Investigaciones (DNI),<\/p>\n\n\n\n<figure class=\"wp-block-image size-large\"><img loading=\"lazy\" decoding=\"async\" width=\"1024\" height=\"768\" src=\"https:\/\/diariodominicano.com\/wp-content\/uploads\/2024\/05\/WhatsApp-Image-2024-05-01-at-5.57.17-AM-2-1024x768.jpeg\" alt=\"\" class=\"wp-image-527707\" srcset=\"https:\/\/diariodominicano.com\/wp-content\/uploads\/2024\/05\/WhatsApp-Image-2024-05-01-at-5.57.17-AM-2-1024x768.jpeg 1024w, https:\/\/diariodominicano.com\/wp-content\/uploads\/2024\/05\/WhatsApp-Image-2024-05-01-at-5.57.17-AM-2-300x225.jpeg 300w, https:\/\/diariodominicano.com\/wp-content\/uploads\/2024\/05\/WhatsApp-Image-2024-05-01-at-5.57.17-AM-2-768x576.jpeg 768w, https:\/\/diariodominicano.com\/wp-content\/uploads\/2024\/05\/WhatsApp-Image-2024-05-01-at-5.57.17-AM-2-816x612.jpeg 816w, https:\/\/diariodominicano.com\/wp-content\/uploads\/2024\/05\/WhatsApp-Image-2024-05-01-at-5.57.17-AM-2.jpeg 1280w\" sizes=\"auto, (max-width: 1024px) 100vw, 1024px\" \/><\/figure>\n\n\n\n<p>la Fuerza de Tarea Conjunta Ciudad Tranquila (FTC-Ciutran) y la Comisi\u00f3n Militar y Policial (Comipol).<\/p>\n\n\n\n<p>Adem\u00e1s, los ministerios de Agricultura, el Consejo Nacional Para la Ni\u00f1ez (Conani), la Direcci\u00f3n General de Ganader\u00eda, el Plan de Asistencia Social de la Presidencia y los Comedores Econ\u00f3micos del Estado Dominicano.<\/p>\n\n\n\n<figure class=\"wp-block-image size-large\"><img loading=\"lazy\" decoding=\"async\" width=\"1024\" height=\"768\" src=\"https:\/\/diariodominicano.com\/wp-content\/uploads\/2024\/05\/WhatsApp-Image-2024-05-01-at-5.57.17-AM-1-1024x768.jpeg\" alt=\"\" class=\"wp-image-527708\" srcset=\"https:\/\/diariodominicano.com\/wp-content\/uploads\/2024\/05\/WhatsApp-Image-2024-05-01-at-5.57.17-AM-1-1024x768.jpeg 1024w, https:\/\/diariodominicano.com\/wp-content\/uploads\/2024\/05\/WhatsApp-Image-2024-05-01-at-5.57.17-AM-1-300x225.jpeg 300w, https:\/\/diariodominicano.com\/wp-content\/uploads\/2024\/05\/WhatsApp-Image-2024-05-01-at-5.57.17-AM-1-768x576.jpeg 768w, https:\/\/diariodominicano.com\/wp-content\/uploads\/2024\/05\/WhatsApp-Image-2024-05-01-at-5.57.17-AM-1-816x612.jpeg 816w, https:\/\/diariodominicano.com\/wp-content\/uploads\/2024\/05\/WhatsApp-Image-2024-05-01-at-5.57.17-AM-1.jpeg 1280w\" sizes=\"auto, (max-width: 1024px) 100vw, 1024px\" \/><\/figure>\n\n\n\n<p>\u201cEsta intervenci\u00f3n, que hemos planificado con las fuerzas castrenses militares, siguiendo los lineamientos del ministro de Medio Ambiente, Miguel Cera Hatton, se ha iniciado a las 6:00 de la ma\u00f1ana y se extender\u00e1 por varios d\u00edas\u201d, dijo el capit\u00e1n de nav\u00edo Rodr\u00edguez \u00c1lvarez, quien supervisa la operaci\u00f3n contra los delitos medioambientales.<\/p>\n\n\n\n<p>Indic\u00f3 que solo el personal militar supera los 200 hombres y mujeres, distribuidos en cinco equipos de tarea, bajo el mando del coronel del Ej\u00e9rcito Alejandro Santana Mota.<\/p>\n\n\n\n<p>Prensa Mide<\/p>\n\n\n\n<p><a target=\"_blank\" href=\"mailto:prensaj5mide@gmail.com\" rel=\"noreferrer noopener\">prensaj5mide@gmail.com<\/a><\/p>\n\n\n\n<p><strong><em>Departamento de Prensa<\/em><\/strong><\/p>\n\n\n\n<p><em><strong>Direcci\u00f3n de Asuntos Civiles del Estado Mayor Conjunto, J5<\/strong><\/em><\/p>\n\n\n\n<p><em><strong>Ministerio de Defensa de Rep\u00fablica Dominicana<\/strong><\/em><\/p>\n","protected":false},"excerpt":{"rendered":"<p>El SENPA y otras unidades militares enfrentan, con el apoyo de varias dependencias estatales, los delitos ambientales cometidos por desaprensivos dentro del parque nacional, se\u00f1ala un comunicado\u2002de prensa del Mide. SANTO DOMINGO, RD.- El Ministerio de Medio Ambiente y Recursos Naturales (MMARN) anunci\u00f3 el mi\u00e9rcoles inici\u00f3 el martes una amplia operaci\u00f3n de intervenci\u00f3n en el [&hellip;]<\/p>\n","protected":false},"author":2,"featured_media":527703,"comment_status":"closed","ping_status":"closed","sticky":true,"template":"","format":"standard","meta":{"footnotes":""},"categories":[20,24,29,27],"tags":[],"class_list":["post-527698","post","type-post","status-publish","format-standard","has-post-thumbnail","hentry","category-dominicana-hoy","category-justicia-y-derecho","category-policiasucesos","category-portada"],"_links":{"self":[{"href":"https:\/\/diariodominicano.com\/index.php?rest_route=\/wp\/v2\/posts\/527698","targetHints":{"allow":["GET"]}}],"collection":[{"href":"https:\/\/diariodominicano.com\/index.php?rest_route=\/wp\/v2\/posts"}],"about":[{"href":"https:\/\/diariodominicano.com\/index.php?rest_route=\/wp\/v2\/types\/post"}],"author":[{"embeddable":true,"href":"https:\/\/diariodominicano.com\/index.php?rest_route=\/wp\/v2\/users\/2"}],"replies":[{"embeddable":true,"href":"https:\/\/diariodominicano.com\/index.php?rest_route=%2Fwp%2Fv2%2Fcomments&post=527698"}],"version-history":[{"count":5,"href":"https:\/\/diariodominicano.com\/index.php?rest_route=\/wp\/v2\/posts\/527698\/revisions"}],"predecessor-version":[{"id":527710,"href":"https:\/\/diariodominicano.com\/index.php?rest_route=\/wp\/v2\/posts\/527698\/revisions\/527710"}],"wp:featuredmedia":[{"embeddable":true,"href":"https:\/\/diariodominicano.com\/index.php?rest_route=\/wp\/v2\/media\/527703"}],"wp:attachment":[{"href":"https:\/\/diariodominicano.com\/index.php?rest_route=%2Fwp%2Fv2%2Fmedia&parent=527698"}],"wp:term":[{"taxonomy":"category","embeddable":true,"href":"https:\/\/diariodominicano.com\/index.php?rest_route=%2Fwp%2Fv2%2Fcategories&post=527698"},{"taxonomy":"post_tag","embeddable":true,"href":"https:\/\/diariodominicano.com\/index.php?rest_route=%2Fwp%2Fv2%2Ftags&post=527698"}],"curies":[{"name":"wp","href":"https:\/\/api.w.org\/{rel}","templated":true}]}}