{"id":527644,"date":"2024-04-30T23:55:06","date_gmt":"2024-05-01T03:55:06","guid":{"rendered":"https:\/\/diariodominicano.com\/?p=527644"},"modified":"2024-04-30T23:55:11","modified_gmt":"2024-05-01T03:55:11","slug":"sala-constitucional-suspende-elecciones-judiciales-en-bolivia","status":"publish","type":"post","link":"https:\/\/diariodominicano.com\/?p=527644","title":{"rendered":"Sala Constitucional suspende elecciones judiciales en Bolivia"},"content":{"rendered":"\n<p>La Paz, 30 abr (Prensa Latina) La preselecci\u00f3n de postulantes a candidatos para las elecciones judiciales de Bolivia qued\u00f3 anulada hoy por la Sala Constitucional Primera del departamento de Pando, que orden\u00f3 la emisi\u00f3n de una nueva convocatoria.<\/p>\n\n\n\n<ul class=\"wp-block-list\">\n<li><a href=\"https:\/\/www.prensa-latina.cu\/2024\/04\/30\/\"><time>abril 30, 2024 | 23:27<\/time><\/a><\/li>\n<\/ul>\n\n\n\n<p>Fueron las vocales Celsa Salazar y Jorge Luis Sotelo quienes concedieron tutela a la abogada Yeny Dury Bautista en una acci\u00f3n popular que present\u00f3 en contra de la Ley 1549 Transitoria para esos comicios en 2024.<\/p>\n\n\n\n<p>Seg\u00fan la denuncia, esa normativa vulneraba los derechos de las mujeres pertenecientes a los pueblos ind\u00edgena originarios campesinos al no incorporar entre las postulantes de Pando candidatas de este sector de la poblaci\u00f3n.<\/p>\n\n\n\n<p>La Sala Constitucional argument\u00f3 que se advirti\u00f3 la \u201cvulneraci\u00f3n del derecho a la igualdad tanto de mujeres como de los pueblos ind\u00edgenas originarios del departamento de Pando\u201d, seg\u00fan report\u00f3 la cadena Erbol.<\/p>\n\n\n\n<p>Dispuso, adem\u00e1s, que se debe proceder a realizar \u201cun nuevo proceso de preselecci\u00f3n de candidatos de elecciones judiciales, basado en la realidad de este departamento de Pando, dict\u00e1ndose las medidas afirmativas adecuadas y flexibles para los habitantes del departamento de Pando, como las mujeres en de este departamento\u201d.<\/p>\n\n\n\n<p>El proceso de preselecci\u00f3n estaba en su \u00faltima fase de ex\u00e1menes orales.<\/p>\n\n\n\n<p>Sin embargo, fue paralizado desde el 16 de abril \u00faltimo como resultado de una medida cautelar dispuesta por la Sala Constitucional Tercera del Tribunal Departamental de Justicia de Santa Cruz al admitir un amparo presentado por la inhabilitada aspirante al Consejo de la Magistratura Margarita Medrano.<\/p>\n\n\n\n<p>Tras dejar sin efecto la preselecci\u00f3n, la vocal Celsa Salazar se\u00f1al\u00f3 este martes que la Asamblea Legislativa \u201ctendr\u00eda que nuevamente realizar el proceso de preselecci\u00f3n y elecci\u00f3n\u201d para los comicios judiciales.<\/p>\n\n\n\n<p>\u201cSe ha concedido la audiencia de acci\u00f3n de amparo, por cuanto se ha evidenciado la falta de consideraci\u00f3n en el tema del acceso a estas convocatorias para el tema de las mujeres como el sector ind\u00edgena originario campesino\u201d, expres\u00f3.<\/p>\n\n\n\n<p>Agreg\u00f3 que, en ese sentido, se concedi\u00f3 y se dispuso dejar sin efecto el proceso de preselecci\u00f3n, as\u00ed como la inaplicaci\u00f3n de la Ley 1549 y el reglamento correspondiente.<\/p>\n\n\n\n<p>Consider\u00f3 que las aspirantes ind\u00edgenas de Pando no tuvieron las mismas condiciones para postular respecto a las del resto de los departamentos.<\/p>\n\n\n\n<p>El vocal Sotelo, por su parte, refiri\u00f3 que se concedi\u00f3 la acci\u00f3n popular ante el reclamo de la Central Ind\u00edgena De Mujeres Amaz\u00f3nicas De Pando (Cimap).<\/p>\n\n\n\n<p>\u201cEntiendo que se ha dejado sin efecto la convocatoria hasta que se tomen en cuenta los par\u00e1metros que se ha planteado. B\u00e1sicamente acciones afirmativas, igualdad material y no discriminaci\u00f3n en funci\u00f3n de los agravios que ha planteado la Cimap\u201d, concluy\u00f3 Sotelo.<\/p>\n\n\n\n<p>jha\/jpm<\/p>\n","protected":false},"excerpt":{"rendered":"<p>La Paz, 30 abr (Prensa Latina) La preselecci\u00f3n de postulantes a candidatos para las elecciones judiciales de Bolivia qued\u00f3 anulada hoy por la Sala Constitucional Primera del departamento de Pando, que orden\u00f3 la emisi\u00f3n de una nueva convocatoria. Fueron las vocales Celsa Salazar y Jorge Luis Sotelo quienes concedieron tutela a la abogada Yeny Dury [&hellip;]<\/p>\n","protected":false},"author":2,"featured_media":527645,"comment_status":"closed","ping_status":"closed","sticky":false,"template":"","format":"standard","meta":{"footnotes":""},"categories":[23,24],"tags":[],"class_list":["post-527644","post","type-post","status-publish","format-standard","has-post-thumbnail","hentry","category-internacional","category-justicia-y-derecho"],"_links":{"self":[{"href":"https:\/\/diariodominicano.com\/index.php?rest_route=\/wp\/v2\/posts\/527644","targetHints":{"allow":["GET"]}}],"collection":[{"href":"https:\/\/diariodominicano.com\/index.php?rest_route=\/wp\/v2\/posts"}],"about":[{"href":"https:\/\/diariodominicano.com\/index.php?rest_route=\/wp\/v2\/types\/post"}],"author":[{"embeddable":true,"href":"https:\/\/diariodominicano.com\/index.php?rest_route=\/wp\/v2\/users\/2"}],"replies":[{"embeddable":true,"href":"https:\/\/diariodominicano.com\/index.php?rest_route=%2Fwp%2Fv2%2Fcomments&post=527644"}],"version-history":[{"count":1,"href":"https:\/\/diariodominicano.com\/index.php?rest_route=\/wp\/v2\/posts\/527644\/revisions"}],"predecessor-version":[{"id":527646,"href":"https:\/\/diariodominicano.com\/index.php?rest_route=\/wp\/v2\/posts\/527644\/revisions\/527646"}],"wp:featuredmedia":[{"embeddable":true,"href":"https:\/\/diariodominicano.com\/index.php?rest_route=\/wp\/v2\/media\/527645"}],"wp:attachment":[{"href":"https:\/\/diariodominicano.com\/index.php?rest_route=%2Fwp%2Fv2%2Fmedia&parent=527644"}],"wp:term":[{"taxonomy":"category","embeddable":true,"href":"https:\/\/diariodominicano.com\/index.php?rest_route=%2Fwp%2Fv2%2Fcategories&post=527644"},{"taxonomy":"post_tag","embeddable":true,"href":"https:\/\/diariodominicano.com\/index.php?rest_route=%2Fwp%2Fv2%2Ftags&post=527644"}],"curies":[{"name":"wp","href":"https:\/\/api.w.org\/{rel}","templated":true}]}}