{"id":527619,"date":"2024-04-30T23:25:39","date_gmt":"2024-05-01T03:25:39","guid":{"rendered":"https:\/\/diariodominicano.com\/?p=527619"},"modified":"2024-04-30T23:33:22","modified_gmt":"2024-05-01T03:33:22","slug":"exposicion-con-proposito-promueve-acciones-positivas-y-fomenta-la-esperanza","status":"publish","type":"post","link":"https:\/\/diariodominicano.com\/?p=527619","title":{"rendered":"\u201cExposici\u00f3n con Prop\u00f3sito\u201d, promueve acciones positivas y fomenta la esperanza\u00bb"},"content":{"rendered":"\n<p>Meliza Ruby, Gloria Reyes, Isabella Ru\u00edz, Ernesto R\u00edos.<\/p>\n\n\n\n<figure class=\"wp-block-image size-full\"><img loading=\"lazy\" decoding=\"async\" width=\"540\" height=\"360\" src=\"https:\/\/diariodominicano.com\/wp-content\/uploads\/2024\/04\/MG_9693-Los-artistas-comparten-con-los-invitados-1.jpg\" alt=\"\" class=\"wp-image-527626\" srcset=\"https:\/\/diariodominicano.com\/wp-content\/uploads\/2024\/04\/MG_9693-Los-artistas-comparten-con-los-invitados-1.jpg 540w, https:\/\/diariodominicano.com\/wp-content\/uploads\/2024\/04\/MG_9693-Los-artistas-comparten-con-los-invitados-1-300x200.jpg 300w\" sizes=\"auto, (max-width: 540px) 100vw, 540px\" \/><\/figure>\n\n\n\n<p> Los artistas comparten con los invitados<\/p>\n\n\n\n<blockquote class=\"wp-block-quote is-layout-flow wp-block-quote-is-layout-flow\">\n<p>\u00b7&nbsp;&nbsp;&nbsp;&nbsp;&nbsp;&nbsp;&nbsp;&nbsp;&nbsp;<strong><em>Los recursos tendr\u00e1n impacto directo en la comunidad Rancho Arriba, San Jos\u00e9 de Ocoa<\/em><\/strong><\/p>\n\n\n\n<figure class=\"wp-block-image size-full\"><img loading=\"lazy\" decoding=\"async\" width=\"640\" height=\"316\" src=\"https:\/\/diariodominicano.com\/wp-content\/uploads\/2024\/04\/Exposicion-con-Proposito.jpg\" alt=\"\" class=\"wp-image-527621\" srcset=\"https:\/\/diariodominicano.com\/wp-content\/uploads\/2024\/04\/Exposicion-con-Proposito.jpg 640w, https:\/\/diariodominicano.com\/wp-content\/uploads\/2024\/04\/Exposicion-con-Proposito-300x148.jpg 300w\" sizes=\"auto, (max-width: 640px) 100vw, 640px\" \/><\/figure>\n\n\n\n<p>Exposici\u00f3n con prop\u00f3sito.<\/p>\n\n\n\n<p>\u00b7\u00a0\u00a0\u00a0\u00a0\u00a0\u00a0\u00a0\u00a0\u00a0<strong><em>Buscar unir dominicanos en el extranjero y comunidades rurales, a trav\u00e9s de la acci\u00f3n y la esperanza<\/em><\/strong><\/p>\n\n\n\n<p><strong>West Palm Beach, Florida.-<\/strong>&nbsp; &nbsp;Con el objetivo de recaudar fondos para la renovaci\u00f3n de la Escuela Primaria La Bocaina de Rancho Arriba, en Rep. Dom., los artistas dominicanos, Ernesto R\u00edos Vi\u00f1as y Meliza Ruby realizaron una \u00abExposici\u00f3n con Prop\u00f3sito\u00bb.<\/p>\n\n\n\n<figure class=\"wp-block-image size-full\"><img loading=\"lazy\" decoding=\"async\" width=\"640\" height=\"380\" src=\"https:\/\/diariodominicano.com\/wp-content\/uploads\/2024\/04\/MG_9649-parte-de-las-fotos-de-Exposicion-con-Proposito.jpg\" alt=\"\" class=\"wp-image-527628\" srcset=\"https:\/\/diariodominicano.com\/wp-content\/uploads\/2024\/04\/MG_9649-parte-de-las-fotos-de-Exposicion-con-Proposito.jpg 640w, https:\/\/diariodominicano.com\/wp-content\/uploads\/2024\/04\/MG_9649-parte-de-las-fotos-de-Exposicion-con-Proposito-300x178.jpg 300w\" sizes=\"auto, (max-width: 640px) 100vw, 640px\" \/><\/figure>\n\n\n\n<p>Parte de las fotos de Exposici\u00f3n con Prop\u00f3sito<\/p>\n\n\n\n<p>La muestra fotogr\u00e1fica internacional, realizada en Space Connect, al sur de la Florida, marca un hito importante para el fot\u00f3grafo dominicano Ernesto R\u00edos Vi\u00f1as, quien ha estado trabajando en un proyecto llamado \u00abFotograf\u00eda con Prop\u00f3sito\u00bb durante los \u00faltimos cuatro a\u00f1os. A trav\u00e9s de sus plataformas de redes sociales, ha estado resaltando los valores, costumbres, realidades y rostros de los dominicanos en las zonas rurales, con el objetivo de crear conciencia y canalizar la ayuda a las comunidades que ha estado fotografiando desde que comenz\u00f3 la pandemia en 2020.<\/p>\n\n\n\n<p>\u00abComo parte de nuestra responsabilidad social, Melisa y yo hemos decidido unir nuestros talentos y sensibilidades para presentar a la di\u00e1spora un proyecto que tiene como objetivo disminuir la brecha entre los dominicanos en el extranjero y las comunidades remotas de la provincia de San Jos\u00e9 de Ocoa, brindando esperanza y promoviendo buenas acciones\u00bb, expres\u00f3 R\u00edos Vi\u00f1as.<\/p>\n\n\n\n<figure class=\"wp-block-image size-full\"><img loading=\"lazy\" decoding=\"async\" width=\"540\" height=\"360\" src=\"https:\/\/diariodominicano.com\/wp-content\/uploads\/2024\/04\/MG_9988-Parte-del-publico-existente-a-Exposicion-con-Proposito.jpg\" alt=\"\" class=\"wp-image-527631\" srcset=\"https:\/\/diariodominicano.com\/wp-content\/uploads\/2024\/04\/MG_9988-Parte-del-publico-existente-a-Exposicion-con-Proposito.jpg 540w, https:\/\/diariodominicano.com\/wp-content\/uploads\/2024\/04\/MG_9988-Parte-del-publico-existente-a-Exposicion-con-Proposito-300x200.jpg 300w\" sizes=\"auto, (max-width: 540px) 100vw, 540px\" \/><\/figure>\n\n\n\n<p> Parte del p\u00fablico existente a Exposici\u00f3n con Prop\u00f3sito<\/p>\n\n\n\n<p>El evento realizado durante dos d\u00edas en West Palm Beach, Florida, atrajo a casi 300 personas y cont\u00f3 con la participaci\u00f3n de seguidores de los artistas, amigos, familiares y autoridades gubernamentales de la Rep\u00fablica Dominicana. Los organizadores esperan replicar estos eventos culturales en otras ciudades con alta concentraci\u00f3n de dominicanos en el exterior, continuando sirviendo de puente entre el mundo y las comunidades m\u00e1s vulnerables.\u00a0 Los interesados en colaborar con la reconstrucci\u00f3n de la Escuela Primaria La Bocaina, pueden comunicarse a\u00a0<a href=\"mailto:riosv.ernesto@gmail.com\" target=\"_blank\" rel=\"noreferrer noopener\">riosv.ernesto@gmail.com<\/a>\u00a0y al 849 855 4277.<\/p>\n\n\n\n<p>Conozca m\u00e1s del trabajo de estos solidarios artistas entrando a sus redes&nbsp;<a href=\"https:\/\/www.instagram.com\/ernestoriosvinas\/?hl=es\" target=\"_blank\" rel=\"noreferrer noopener\">@ernestoriosvinas<\/a>&nbsp;y&nbsp;&nbsp;<a href=\"https:\/\/www.instagram.com\/bymelrub\/\" target=\"_blank\" rel=\"noreferrer noopener\">@bymelrub<\/a><\/p>\n\n\n\n<p><strong><em>Sobre Ernesto R\u00edos Vi\u00f1as:<\/em><\/strong><\/p>\n\n\n\n<p>Ernesto R\u00edos Vi\u00f1as es un fot\u00f3grafo dominicano que ha estado trabajando en un proyecto llamado \u00abFotograf\u00eda con Prop\u00f3sito\u00bb durante los \u00faltimos cuatro a\u00f1os. A trav\u00e9s de sus redes sociales, ha estado resaltando los valores, costumbres y realidades de los dominicanos en las zonas rurales, con el objetivo de crear conciencia y canalizar la ayuda a las comunidades que ha estado fotografiando desde que comenz\u00f3 la pandemia en 2020.<\/p>\n\n\n\n<p><strong><em>Un poco de Meliza Ruby:<\/em><\/strong><\/p>\n\n\n\n<p>Meliza Ruby es una artista dominicana que ha trabajado con Ernesto R\u00edos Vi\u00f1as en varios proyectos, entre ellos \u00abExposici\u00f3n con Prop\u00f3sito\u00bb y \u00abFotograf\u00eda con Prop\u00f3sito\u00bb. Su obra complementa la misi\u00f3n de crear conciencia y brindar ayuda a las comunidades rurales de la Rep\u00fablica Dominicana.<\/p>\n\n\n\n<p>Santa De la Cruz M.<\/p>\n\n\n\n<p><a target=\"_blank\" href=\"mailto:santadelacruz@gmail.com\" rel=\"noreferrer noopener\">santadelacruz@gmail.com<\/a><\/p>\n<\/blockquote>\n","protected":false},"excerpt":{"rendered":"<p>Meliza Ruby, Gloria Reyes, Isabella Ru\u00edz, Ernesto R\u00edos. Los artistas comparten con los invitados<\/p>\n","protected":false},"author":2,"featured_media":527624,"comment_status":"closed","ping_status":"closed","sticky":false,"template":"","format":"standard","meta":{"footnotes":""},"categories":[36,25],"tags":[],"class_list":["post-527619","post","type-post","status-publish","format-standard","has-post-thumbnail","hentry","category-hombresmujeresycosas","category-gente"],"_links":{"self":[{"href":"https:\/\/diariodominicano.com\/index.php?rest_route=\/wp\/v2\/posts\/527619","targetHints":{"allow":["GET"]}}],"collection":[{"href":"https:\/\/diariodominicano.com\/index.php?rest_route=\/wp\/v2\/posts"}],"about":[{"href":"https:\/\/diariodominicano.com\/index.php?rest_route=\/wp\/v2\/types\/post"}],"author":[{"embeddable":true,"href":"https:\/\/diariodominicano.com\/index.php?rest_route=\/wp\/v2\/users\/2"}],"replies":[{"embeddable":true,"href":"https:\/\/diariodominicano.com\/index.php?rest_route=%2Fwp%2Fv2%2Fcomments&post=527619"}],"version-history":[{"count":5,"href":"https:\/\/diariodominicano.com\/index.php?rest_route=\/wp\/v2\/posts\/527619\/revisions"}],"predecessor-version":[{"id":527633,"href":"https:\/\/diariodominicano.com\/index.php?rest_route=\/wp\/v2\/posts\/527619\/revisions\/527633"}],"wp:featuredmedia":[{"embeddable":true,"href":"https:\/\/diariodominicano.com\/index.php?rest_route=\/wp\/v2\/media\/527624"}],"wp:attachment":[{"href":"https:\/\/diariodominicano.com\/index.php?rest_route=%2Fwp%2Fv2%2Fmedia&parent=527619"}],"wp:term":[{"taxonomy":"category","embeddable":true,"href":"https:\/\/diariodominicano.com\/index.php?rest_route=%2Fwp%2Fv2%2Fcategories&post=527619"},{"taxonomy":"post_tag","embeddable":true,"href":"https:\/\/diariodominicano.com\/index.php?rest_route=%2Fwp%2Fv2%2Ftags&post=527619"}],"curies":[{"name":"wp","href":"https:\/\/api.w.org\/{rel}","templated":true}]}}