{"id":527609,"date":"2024-04-30T22:30:36","date_gmt":"2024-05-01T02:30:36","guid":{"rendered":"https:\/\/diariodominicano.com\/?p=527609"},"modified":"2024-04-30T22:32:18","modified_gmt":"2024-05-01T02:32:18","slug":"el-septimo-juzgado-de-la-instruccion-del-distrito-nacional-otorga-prorroga-al-ministerio-publico-para-presentar-acusacion-contra-imputados-de-la-operacion-gavilan","status":"publish","type":"post","link":"https:\/\/diariodominicano.com\/?p=527609","title":{"rendered":"El S\u00e9ptimo Juzgado de la Instrucci\u00f3n del Distrito Nacional otorga pr\u00f3rroga al Ministerio P\u00fablico para presentar acusaci\u00f3n contra imputados de la Operaci\u00f3n Gavil\u00e1n"},"content":{"rendered":"\n<p>SANTO DOMINGO, Rep\u00fablica Dominicana.- El S\u00e9ptimo Juzgado de la Instrucci\u00f3n del Distrito Nacional acogi\u00f3 la solicitud realizada por el Ministerio P\u00fablico y le otorg\u00f3 un plazo de dos meses para culminar las investigaciones y depositar la acusaci\u00f3n formal contra los imputados de la Operaci\u00f3n Gavil\u00e1n.<\/p>\n\n\n\n<p><\/p>\n\n\n\n<p>El juez de instrucci\u00f3n, Deiby Timoteo Peguero Jim\u00e9nez, se\u00f1al\u00f3 que dicha solicitud fue recibida en el tribunal dentro del tiempo h\u00e1bil de ocho meses, conforme a lo establecido en la norma, por tratarse de un caso complejo. Adem\u00e1s, entendi\u00f3 que los elementos probatorios aportados por el \u00f3rgano acusador, en la instancia y en la audiencia, fueron buenos y v\u00e1lidos para el otorgamiento de la misma.<\/p>\n\n\n\n<p>Durante la audiencia, los fiscales adscritos a la Direcci\u00f3n General de Persecuci\u00f3n del Ministerio P\u00fablico: Andr\u00e9s Mena y Eduardo Vel\u00e1zquez, aseguraron que las pruebas periciales que ser\u00e1n incorporadas son id\u00f3neas, \u00fatiles y pertinentes para robustecer la acusaci\u00f3n y la presentaci\u00f3n del acto conclusivo contra los imputados.<\/p>\n\n\n\n<p>El juez Deiby Timoteo Peguero Jim\u00e9nez, amparado en el art\u00edculo 228 del C\u00f3digo Procesal Penal, se\u00f1al\u00f3 que al extenderse el plazo de las indagatorias, el tribunal decidi\u00f3 variar la medida de coerci\u00f3n a M\u00e1rtires Reyes, Alfredo Mirambeaux, Rub\u00e9n Dar\u00edo Morb\u00e1n, Alfredo Astacio Polanco y Domingo Julio Santana, quienes guardan prisi\u00f3n preventiva desde el 7 de agosto del a\u00f1o 2023.<\/p>\n\n\n\n<p>A cambio, el S\u00e9ptimo Juzgado de la Instrucci\u00f3n del Distrito Nacional les impuso una garant\u00eda econ\u00f3mica de un mill\u00f3n de pesos mediante una empresa aseguradora, impedimento de salida sin previa autorizaci\u00f3n judicial y prisi\u00f3n domiciliaria, al valorar que no presentan peligro de fuga, ni potestad para obstaculizar lo que resta de la investigaci\u00f3n.<\/p>\n\n\n\n<p><strong>La operaci\u00f3n que desmantel\u00f3 la red criminal<\/strong><\/p>\n\n\n\n<p>Con la Operaci\u00f3n Gavil\u00e1n, el Ministerio P\u00fablico desmantel\u00f3 una red criminal, a nivel nacional, que borr\u00f3 y alter\u00f3, a cambio de sobornos, registros de antecedentes penales existente en la base de datos de la Procuradur\u00eda General de la Rep\u00fablica, a cerca de 17 mil personas.<\/p>\n\n\n\n<p>En el expediente el Ministerio P\u00fablico establece, que, a trav\u00e9s de las ejecuciones realizadas por esta red criminal, fueron beneficiados sicarios, narcotraficantes, violadores sexuales, imputados de violencia de g\u00e9nero y por adulteraci\u00f3n de bebidas alcoh\u00f3licas, as\u00ed como por secuestro, llegando a eliminar, inclusive, los registros de antecedentes a personas recluidas, cumpliendo condenas de hasta de 30 a\u00f1os de prisi\u00f3n.<\/p>\n\n\n\n<p>De acuerdo al \u00f3rgano acusador, los imputados adulteraron registros penales e integraron a familiares, amigos y allegados para los movimientos econ\u00f3micos. Adem\u00e1s, adquirieron bienes y servicios con el dinero obtenido producto de las actividades il\u00edcitas.<\/p>\n\n\n\n<p><strong>Direcci\u00f3n General de Comunicaci\u00f3n, Prensa, y RRPP<\/strong><strong><\/strong><\/p>\n\n\n\n<p>Ministerio P\u00fablico. R.D.<\/p>\n\n\n\n<p>Martes, 30 de abril de 2024.<\/p>\n\n\n\n<p>&#8230;<\/p>\n","protected":false},"excerpt":{"rendered":"<p>SANTO DOMINGO, Rep\u00fablica Dominicana.- El S\u00e9ptimo Juzgado de la Instrucci\u00f3n del Distrito Nacional acogi\u00f3 la solicitud realizada por el Ministerio P\u00fablico y le otorg\u00f3 un plazo de dos meses para culminar las investigaciones y depositar la acusaci\u00f3n formal contra los imputados de la Operaci\u00f3n Gavil\u00e1n. El juez de instrucci\u00f3n, Deiby Timoteo Peguero Jim\u00e9nez, se\u00f1al\u00f3 que [&hellip;]<\/p>\n","protected":false},"author":2,"featured_media":283908,"comment_status":"closed","ping_status":"closed","sticky":true,"template":"","format":"standard","meta":{"footnotes":""},"categories":[24,29,27],"tags":[],"class_list":["post-527609","post","type-post","status-publish","format-standard","has-post-thumbnail","hentry","category-justicia-y-derecho","category-policiasucesos","category-portada"],"_links":{"self":[{"href":"https:\/\/diariodominicano.com\/index.php?rest_route=\/wp\/v2\/posts\/527609","targetHints":{"allow":["GET"]}}],"collection":[{"href":"https:\/\/diariodominicano.com\/index.php?rest_route=\/wp\/v2\/posts"}],"about":[{"href":"https:\/\/diariodominicano.com\/index.php?rest_route=\/wp\/v2\/types\/post"}],"author":[{"embeddable":true,"href":"https:\/\/diariodominicano.com\/index.php?rest_route=\/wp\/v2\/users\/2"}],"replies":[{"embeddable":true,"href":"https:\/\/diariodominicano.com\/index.php?rest_route=%2Fwp%2Fv2%2Fcomments&post=527609"}],"version-history":[{"count":2,"href":"https:\/\/diariodominicano.com\/index.php?rest_route=\/wp\/v2\/posts\/527609\/revisions"}],"predecessor-version":[{"id":527611,"href":"https:\/\/diariodominicano.com\/index.php?rest_route=\/wp\/v2\/posts\/527609\/revisions\/527611"}],"wp:featuredmedia":[{"embeddable":true,"href":"https:\/\/diariodominicano.com\/index.php?rest_route=\/wp\/v2\/media\/283908"}],"wp:attachment":[{"href":"https:\/\/diariodominicano.com\/index.php?rest_route=%2Fwp%2Fv2%2Fmedia&parent=527609"}],"wp:term":[{"taxonomy":"category","embeddable":true,"href":"https:\/\/diariodominicano.com\/index.php?rest_route=%2Fwp%2Fv2%2Fcategories&post=527609"},{"taxonomy":"post_tag","embeddable":true,"href":"https:\/\/diariodominicano.com\/index.php?rest_route=%2Fwp%2Fv2%2Ftags&post=527609"}],"curies":[{"name":"wp","href":"https:\/\/api.w.org\/{rel}","templated":true}]}}