{"id":527579,"date":"2024-04-30T20:38:49","date_gmt":"2024-05-01T00:38:49","guid":{"rendered":"https:\/\/diariodominicano.com\/?p=527579"},"modified":"2024-04-30T20:40:31","modified_gmt":"2024-05-01T00:40:31","slug":"fiscalia-de-jarabacoa-solicita-prision-preventiva-contra-hombre-intento-incendiar-la-vivienda-de-su-madre-con-ella-dentro","status":"publish","type":"post","link":"https:\/\/diariodominicano.com\/?p=527579","title":{"rendered":"Fiscal\u00eda de Jarabacoa solicita prisi\u00f3n preventiva contra hombre intent\u00f3 incendiar la vivienda de su madre con ella dentro"},"content":{"rendered":"\n<p>ARCHIVO:<\/p>\n\n\n\n<p><strong>JARABACOA, Rep\u00fablica Dominicana.-<\/strong>\u00a0La Fiscal\u00eda de Jarabacoa ha solicitado la imposici\u00f3n de la prisi\u00f3n preventiva, como medida de coerci\u00f3n, en contra de un hombre que intent\u00f3 por tentativa de homicidio contra su madre, a quien intent\u00f3 incendiar dentro de su vivienda en el sector La Posa, del municipio Jarabacoa.<\/p>\n\n\n\n<p><\/p>\n\n\n\n<p>El Ministerio P\u00fablico, representado por la fiscal titular de Jarabacoa, Viviana Mena, deposit\u00f3 la solicitud de medida de coerci\u00f3n ante la Oficina de Atenci\u00f3n Permanente de esta jurisdicci\u00f3n, en contra de Ram\u00f3n Isidro Ramirez Ortiz, a quien el \u00f3rgano persecutor le imputa provisionalmente la violaci\u00f3n a los art\u00edculos 309-2, 309, literal E, 2, 330, 333, 2 y 434 del C\u00f3digo Penal Dominicano, modificado por la Ley 24-97, los cuales tipifican y sancionan el tipo pe Violencia Intrafamiliar Agravada, Tentativa de Agresi\u00f3n Sexual y de Incendio en perjuicio de su madre Angela Ortiz Ram\u00edrez y del Estado dominicano.<\/p>\n\n\n\n<p>Los hechos que el Ministerio P\u00fablico le imputa al Ram\u00edrez Ortiz ocurrieron el pasado 28 de abril, cuando aproximadamente a las 1:50 de la tarde, se present\u00f3 en la vivienda de la v\u00edctima, ubicada en la calle Principal, casa no. 13, del sector La poza, pr\u00f3ximo al Rio Yaque, en Jarabacoa, y de inmediato la agredi\u00f3 verbal y psicol\u00f3gicamente.<\/p>\n\n\n\n<p>Acto seguido sac\u00f3 el cilindro de gas desde la cocina y lo llev\u00f3 a la sala e intent\u00f3 incendiar la vivienda con ella dentro y todos sus ajuares, hecho que fue impedido porque los vecinos intervinieron y llamaron a la Polic\u00eda Nacional para que fuera en auxilio de la v\u00edctima ante su inminente peligro de muerte, cuyo imputado al notar la presencia policial intent\u00f3 emprender la huida lanz\u00e1ndose al rio, sin poder lograr su objetivo, debido a la intervenci\u00f3n policial.<\/p>\n\n\n\n<p>Al prestar declaraciones ante las autoridades, Ortiz Ram\u00edrez indic\u00f3 que el comportamiento de su hijo es repetitivo, y que en varias oportunidades ha sido v\u00edctima de sus agresiones verbales y f\u00edsicas.<\/p>\n\n\n\n<p>La medida de coerci\u00f3n ser\u00e1 conocida este mi\u00e9rcoles a las 9:00 de la ma\u00f1ana por la Oficina de Atenci\u00f3n Permanente de este distrito judicial.<strong><\/strong><\/p>\n\n\n\n<p><strong>Direcci\u00f3n General de Comunicaci\u00f3n, Prensa, y RRPP<\/strong><strong><\/strong><\/p>\n\n\n\n<p>Ministerio P\u00fablico.&nbsp;R.D.<\/p>\n\n\n\n<p>Martes, 30 de abril de 2024<\/p>\n","protected":false},"excerpt":{"rendered":"<p>ARCHIVO: JARABACOA, Rep\u00fablica Dominicana.-\u00a0La Fiscal\u00eda de Jarabacoa ha solicitado la imposici\u00f3n de la prisi\u00f3n preventiva, como medida de coerci\u00f3n, en contra de un hombre que intent\u00f3 por tentativa de homicidio contra su madre, a quien intent\u00f3 incendiar dentro de su vivienda en el sector La Posa, del municipio Jarabacoa. El Ministerio P\u00fablico, representado por la [&hellip;]<\/p>\n","protected":false},"author":2,"featured_media":413882,"comment_status":"closed","ping_status":"closed","sticky":false,"template":"","format":"standard","meta":{"footnotes":""},"categories":[24,29],"tags":[],"class_list":["post-527579","post","type-post","status-publish","format-standard","has-post-thumbnail","hentry","category-justicia-y-derecho","category-policiasucesos"],"_links":{"self":[{"href":"https:\/\/diariodominicano.com\/index.php?rest_route=\/wp\/v2\/posts\/527579","targetHints":{"allow":["GET"]}}],"collection":[{"href":"https:\/\/diariodominicano.com\/index.php?rest_route=\/wp\/v2\/posts"}],"about":[{"href":"https:\/\/diariodominicano.com\/index.php?rest_route=\/wp\/v2\/types\/post"}],"author":[{"embeddable":true,"href":"https:\/\/diariodominicano.com\/index.php?rest_route=\/wp\/v2\/users\/2"}],"replies":[{"embeddable":true,"href":"https:\/\/diariodominicano.com\/index.php?rest_route=%2Fwp%2Fv2%2Fcomments&post=527579"}],"version-history":[{"count":3,"href":"https:\/\/diariodominicano.com\/index.php?rest_route=\/wp\/v2\/posts\/527579\/revisions"}],"predecessor-version":[{"id":527584,"href":"https:\/\/diariodominicano.com\/index.php?rest_route=\/wp\/v2\/posts\/527579\/revisions\/527584"}],"wp:featuredmedia":[{"embeddable":true,"href":"https:\/\/diariodominicano.com\/index.php?rest_route=\/wp\/v2\/media\/413882"}],"wp:attachment":[{"href":"https:\/\/diariodominicano.com\/index.php?rest_route=%2Fwp%2Fv2%2Fmedia&parent=527579"}],"wp:term":[{"taxonomy":"category","embeddable":true,"href":"https:\/\/diariodominicano.com\/index.php?rest_route=%2Fwp%2Fv2%2Fcategories&post=527579"},{"taxonomy":"post_tag","embeddable":true,"href":"https:\/\/diariodominicano.com\/index.php?rest_route=%2Fwp%2Fv2%2Ftags&post=527579"}],"curies":[{"name":"wp","href":"https:\/\/api.w.org\/{rel}","templated":true}]}}