{"id":52751,"date":"2020-06-16T12:29:03","date_gmt":"2020-06-16T12:29:03","guid":{"rendered":"http:\/\/diariodominicano.ddns.net\/?p=52751"},"modified":"2020-06-16T12:29:03","modified_gmt":"2020-06-16T12:29:03","slug":"nace-maria-trinidad-sanchez-2","status":"publish","type":"post","link":"https:\/\/diariodominicano.com\/?p=52751","title":{"rendered":"Nace Mar\u00eda Trinidad S\u00e1nchez"},"content":{"rendered":"<p><body><\/p>\n<p><strong>Diariodominicano.com<\/strong><\/p>\n<p><strong>Nace Mar\u00eda Trinidad S\u00e1nchez <\/strong><\/p>\n<\/p>\n<p><strong>SANTO DOMINGO,  el  16 de junio de 1794, <\/strong> naci\u00f3 en la ciudad de Santo Domingo, Mar\u00eda Trinidad S\u00e1nchez, quien se distingui\u00f3 como una hero\u00edna  en la lucha por la Independencia Nacional.<\/p>\n<\/p>\n<p>   El d\u00eda de la proclamaci\u00f3n de  Rep\u00fablica Dominicana, el 27 de Febrero de 1844, Mar\u00eda S\u00e1nchez se mantuvo al lado de los pr\u00f3ceres febreristas, a quienes dio asistencia y llev\u00f3  cartuchos.<\/p>\n<\/p>\n<p>   Mar\u00eda Trinidad S\u00e1nchez era t\u00eda del pr\u00f3cer Francisco del Rosario S\u00e1nchez  y le toc\u00f3 el honor de confeccionar la primera bandera dominicana.<\/p>\n<\/p>\n<p>   Tambi\u00e9n se  destac\u00f3 como una opositora a los conservadores que lideraba  el Presidente Pedro Santana, y particip\u00f3 en una conspiraci\u00f3n para derrocarlo.<\/p>\n<\/p>\n<p>    En ese plan fue descubierta y arrestada por los militares santanistas.  El Gobierno la acus\u00f3 de llevar a cabo una conspiraci\u00f3n y le prometi\u00f3 que le perdonar\u00eda la vida si revelaba los nombres de sus compa\u00f1eros, pero ella se neg\u00f3.<\/p>\n<\/p>\n<p>   Por ello, el Presidente Pedro Santana orden\u00f3 que fuera fusilada y la medida se ejecut\u00f3 el d\u00eda 27 de febrero de 1845, al cumplirse el primer aniversario de la fundaci\u00f3n de Rep\u00fablica Dominicana.<\/p>\n<\/p>\n<h6> 2020-06-16 12:29:03 <\/h6>\n<p><!--\n<link rel=\"stylesheet\" href=\"css\/bootstrap.min.css\">\n\n\n<ul class=\"pagination\">\n\t    \n\t\n\n<li >\n\t<a href='?page_no=505'>Previous<\/a>\n\t<\/li>\n\n\n       \n    \n\n<li><a href='?page_no=1'>1<\/a><\/li>\n\n\n\n<li><a href='?page_no=2'>2<\/a><\/li>\n\n\n\n<li><a>...<\/a><\/li>\n\n\n\n<li><a href='?page_no=504'>504<\/a><\/li>\n\n\n\n<li><a href='?page_no=505'>505<\/a><\/li>\n\n\n\n<li class='active'><a>506<\/a><\/li>\n\n\n\n<li><a href='?page_no=507'>507<\/a><\/li>\n\n\n\n<li><a href='?page_no=508'>508<\/a><\/li>\n\n\n\n<li><a>...<\/a><\/li>\n\n\n\n<li><a href='?page_no=22911'>22911<\/a><\/li>\n\n\n\n<li><a href='?page_no=22912'>22912<\/a><\/li>\n\n    \n\t\n\n<li >\n\t<a href='?page_no=507'>Next<\/a>\n\t<\/li>\n\n\n    \n\n<li><a href='?page_no=22912'>Last &rsaquo;&rsaquo;<\/a><\/li>\n\n<\/ul>\n\n\n--><br \/>\n<\/body><\/p>\n","protected":false},"excerpt":{"rendered":"<p>Diariodominicano.com Nace Mar\u00eda Trinidad S\u00e1nchez SANTO DOMINGO, el 16 de junio de 1794, naci\u00f3 en la ciudad de Santo Domingo, Mar\u00eda Trinidad S\u00e1nchez, quien se distingui\u00f3 como una hero\u00edna en la lucha por la Independencia Nacional. El d\u00eda de la proclamaci\u00f3n de Rep\u00fablica Dominicana, el 27 de Febrero de 1844, Mar\u00eda S\u00e1nchez se mantuvo al [&hellip;]<\/p>\n","protected":false},"author":3,"featured_media":0,"comment_status":"open","ping_status":"open","sticky":false,"template":"","format":"standard","meta":{"footnotes":""},"categories":[21],"tags":[],"class_list":["post-52751","post","type-post","status-publish","format-standard","hentry","category-cultura"],"_links":{"self":[{"href":"https:\/\/diariodominicano.com\/index.php?rest_route=\/wp\/v2\/posts\/52751","targetHints":{"allow":["GET"]}}],"collection":[{"href":"https:\/\/diariodominicano.com\/index.php?rest_route=\/wp\/v2\/posts"}],"about":[{"href":"https:\/\/diariodominicano.com\/index.php?rest_route=\/wp\/v2\/types\/post"}],"author":[{"embeddable":true,"href":"https:\/\/diariodominicano.com\/index.php?rest_route=\/wp\/v2\/users\/3"}],"replies":[{"embeddable":true,"href":"https:\/\/diariodominicano.com\/index.php?rest_route=%2Fwp%2Fv2%2Fcomments&post=52751"}],"version-history":[{"count":0,"href":"https:\/\/diariodominicano.com\/index.php?rest_route=\/wp\/v2\/posts\/52751\/revisions"}],"wp:attachment":[{"href":"https:\/\/diariodominicano.com\/index.php?rest_route=%2Fwp%2Fv2%2Fmedia&parent=52751"}],"wp:term":[{"taxonomy":"category","embeddable":true,"href":"https:\/\/diariodominicano.com\/index.php?rest_route=%2Fwp%2Fv2%2Fcategories&post=52751"},{"taxonomy":"post_tag","embeddable":true,"href":"https:\/\/diariodominicano.com\/index.php?rest_route=%2Fwp%2Fv2%2Ftags&post=52751"}],"curies":[{"name":"wp","href":"https:\/\/api.w.org\/{rel}","templated":true}]}}