{"id":527417,"date":"2024-04-29T20:27:32","date_gmt":"2024-04-30T00:27:32","guid":{"rendered":"https:\/\/diariodominicano.com\/?p=527417"},"modified":"2024-04-29T20:27:33","modified_gmt":"2024-04-30T00:27:33","slug":"61-anos-de-la-promulgacion-de-la-constitucion-del-presidente-juan-bosch","status":"publish","type":"post","link":"https:\/\/diariodominicano.com\/?p=527417","title":{"rendered":"61 a\u00f1os de la promulgaci\u00f3n de la Constituci\u00f3n del presidente  Juan Bosch"},"content":{"rendered":"\n<p><em>\u00a061 a\u00f1os de la promulgaci\u00f3n de la Carta Magna m\u00e1s moderna y progresista que<\/em>\u2002<em>tuvo el pa\u00eds<\/em>\u2002<em>en 1963.<\/em><\/p>\n\n\n\n<p><strong>61 a\u00f1os se cumplen este 29 de abril del acto de proclamaci\u00f3n de la Constituci\u00f3n promulgada por el presidente de la Rep\u00fablica, profesor Juan Bosch<\/strong>, considerada como la carta magna m\u00e1s moderna y progresista que tuvo Rep\u00fablica Dominicana en 1963.<\/p>\n\n\n\n<p>El Partido de la Liberaci\u00f3n Dominicana, fiel a su tradici\u00f3n de destacar las fechas patrias e hist\u00f3ricas, recuerda ese acontecimiento ocurrido unos dos meses despu\u00e9s de la juramentaci\u00f3n del primer gobierno democr\u00e1tico al finalizar la tiran\u00eda trujillista.<\/p>\n\n\n\n<p>Al recordar la proclamaci\u00f3n de la Constituci\u00f3n de 1963, el PLD rinde tributo de reconocimiento al fundador de esa organizaci\u00f3n, profesor Juan Bosch, por sus luchas y desvelos a favor del pueblo dominicano, los sectores populares y el desarrollo del pa\u00eds y su institucionalidad.<\/p>\n\n\n\n<p>Pol\u00edticos, historiadores, investigadores y profesionales del derecho coinciden en calificar la Constituci\u00f3n de 1963 como la m\u00e1s democr\u00e1tica que ha conocido el pa\u00eds en toda su historia, destacando de su texto la defensa a las libertades p\u00fablicas y que se consagra la plena vigencia de los derechos humanos.<\/p>\n\n\n\n<p>En la Constituci\u00f3n de 1963 se abordaron temas como el de que la riqueza del pa\u00eds, que deb\u00eda basarse en el trabajo del hombre, el respeto a la dignidad, los valores y la concepci\u00f3n \u00e9tica y sanciona todo lo que fuera acto de deshonestidad en la administraci\u00f3n p\u00fablica.<\/p>\n\n\n\n<p>Dentro de los puntos del contenido de la Carta Marga promulgada en el gobierno del profesor Juan Bosch en 1963 se destacan: El derecho a la participaci\u00f3n de los trabajadores en los beneficios de las empresas, derecho de ir a la huelga, igualdad de derecho del hombre y la mujer, libertad sindical, libertad de pensamiento y asociaci\u00f3n, libertad de culto, igualdad de los hijos.<\/p>\n\n\n\n<p>Asimismo, se tiene a la salud como un derecho fundamental, se proh\u00edbe el monopolio y el latifundio, y el minifundio se declara como antisocial. La seguridad de mercado para la producci\u00f3n agr\u00edcola, se asienta la necesidad de la reforma agraria, la rendici\u00f3n de cuentas del funcionario p\u00fablico, entre&nbsp;otros puntos importantes.<\/p>\n\n\n\n<p><strong>SECRETARIA DE COMUNICACIONES<\/strong><\/p>\n\n\n\n<p><strong>29 DE ABRIL, 2024<\/strong><strong><\/strong><\/p>\n","protected":false},"excerpt":{"rendered":"<p>\u00a061 a\u00f1os de la promulgaci\u00f3n de la Carta Magna m\u00e1s moderna y progresista que\u2002tuvo el pa\u00eds\u2002en 1963. 61 a\u00f1os se cumplen este 29 de abril del acto de proclamaci\u00f3n de la Constituci\u00f3n promulgada por el presidente de la Rep\u00fablica, profesor Juan Bosch, considerada como la carta magna m\u00e1s moderna y progresista que tuvo Rep\u00fablica Dominicana [&hellip;]<\/p>\n","protected":false},"author":2,"featured_media":365122,"comment_status":"closed","ping_status":"closed","sticky":false,"template":"","format":"standard","meta":{"footnotes":""},"categories":[26],"tags":[],"class_list":["post-527417","post","type-post","status-publish","format-standard","has-post-thumbnail","hentry","category-efemerides"],"_links":{"self":[{"href":"https:\/\/diariodominicano.com\/index.php?rest_route=\/wp\/v2\/posts\/527417","targetHints":{"allow":["GET"]}}],"collection":[{"href":"https:\/\/diariodominicano.com\/index.php?rest_route=\/wp\/v2\/posts"}],"about":[{"href":"https:\/\/diariodominicano.com\/index.php?rest_route=\/wp\/v2\/types\/post"}],"author":[{"embeddable":true,"href":"https:\/\/diariodominicano.com\/index.php?rest_route=\/wp\/v2\/users\/2"}],"replies":[{"embeddable":true,"href":"https:\/\/diariodominicano.com\/index.php?rest_route=%2Fwp%2Fv2%2Fcomments&post=527417"}],"version-history":[{"count":1,"href":"https:\/\/diariodominicano.com\/index.php?rest_route=\/wp\/v2\/posts\/527417\/revisions"}],"predecessor-version":[{"id":527418,"href":"https:\/\/diariodominicano.com\/index.php?rest_route=\/wp\/v2\/posts\/527417\/revisions\/527418"}],"wp:featuredmedia":[{"embeddable":true,"href":"https:\/\/diariodominicano.com\/index.php?rest_route=\/wp\/v2\/media\/365122"}],"wp:attachment":[{"href":"https:\/\/diariodominicano.com\/index.php?rest_route=%2Fwp%2Fv2%2Fmedia&parent=527417"}],"wp:term":[{"taxonomy":"category","embeddable":true,"href":"https:\/\/diariodominicano.com\/index.php?rest_route=%2Fwp%2Fv2%2Fcategories&post=527417"},{"taxonomy":"post_tag","embeddable":true,"href":"https:\/\/diariodominicano.com\/index.php?rest_route=%2Fwp%2Fv2%2Ftags&post=527417"}],"curies":[{"name":"wp","href":"https:\/\/api.w.org\/{rel}","templated":true}]}}