{"id":52740,"date":"2020-06-16T21:44:26","date_gmt":"2020-06-16T21:44:26","guid":{"rendered":"http:\/\/diariodominicano.ddns.net\/?p=52740"},"modified":"2020-06-16T21:44:26","modified_gmt":"2020-06-16T21:44:26","slug":"instituto-duartiano-reconoce-valentia-y-arrojo-de-maria-trinidad-sanchez-en-206-aniversario","status":"publish","type":"post","link":"https:\/\/diariodominicano.com\/?p=52740","title":{"rendered":"Instituto Duartiano reconoce valent\u00eda y arrojo de Mar\u00eda Trinidad S\u00e1nchez en 206 aniversario"},"content":{"rendered":"<p><body><\/p>\n<p><img decoding=\"async\" src=\"img3\/wilson g160620.jpg\" \/>  <\/p>\n<p><strong>Deposita ofrenda en busto<\/strong><\/p>\n<p>En el centro, el doctor Wilson G\u00f3mez Ram\u00edrez, presidente del Instituto Duartiano y otros directivos de esa entidad, en el busto de Mar\u00eda Trinidad S\u00e1nchez.<\/p>\n<p><strong>Instituto Duartiano reconoce valent\u00eda y arrojo de Mar\u00eda Trinidad S\u00e1nchez en 206 aniversario<\/strong><\/p>\n<p><strong>Santo Domingo, RD.-  <\/strong>El presidente del Instituto Duartiano, Doctor Wilson G\u00f3mez Ram\u00edrez, afirm\u00f3 que el sacrificio de patriotas y hero\u00ednas de la Patria debe merecerle atenci\u00f3n a la clase pol\u00edtica del pa\u00eds para asumir un compromiso serio orientado a defender la integridad del pa\u00eds, poniendo en pr\u00e1ctica acciones energ\u00e9ticas para restringir significativamente la corrupci\u00f3n administrativa, la impunidad y la indiferencia ante la inobservancia de la ley.<\/p>\n<\/p>\n<p>El Doctor Wilson G\u00f3mez Ram\u00edrez se expres\u00f3 en esos t\u00e9rminos al conmemorarse este martes el 206 aniversario del nacimiento de Mar\u00eda Trinidad Sanchez, y que insisti\u00f3 \u00abnos convoca a reflexionar seriamente en lo que concierne a nuestra frontera terrestre y la defensa de nuestra soberan\u00eda, mediante pol\u00edticas migratorias que est\u00e9n en consonancia con nuestras leyes y con el inter\u00e9s supremo de los dominicanos\u00bb.<\/p>\n<\/p>\n<p>Manifest\u00f3 que este momento singular que vivimos, con la crisis econ\u00f3mica generada por la pandemia, requiere emular la capacidad de sacrificio de Mar\u00eda Trinidad S\u00e1nchez, dejar de lado los intereses particulares e implementar programas a favor de los m\u00e1s necesitados.<\/p>\n<\/p>\n<p>G\u00f3mez Ram\u00edrez se\u00f1al\u00f3 que al  recordar este 16 de junio este aniversario, el Instituto Duartiano reconoci\u00f3 en ella a una de las hero\u00ednas de la Patria con mayor arrojo y valent\u00eda, porque prefiri\u00f3 la muerte antes que aceptar ser perdonada si delataba a sus compa\u00f1eros trinitarios, que luchaban contra las arbitrariedades, el despotismo y el proyecto de entrega del territorio dominicano a intereses extranjeros, por parte del general Pedro Santana.<\/p>\n<\/p>\n<p>El presidente de la entidad patri\u00f3tica expres\u00f3 que Mar\u00eda Trinidad S\u00e1nchez constituye un elevado ejemplo de firmeza, honestidad y entrega a favor del elevado inter\u00e9s de la Naci\u00f3n.<\/p>\n<\/p>\n<p>Directivos y miembros del Instituto Duartiano depositaron este 16 de junio una ofrenda floral ante el busto a la hero\u00edna, en el parque que honra su nombre, ubicado en la calle Mercedes esquina 19 de marzo de la Ciudad Colonial.<\/p>\n<\/p>\n<p>G\u00f3mez Ram\u00edrez manifest\u00f3 que ella tiene que ser recordada por todos y todas como una mujer de un coraje extraordinario que, conducida al pat\u00edbulo, desde la fortaleza Ozama al cementerio, al pasar por la Puerta del Conde, elev\u00f3 su intensidad de voz para exclamar: \u00a1Dios m\u00edo, c\u00famplase en m\u00ed tu voluntad y s\u00e1lvese la Rep\u00fablica!<\/p>\n<\/p>\n<p>Dijo que esta excepcional mujer se mantuvo activa desde la fundaci\u00f3n sociedad patri\u00f3tica Trinitaria, en 1838, la proclamaci\u00f3n de la Independencia Nacional, el 27 de febrero de 1844, llevando en sus faldas cartuchos y p\u00f3lvora, parte de los cuales estuvieron en el escenario de la hoy Puerta del Conde, aquella noche de gloria, y mantuvo sus acciones hasta el \u00faltimo d\u00eda de su valiosa vida.<\/p>\n<\/p>\n<p>\u00abEl general Santana acus\u00f3 a Mar\u00eda Trinidad de participar en acciones conspirativas contra su gobierno y de ayudar a los seguidores de Duarte a abastecerse de pertrechos, as\u00ed como por hacer llegar a sus compa\u00f1eros correspondencias escritas; ella, sufri\u00f3 el rigor de la prisi\u00f3n en la Torre del Homenaje, Fortaleza Ozama\u00bb, expres\u00f3.<\/p>\n<\/p>\n<p>El doctor G\u00f3mez Ram\u00edrez, agreg\u00f3: \u00abMar\u00eda Trinidad S\u00e1nchez, es una digna representante del liderazgo femenino de su \u00e9poca, y figura entre las mujeres patriotas que confeccionaron los primeros ejemplares de la Bandera dominicana, sus esfuerzos fueron permanentes, independientemente, de ser la t\u00eda del ilustre Patricio Francisco del Rosario S\u00e1nchez, ella alcanz\u00f3 alt\u00edsimos m\u00e9ritos propios, dado su significativo aporte a favor de la Patria\u00bb.<\/p>\n<\/p>\n<p>El presidente del Instituto Duartiano record\u00f3 que el asesinato de Mar\u00eda Trinidad S\u00e1nchez se produjo el 27 de febrero de 1845, al cumplirse el primer aniversario de la proclamaci\u00f3n de la Independencia Nacional, y, en la ocasi\u00f3n, tambi\u00e9n fueron fusilados, ese mismo d\u00eda, el sobrino e hijo de crianza de la hero\u00edna, Andr\u00e9s S\u00e1nchez, y otros conjurados.<\/p>\n<\/p>\n<\/p>\n<h6> 2020-06-16 21:44:26 <\/h6>\n<p><!--\n<link rel=\"stylesheet\" href=\"css\/bootstrap.min.css\">\n\n\n<ul class=\"pagination\">\n\t    \n\t\n\n<li >\n\t<a href='?page_no=504'>Previous<\/a>\n\t<\/li>\n\n\n       \n    \n\n<li><a href='?page_no=1'>1<\/a><\/li>\n\n\n\n<li><a href='?page_no=2'>2<\/a><\/li>\n\n\n\n<li><a>...<\/a><\/li>\n\n\n\n<li><a href='?page_no=503'>503<\/a><\/li>\n\n\n\n<li><a href='?page_no=504'>504<\/a><\/li>\n\n\n\n<li class='active'><a>505<\/a><\/li>\n\n\n\n<li><a href='?page_no=506'>506<\/a><\/li>\n\n\n\n<li><a href='?page_no=507'>507<\/a><\/li>\n\n\n\n<li><a>...<\/a><\/li>\n\n\n\n<li><a href='?page_no=22911'>22911<\/a><\/li>\n\n\n\n<li><a href='?page_no=22912'>22912<\/a><\/li>\n\n    \n\t\n\n<li >\n\t<a href='?page_no=506'>Next<\/a>\n\t<\/li>\n\n\n    \n\n<li><a href='?page_no=22912'>Last &rsaquo;&rsaquo;<\/a><\/li>\n\n<\/ul>\n\n\n--><br \/>\n<\/body><\/p>\n","protected":false},"excerpt":{"rendered":"<p>Deposita ofrenda en busto En el centro, el doctor Wilson G\u00f3mez Ram\u00edrez, presidente del Instituto Duartiano y otros directivos de esa entidad, en el busto de Mar\u00eda Trinidad S\u00e1nchez. Instituto Duartiano reconoce valent\u00eda y arrojo de Mar\u00eda Trinidad S\u00e1nchez en 206 aniversario Santo Domingo, RD.- El presidente del Instituto Duartiano, Doctor Wilson G\u00f3mez Ram\u00edrez, afirm\u00f3 [&hellip;]<\/p>\n","protected":false},"author":3,"featured_media":0,"comment_status":"open","ping_status":"open","sticky":false,"template":"","format":"standard","meta":{"footnotes":""},"categories":[21],"tags":[],"class_list":["post-52740","post","type-post","status-publish","format-standard","hentry","category-cultura"],"_links":{"self":[{"href":"https:\/\/diariodominicano.com\/index.php?rest_route=\/wp\/v2\/posts\/52740","targetHints":{"allow":["GET"]}}],"collection":[{"href":"https:\/\/diariodominicano.com\/index.php?rest_route=\/wp\/v2\/posts"}],"about":[{"href":"https:\/\/diariodominicano.com\/index.php?rest_route=\/wp\/v2\/types\/post"}],"author":[{"embeddable":true,"href":"https:\/\/diariodominicano.com\/index.php?rest_route=\/wp\/v2\/users\/3"}],"replies":[{"embeddable":true,"href":"https:\/\/diariodominicano.com\/index.php?rest_route=%2Fwp%2Fv2%2Fcomments&post=52740"}],"version-history":[{"count":0,"href":"https:\/\/diariodominicano.com\/index.php?rest_route=\/wp\/v2\/posts\/52740\/revisions"}],"wp:attachment":[{"href":"https:\/\/diariodominicano.com\/index.php?rest_route=%2Fwp%2Fv2%2Fmedia&parent=52740"}],"wp:term":[{"taxonomy":"category","embeddable":true,"href":"https:\/\/diariodominicano.com\/index.php?rest_route=%2Fwp%2Fv2%2Fcategories&post=52740"},{"taxonomy":"post_tag","embeddable":true,"href":"https:\/\/diariodominicano.com\/index.php?rest_route=%2Fwp%2Fv2%2Ftags&post=52740"}],"curies":[{"name":"wp","href":"https:\/\/api.w.org\/{rel}","templated":true}]}}