{"id":527346,"date":"2024-04-29T13:34:03","date_gmt":"2024-04-29T17:34:03","guid":{"rendered":"https:\/\/diariodominicano.com\/?p=527346"},"modified":"2024-04-29T13:34:05","modified_gmt":"2024-04-29T17:34:05","slug":"asociacion-de-periodistas-y-comunicadores-del-cibao-anuncia-actividad-en-punal-santiago","status":"publish","type":"post","link":"https:\/\/diariodominicano.com\/?p=527346","title":{"rendered":"Asociaci\u00f3n de Periodistas y Comunicadores del Cibao anuncia actividad en Pu\u00f1al, Santiago"},"content":{"rendered":"\n<p>El pr\u00f3ximo  domingo 5 de mayo la Asociaci\u00f3n de Periodistas y Comunicadores del Cibao (APCC) realizar\u00e1 una actividad con motivo del noveno aniversario de esa organizaci\u00f3n.<\/p>\n\n\n\n<p>El encuentro de los periodistas y comunicadores se realizar\u00e1 el domingo pr\u00f3ximo, a las diez de la ma\u00f1ana, en la Urbanizaci\u00f3n Villa Mar\u00eda, ubicada en las cercan\u00edas del Hospital Metropolitano de Santiago (HOMS), donde ser\u00e1n entregados pergaminos de reconocimiento a comunicadores del a\u00f1o, actividades culturales, uso de piscina y almuerzo. Adem\u00e1s, se contar\u00e1 con la presentaci\u00f3n de una orquesta.<\/p>\n\n\n\n<p>La APCC, llam\u00f3 a los invitados a comunicarse con su filial para coordinar su participaci\u00f3n.<\/p>\n\n\n\n<p>Carlos Ricardo Fondeur Moronta<\/p>\n\n\n\n<p><a target=\"_blank\" href=\"mailto:carlosricardofondeurmoronta@gmail.com\" rel=\"noreferrer noopener\">carlosricardofondeurmoronta@gmail.com<\/a><\/p>\n","protected":false},"excerpt":{"rendered":"<p>El pr\u00f3ximo domingo 5 de mayo la Asociaci\u00f3n de Periodistas y Comunicadores del Cibao (APCC) realizar\u00e1 una actividad con motivo del noveno aniversario de esa organizaci\u00f3n. El encuentro de los periodistas y comunicadores se realizar\u00e1 el domingo pr\u00f3ximo, a las diez de la ma\u00f1ana, en la Urbanizaci\u00f3n Villa Mar\u00eda, ubicada en las cercan\u00edas del Hospital [&hellip;]<\/p>\n","protected":false},"author":2,"featured_media":527347,"comment_status":"closed","ping_status":"closed","sticky":false,"template":"","format":"standard","meta":{"footnotes":""},"categories":[36,26],"tags":[],"class_list":["post-527346","post","type-post","status-publish","format-standard","has-post-thumbnail","hentry","category-hombresmujeresycosas","category-efemerides"],"_links":{"self":[{"href":"https:\/\/diariodominicano.com\/index.php?rest_route=\/wp\/v2\/posts\/527346","targetHints":{"allow":["GET"]}}],"collection":[{"href":"https:\/\/diariodominicano.com\/index.php?rest_route=\/wp\/v2\/posts"}],"about":[{"href":"https:\/\/diariodominicano.com\/index.php?rest_route=\/wp\/v2\/types\/post"}],"author":[{"embeddable":true,"href":"https:\/\/diariodominicano.com\/index.php?rest_route=\/wp\/v2\/users\/2"}],"replies":[{"embeddable":true,"href":"https:\/\/diariodominicano.com\/index.php?rest_route=%2Fwp%2Fv2%2Fcomments&post=527346"}],"version-history":[{"count":1,"href":"https:\/\/diariodominicano.com\/index.php?rest_route=\/wp\/v2\/posts\/527346\/revisions"}],"predecessor-version":[{"id":527348,"href":"https:\/\/diariodominicano.com\/index.php?rest_route=\/wp\/v2\/posts\/527346\/revisions\/527348"}],"wp:featuredmedia":[{"embeddable":true,"href":"https:\/\/diariodominicano.com\/index.php?rest_route=\/wp\/v2\/media\/527347"}],"wp:attachment":[{"href":"https:\/\/diariodominicano.com\/index.php?rest_route=%2Fwp%2Fv2%2Fmedia&parent=527346"}],"wp:term":[{"taxonomy":"category","embeddable":true,"href":"https:\/\/diariodominicano.com\/index.php?rest_route=%2Fwp%2Fv2%2Fcategories&post=527346"},{"taxonomy":"post_tag","embeddable":true,"href":"https:\/\/diariodominicano.com\/index.php?rest_route=%2Fwp%2Fv2%2Ftags&post=527346"}],"curies":[{"name":"wp","href":"https:\/\/api.w.org\/{rel}","templated":true}]}}