{"id":527229,"date":"2024-04-28T21:19:06","date_gmt":"2024-04-29T01:19:06","guid":{"rendered":"https:\/\/diariodominicano.com\/?p=527229"},"modified":"2024-04-28T21:19:12","modified_gmt":"2024-04-29T01:19:12","slug":"ultiman-detalles-de-eleccion-del-presidente-del-consejo-en-haiti","status":"publish","type":"post","link":"https:\/\/diariodominicano.com\/?p=527229","title":{"rendered":"Ultiman detalles de elecci\u00f3n del presidente del consejo en Hait\u00ed"},"content":{"rendered":"\n<p>diariodominicano.com<\/p>\n\n\n\n<p>Puerto Pr\u00edncipe, 28 abr (Prensa Latina) Hait\u00ed cuenta hoy con un documento que sienta las bases para elegir al m\u00e1ximo responsable del Consejo Presidencial de Transici\u00f3n (CPT), \u00f3rgano encargado de reordenar la vida pol\u00edtica en el pa\u00eds caribe\u00f1o.<\/p>\n\n\n\n<p>El texto fue denominado Mecanismo aplicable a la elecci\u00f3n del Presidente del Consejo Presidencial de la Transici\u00f3n, y ser\u00e1 ejecutado por una oficina creada para ese fin.<\/p>\n\n\n\n<p>Dicho m\u00e1ximo responsable ser\u00e1 elegido el pr\u00f3ximo martes, adelant\u00f3 el diario digital Le Nouvelliste.<\/p>\n\n\n\n<p>El jueves, los miembros del CPT prestaron juramento en el Palacio Nacional, desde donde se trazar\u00e1 la ruta para reordenar pol\u00edticamente al pa\u00eds caribe\u00f1o.<\/p>\n\n\n\n<p>Ante una audiencia limitada Smith Agust\u00edn; Louis G\u00e9rald Gilles; Fritz, Alphonse Jean; Edgard Leblanc Jr.; Laurent Saint-Cyr; Emmanuel Vertilaire, Leslie Voltaire, R\u00e9gine Abraham y Frinel Joseph sellaron su compromiso con la naci\u00f3n.<\/p>\n\n\n\n<p>Al mismo tiempo, el exprimer ministro de Hait\u00ed, Ariel Henry present\u00f3 oficialmente su renuncia y nombr\u00f3 a Michel Patrick Boisvert como primer ministro interino por decreto a la espera de la formaci\u00f3n de otro gobierno.<\/p>\n\n\n\n<p>Dicho \u00f3rgano una vez en funciones, tendr\u00e1 que nombrar a un Primer Ministro y formar un gobierno concertado con \u00e9l.<\/p>\n\n\n\n<p>Tambi\u00e9n conformar\u00e1 el Consejo Electoral Provisional; formular necesidades adicionales para que las fuerzas de seguridad nacionales ordinarias se dirijan a la comunidad internacional y establecer un Consejo de Seguridad Nacional.<\/p>\n\n\n\n<p>Asimismo, firmar\u00e1 decretos y \u00f3rdenes dictados por el Consejo de Ministros; y la continuaci\u00f3n de las relaciones con Kenya en el marco de la Misi\u00f3n Internacional de Apoyo a la Seguridad.<\/p>\n\n\n\n<p>El consejo gozar\u00e1 de todas las atribuciones presidenciales conferidas por la Constituci\u00f3n.<\/p>\n\n\n\n<p>jha\/joe<\/p>\n","protected":false},"excerpt":{"rendered":"<p>diariodominicano.com Puerto Pr\u00edncipe, 28 abr (Prensa Latina) Hait\u00ed cuenta hoy con un documento que sienta las bases para elegir al m\u00e1ximo responsable del Consejo Presidencial de Transici\u00f3n (CPT), \u00f3rgano encargado de reordenar la vida pol\u00edtica en el pa\u00eds caribe\u00f1o. El texto fue denominado Mecanismo aplicable a la elecci\u00f3n del Presidente del Consejo Presidencial de la [&hellip;]<\/p>\n","protected":false},"author":5,"featured_media":526694,"comment_status":"closed","ping_status":"closed","sticky":true,"template":"","format":"standard","meta":{"footnotes":""},"categories":[112,23,27],"tags":[],"class_list":["post-527229","post","type-post","status-publish","format-standard","has-post-thumbnail","hentry","category-haiti","category-internacional","category-portada"],"_links":{"self":[{"href":"https:\/\/diariodominicano.com\/index.php?rest_route=\/wp\/v2\/posts\/527229","targetHints":{"allow":["GET"]}}],"collection":[{"href":"https:\/\/diariodominicano.com\/index.php?rest_route=\/wp\/v2\/posts"}],"about":[{"href":"https:\/\/diariodominicano.com\/index.php?rest_route=\/wp\/v2\/types\/post"}],"author":[{"embeddable":true,"href":"https:\/\/diariodominicano.com\/index.php?rest_route=\/wp\/v2\/users\/5"}],"replies":[{"embeddable":true,"href":"https:\/\/diariodominicano.com\/index.php?rest_route=%2Fwp%2Fv2%2Fcomments&post=527229"}],"version-history":[{"count":1,"href":"https:\/\/diariodominicano.com\/index.php?rest_route=\/wp\/v2\/posts\/527229\/revisions"}],"predecessor-version":[{"id":527230,"href":"https:\/\/diariodominicano.com\/index.php?rest_route=\/wp\/v2\/posts\/527229\/revisions\/527230"}],"wp:featuredmedia":[{"embeddable":true,"href":"https:\/\/diariodominicano.com\/index.php?rest_route=\/wp\/v2\/media\/526694"}],"wp:attachment":[{"href":"https:\/\/diariodominicano.com\/index.php?rest_route=%2Fwp%2Fv2%2Fmedia&parent=527229"}],"wp:term":[{"taxonomy":"category","embeddable":true,"href":"https:\/\/diariodominicano.com\/index.php?rest_route=%2Fwp%2Fv2%2Fcategories&post=527229"},{"taxonomy":"post_tag","embeddable":true,"href":"https:\/\/diariodominicano.com\/index.php?rest_route=%2Fwp%2Fv2%2Ftags&post=527229"}],"curies":[{"name":"wp","href":"https:\/\/api.w.org\/{rel}","templated":true}]}}