{"id":527199,"date":"2024-04-28T14:02:08","date_gmt":"2024-04-28T18:02:08","guid":{"rendered":"https:\/\/diariodominicano.com\/?p=527199"},"modified":"2024-04-28T14:02:13","modified_gmt":"2024-04-28T18:02:13","slug":"docenas-de-personas-hacen-saludo-fascista-en-79-aniversario-de-ejecucion-del-dictador-mussolini","status":"publish","type":"post","link":"https:\/\/diariodominicano.com\/?p=527199","title":{"rendered":"Docenas de personas hacen saludo fascista en 79 aniversario de ejecuci\u00f3n del dictador Mussolini"},"content":{"rendered":"\n<p>ARCHIVO &#8211; La gente realiza un saludo romano en la ciudad natal del ex dictador Benito Mussolini para conmemorar el centenario del golpe de estado mediante el cual tom\u00f3 el poder en 1922, en Predappio, Italia, el 30 de octubre de 2022.<\/p>\n\n\n\n<p>abril 28, 2024<\/p>\n\n\n\n<ul class=\"wp-block-list\">\n<li><a href=\"https:\/\/www.vozdeamerica.com\/author\/associated-press\/v_kyr\">Associated Press<\/a><\/li>\n<\/ul>\n\n\n\n<ul class=\"wp-block-list\">\n<li><a href=\"https:\/\/facebook.com\/sharer.php?u=https%3a%2f%2fwww.vozdeamerica.com%2fa%2fsaludo-fascista-mussolini-79-aniversario-ejecucion%2f7588399.html\" target=\"_blank\" rel=\"noreferrer noopener\"><\/a><\/li>\n\n\n\n<li><a href=\"https:\/\/twitter.com\/share?url=https%3a%2f%2fwww.vozdeamerica.com%2fa%2fsaludo-fascista-mussolini-79-aniversario-ejecucion%2f7588399.html&amp;text=Docenas+de+personas+hacen+saludo+fascista+en+79+aniversario+de+ejecuci%c3%b3n+del+dictador+Mussolini\" target=\"_blank\" rel=\"noreferrer noopener\"><\/a><\/li>\n\n\n\n<li><\/li>\n\n\n\n<li><a href=\"mailto:?body=https%3a%2f%2fwww.vozdeamerica.com%2fa%2fsaludo-fascista-mussolini-79-aniversario-ejecucion%2f7588399.html&amp;subject=Docenas%20de%20personas%20hacen%20saludo%20fascista%20en%2079%20aniversario%20de%20ejecuci%C3%B3n%20del%20dictador%20Mussolini\"><\/a><\/li>\n<\/ul>\n\n\n\n<p><a href=\"https:\/\/www.vozdeamerica.com\/a\/saludo-fascista-mussolini-79-aniversario-ejecucion\/7588399.html#comments\">&nbsp;Vea comentarios<\/a><\/p>\n\n\n\n<p>Vestidos de negro, los partidarios neofascistas marcharon por poblados del norte de Italia donde Mussolini fue arrestado y ejecutado al final de la Segunda Guerra Mundial, y tambi\u00e9n en Predappio, el lugar de nacimiento y \u00faltimo descanso de Benito Mussolini.<\/p>\n\n\n\n<p>ROMA \u2014&nbsp;<\/p>\n\n\n\n<p>Docenas de personas levantaron los brazos en el saludo fascista y realizaron un c\u00e1ntico fascista durante las ceremonias del domingo en honor al dictador italiano Benito Mussolini en el 79no aniversario de su ejecuci\u00f3n.<\/p>\n\n\n\n<p>Vestidos de negro, los partidarios neofascistas marcharon por poblados del norte de Italia donde Mussolini fue arrestado y ejecutado al final de la Segunda Guerra Mundial, y tambi\u00e9n en Predappio, el lugar de nacimiento y \u00faltimo descanso de Mussolini.<\/p>\n\n\n\n<p>Mussolini fue detenido por partisanos antifascistas en Dongo, a orillas del Lago Como, el 27 de abril de 1945, cuando intentaba escapar con su amante, Clara Petacci, tras la liberaci\u00f3n aliada de Italia.<\/p>\n\n\n\n<p>El domingo, un grupo de neofascistas march\u00f3 por Dongo y coloc\u00f3 15 rosas en el lago en memoria de los ministros y funcionarios del gobierno de Mussolini que fueron asesinados all\u00ed, seg\u00fan un v\u00eddeo del acto publicado por la agencia de noticias LaPresse.<\/p>\n\n\n\n<figure class=\"wp-block-image\"><img decoding=\"async\" src=\"https:\/\/gdb.voanews.com\/897ac962-119e-4a18-85d0-a90e0d4377ec_w650_r1_s.jpg\" alt=\"La gente realiza un saludo romano en la ciudad natal del ex dictador Benito Mussolini para conmemorar el centenario del golpe de estado mediante el cual tom\u00f3 el poder en 1922, en Predappio, Italia, el 30 de octubre de 2022.\"\/><figcaption class=\"wp-element-caption\">La gente realiza un saludo romano en la ciudad natal del ex dictador Benito Mussolini para conmemorar el centenario del golpe de estado mediante el cual tom\u00f3 el poder en 1922, en Predappio, Italia, el 30 de octubre de 2022.<\/figcaption><\/figure>\n\n\n\n<p>Los partisanos ejecutaron a Mussolini y Petacci al d\u00eda siguiente en la ciudad cercana de Mezzegra-Giulino, donde el domingo tambi\u00e9n hubo conmemoraciones. Tras la entonaci\u00f3n de un himno militar, el l\u00edder de las conmemoraciones grit\u00f3 \u201cCamarada Benito Mussolini\u201d y la multitud respondi\u00f3 con el saludo fascista con un brazo r\u00edgido y el grito de \u201cpresente\u201d.<\/p>\n\n\n\n<p>La polic\u00eda utiliz\u00f3 varios veh\u00edculos para separar a los manifestantes en Dongo de cientos de manifestantes que cantaron la famosa canci\u00f3n partidista \u201cBella Ciao\u201d durante la ceremonia.<\/p>\n\n\n\n<p>El aniversario de la ejecuci\u00f3n de Mussolini cay\u00f3 el mismo d\u00eda en que la primera ministra Giorgia Meloni encabezaba su partido de ultraderecha Hermanos de Italia en un mitin electoral en la ciudad de Pescara. Hermanos de Italia tiene sus ra\u00edces en el Movimiento Social Italiano, que fue fundado en 1946 por un jefe de gabinete del \u00faltimo gobierno de Mussolini y atrajo a sus filas a simpatizantes y funcionarios fascistas despu\u00e9s de la ca\u00edda de Mussolini.<\/p>\n","protected":false},"excerpt":{"rendered":"<p>ARCHIVO &#8211; La gente realiza un saludo romano en la ciudad natal del ex dictador Benito Mussolini para conmemorar el centenario del golpe de estado mediante el cual tom\u00f3 el poder en 1922, en Predappio, Italia, el 30 de octubre de 2022. abril 28, 2024 &nbsp;Vea comentarios Vestidos de negro, los partidarios neofascistas marcharon por [&hellip;]<\/p>\n","protected":false},"author":28,"featured_media":527200,"comment_status":"closed","ping_status":"closed","sticky":true,"template":"","format":"standard","meta":{"footnotes":""},"categories":[26,27],"tags":[],"class_list":["post-527199","post","type-post","status-publish","format-standard","has-post-thumbnail","hentry","category-efemerides","category-portada"],"_links":{"self":[{"href":"https:\/\/diariodominicano.com\/index.php?rest_route=\/wp\/v2\/posts\/527199","targetHints":{"allow":["GET"]}}],"collection":[{"href":"https:\/\/diariodominicano.com\/index.php?rest_route=\/wp\/v2\/posts"}],"about":[{"href":"https:\/\/diariodominicano.com\/index.php?rest_route=\/wp\/v2\/types\/post"}],"author":[{"embeddable":true,"href":"https:\/\/diariodominicano.com\/index.php?rest_route=\/wp\/v2\/users\/28"}],"replies":[{"embeddable":true,"href":"https:\/\/diariodominicano.com\/index.php?rest_route=%2Fwp%2Fv2%2Fcomments&post=527199"}],"version-history":[{"count":1,"href":"https:\/\/diariodominicano.com\/index.php?rest_route=\/wp\/v2\/posts\/527199\/revisions"}],"predecessor-version":[{"id":527201,"href":"https:\/\/diariodominicano.com\/index.php?rest_route=\/wp\/v2\/posts\/527199\/revisions\/527201"}],"wp:featuredmedia":[{"embeddable":true,"href":"https:\/\/diariodominicano.com\/index.php?rest_route=\/wp\/v2\/media\/527200"}],"wp:attachment":[{"href":"https:\/\/diariodominicano.com\/index.php?rest_route=%2Fwp%2Fv2%2Fmedia&parent=527199"}],"wp:term":[{"taxonomy":"category","embeddable":true,"href":"https:\/\/diariodominicano.com\/index.php?rest_route=%2Fwp%2Fv2%2Fcategories&post=527199"},{"taxonomy":"post_tag","embeddable":true,"href":"https:\/\/diariodominicano.com\/index.php?rest_route=%2Fwp%2Fv2%2Ftags&post=527199"}],"curies":[{"name":"wp","href":"https:\/\/api.w.org\/{rel}","templated":true}]}}