{"id":52718,"date":"2020-06-17T00:36:25","date_gmt":"2020-06-17T00:36:25","guid":{"rendered":"http:\/\/diariodominicano.ddns.net\/?p=52718"},"modified":"2020-06-17T00:36:25","modified_gmt":"2020-06-17T00:36:25","slug":"dominicanos-comandados-por-antonio-duverge-toman-el-fuerte-de-cachiman","status":"publish","type":"post","link":"https:\/\/diariodominicano.com\/?p=52718","title":{"rendered":"Dominicanos comandados por Antonio Duverg\u00e9 toman el fuerte de Cachim\u00e1n"},"content":{"rendered":"<p><body><\/p>\n<p><strong>Diariodominicano.com<\/strong><\/p>\n<p><strong>Para los  haitianos El Fuerte de Cachim\u00e1n era un punto muy importante, para  ocupar un lugar estrat\u00e9gico y ocasionar da\u00f1os a Rep\u00fablica Dominicana, como lo hac\u00edan cada cierto tiempo.<\/strong><\/p>\n<p><strong>Por HTN<\/strong><\/p>\n<p><strong>Diariodominicano.com<\/strong><\/p>\n<p><strong>SANTO DOMIGO,  el  17 de junio de 1849, <\/strong> militares dominicanos comandados por el general Antonio Duverg\u00e9, tomaron el Fuerte  de <\/p>\n<p>Cachim\u00e1n, el cual hab\u00eda sido construido por los haitianos entre las poblaciones de Las Caobas y Las Matas de Farf\u00e1n.<\/p>\n<\/p>\n<p>    Para los  haitianos El Fuerte de Cachim\u00e1n era un punto muy importante, para  ocupar un lugar estrat\u00e9gico y ocasionar da\u00f1os a Rep\u00fablica Dominicana, como lo hac\u00edan cada cierto tiempo.<\/p>\n<\/p>\n<p>    La Rep\u00fablica Dominicana fue proclamada el 27 de febrero de 1844, pero el Gobierno de Hait\u00ed  durante los primeros 12 a\u00f1os, tras  la proclamaci\u00f3n  de la  Rep\u00fablica, patrocin\u00f3 m\u00faltiples agresiones contra la soberan\u00eda  nacional, pero fracas\u00f3 en su prop\u00f3sito de retomar el pa\u00eds.<\/p>\n<\/p>\n<p>   El 17 de junio de 1849, cuando el general Antonio Duverg\u00e9 y sus tropas hicieron huir a los haitianos del Fuerte de Cachim\u00e1n, el oficial comandante ten\u00eda el cargo de general de brigada, encargado del Ej\u00e9rcito Expedicionario del Sur, y comandante de la provincia de Azua.<\/p>\n<\/p>\n<p>   Antonio Duverg\u00e9, hab\u00eda nacido  en Mayag\u00fcez, Puerto Rico, en 1807,  hijo de una de las familias de origen franc\u00e9s que abandon\u00f3 la parte Este de la isla, hoy Rep\u00fablica Dominicana, cuando se produjo la ocupaci\u00f3n haitiana en  1822.<\/p>\n<\/p>\n<p>    La carrera militar de Antonio  Duverg\u00e9,  est\u00e1  llena de \u00e9xitos, ya que en la defensa de la soberan\u00eda siempre pudo imponerse a los haitianos y evitar el avance de las frecuentes invasiones contra el pa\u00eds.<\/p>\n<\/p>\n<p>    Antonio Duverg\u00e9,  se encontraba en el frente de guerra   cuando comenz\u00f3 la  batalla del 19 de marzo de 1844.<\/p>\n<\/p>\n<p>    El historiador Rufino Mart\u00ednez  refiere que las dotes para la guerra puesta all\u00ed de manifiesto, le hicieron merecer la preferencia en el comando de las tropas de vanguardia. Al terminar la batalla de Azua persigui\u00f3 con sus tropas a los invasores hasta la l\u00ednea fronteriza y a partir de ah\u00ed  no le permitir\u00eda tomar ni un punto del territorio nacional.<\/p>\n<\/p>\n<p>     Le toc\u00f3 la misi\u00f3n de establecer el cuartel general de las tropas dominicanas en Las Matas de Farf\u00e1n y destacar columnas en Comendador, Cachim\u00e1n, El Puerto, Las Caobas, Hondo Valle, Los Pinos y Oregonal, donde las armas dominicanas terminaron victoriosas.<\/p>\n<\/p>\n<p>   Por sus m\u00e9ritos en defensa de la soberan\u00eda nacional, el general Antonio Duverg\u00e9, fue ascendido a General de Divisi\u00f3n,  con las funciones de Jefe Superior Pol\u00edtico de Azua y del Ej\u00e9rcito en operaci\u00f3n.<\/p>\n<\/p>\n<p>    El general Antonio Duverg\u00e9 en 1855, estando confinado en El Seibo, se involucr\u00f3 en una trama contra el Presidente Pedro Santana.  Al   ser descubierto   una Comisi\u00f3n Militar nombrada por el  jefe del Estado lo juzg\u00f3 y lo conden\u00f3 a muerte,  siendo ejecutado en el a\u00f1o 1855, en la misma comunidad de  El Seybo.<\/p>\n<\/p>\n<h6> 2020-06-17 00:36:25 <\/h6>\n<p><!--\n<link rel=\"stylesheet\" href=\"css\/bootstrap.min.css\">\n\n\n<ul class=\"pagination\">\n\t    \n\t\n\n<li >\n\t<a href='?page_no=502'>Previous<\/a>\n\t<\/li>\n\n\n       \n    \n\n<li><a href='?page_no=1'>1<\/a><\/li>\n\n\n\n<li><a href='?page_no=2'>2<\/a><\/li>\n\n\n\n<li><a>...<\/a><\/li>\n\n\n\n<li><a href='?page_no=501'>501<\/a><\/li>\n\n\n\n<li><a href='?page_no=502'>502<\/a><\/li>\n\n\n\n<li class='active'><a>503<\/a><\/li>\n\n\n\n<li><a href='?page_no=504'>504<\/a><\/li>\n\n\n\n<li><a href='?page_no=505'>505<\/a><\/li>\n\n\n\n<li><a>...<\/a><\/li>\n\n\n\n<li><a href='?page_no=22911'>22911<\/a><\/li>\n\n\n\n<li><a href='?page_no=22912'>22912<\/a><\/li>\n\n    \n\t\n\n<li >\n\t<a href='?page_no=504'>Next<\/a>\n\t<\/li>\n\n\n    \n\n<li><a href='?page_no=22912'>Last &rsaquo;&rsaquo;<\/a><\/li>\n\n<\/ul>\n\n\n--><br \/>\n<\/body><\/p>\n","protected":false},"excerpt":{"rendered":"<p>Diariodominicano.com Para los haitianos El Fuerte de Cachim\u00e1n era un punto muy importante, para ocupar un lugar estrat\u00e9gico y ocasionar da\u00f1os a Rep\u00fablica Dominicana, como lo hac\u00edan cada cierto tiempo. Por HTN Diariodominicano.com SANTO DOMIGO, el 17 de junio de 1849, militares dominicanos comandados por el general Antonio Duverg\u00e9, tomaron el Fuerte de Cachim\u00e1n, el [&hellip;]<\/p>\n","protected":false},"author":3,"featured_media":0,"comment_status":"open","ping_status":"open","sticky":false,"template":"","format":"standard","meta":{"footnotes":""},"categories":[21],"tags":[],"class_list":["post-52718","post","type-post","status-publish","format-standard","hentry","category-cultura"],"_links":{"self":[{"href":"https:\/\/diariodominicano.com\/index.php?rest_route=\/wp\/v2\/posts\/52718","targetHints":{"allow":["GET"]}}],"collection":[{"href":"https:\/\/diariodominicano.com\/index.php?rest_route=\/wp\/v2\/posts"}],"about":[{"href":"https:\/\/diariodominicano.com\/index.php?rest_route=\/wp\/v2\/types\/post"}],"author":[{"embeddable":true,"href":"https:\/\/diariodominicano.com\/index.php?rest_route=\/wp\/v2\/users\/3"}],"replies":[{"embeddable":true,"href":"https:\/\/diariodominicano.com\/index.php?rest_route=%2Fwp%2Fv2%2Fcomments&post=52718"}],"version-history":[{"count":0,"href":"https:\/\/diariodominicano.com\/index.php?rest_route=\/wp\/v2\/posts\/52718\/revisions"}],"wp:attachment":[{"href":"https:\/\/diariodominicano.com\/index.php?rest_route=%2Fwp%2Fv2%2Fmedia&parent=52718"}],"wp:term":[{"taxonomy":"category","embeddable":true,"href":"https:\/\/diariodominicano.com\/index.php?rest_route=%2Fwp%2Fv2%2Fcategories&post=52718"},{"taxonomy":"post_tag","embeddable":true,"href":"https:\/\/diariodominicano.com\/index.php?rest_route=%2Fwp%2Fv2%2Ftags&post=52718"}],"curies":[{"name":"wp","href":"https:\/\/api.w.org\/{rel}","templated":true}]}}