{"id":527179,"date":"2024-04-28T13:30:13","date_gmt":"2024-04-28T17:30:13","guid":{"rendered":"https:\/\/diariodominicano.com\/?p=527179"},"modified":"2024-04-28T13:31:19","modified_gmt":"2024-04-28T17:31:19","slug":"59-anos-de-la-intervencion-armada-en-republica-dominicana","status":"publish","type":"post","link":"https:\/\/diariodominicano.com\/?p=527179","title":{"rendered":"59 a\u00f1os de la intervenci\u00f3n armada en Rep\u00fablica Dominicana"},"content":{"rendered":"\n<p><em>Intervenci\u00f3n armada de 1965 crea una bandera de lucha por la liberaci\u00f3n nacional, explic\u00f3 el Profesor Juan Bosch<\/em><\/p>\n\n\n\n<p>En procura de que&nbsp;&nbsp;NO se olvide, el Partido de la Liberaci\u00f3n Dominicana(PLD), recuerda que un d\u00eda como hoy, 28 de abril en el a\u00f1o 1965, se produjo el inicio de la segunda intervenci\u00f3n norteamericana en la Rep\u00fablica Dominicana, cuatro d\u00edas despu\u00e9s de comenzar el movimiento c\u00edvico-militar que buscaba la vuelta a la constitucionalidad en el pa\u00eds.<\/p>\n\n\n\n<figure class=\"wp-block-image size-full\"><img loading=\"lazy\" decoding=\"async\" width=\"960\" height=\"690\" src=\"https:\/\/diariodominicano.com\/wp-content\/uploads\/2024\/04\/tanque-intervencion.jpg\" alt=\"\" class=\"wp-image-527182\" srcset=\"https:\/\/diariodominicano.com\/wp-content\/uploads\/2024\/04\/tanque-intervencion.jpg 960w, https:\/\/diariodominicano.com\/wp-content\/uploads\/2024\/04\/tanque-intervencion-300x216.jpg 300w, https:\/\/diariodominicano.com\/wp-content\/uploads\/2024\/04\/tanque-intervencion-768x552.jpg 768w, https:\/\/diariodominicano.com\/wp-content\/uploads\/2024\/04\/tanque-intervencion-816x587.jpg 816w\" sizes=\"auto, (max-width: 960px) 100vw, 960px\" \/><\/figure>\n\n\n\n<p>En el segmento de Efem\u00e9rides que se publica en Vanguardia del Pueblo y en los portales del PLD,&nbsp;&nbsp;se recuerda que en la fecha del&nbsp;&nbsp;28 abril 1965 el presidente de los Estados Unidos Lyndon B. Johnson anunci\u00f3 el env\u00edo de un peque\u00f1o contingente de soldados de la infanter\u00eda Norteamericana a Santo Domingo. Su misi\u00f3n, alegaba: \u00abproteger el per\u00edmetro de la embajada estadounidense y salvar la vida de los ciudadanos norteamericanos y de otras nacionalidades que lo soliciten.<\/p>\n\n\n\n<p>Posteriormente acusando a la revoluci\u00f3n constitucionalista de comunista, Johnson ordena el desembarco de la 82\u00aa. Divisi\u00f3n de Infanter\u00eda Aerotransportada del Ej\u00e9rcito de los Estados Unidos en Santo Domingo, con el prop\u00f3sito de controlar la situaci\u00f3n.<\/p>\n\n\n\n<p>El d\u00eda 24 de abril de 1965 se produjo una&nbsp;&nbsp;insurrecciona&nbsp;&nbsp;militar que&nbsp;&nbsp;gan\u00f3 adeptos en la poblaci\u00f3n civil, con lo que se proyectaba un seguro triunfo de los insurgentes, lo que origin\u00f3 la intervenci\u00f3n de tropas de los Estados Unidos en el territorio dominicana, la segunda de las intervenciones armadas el pasado siglo.<\/p>\n\n\n\n<p>En recientes art\u00edculos, Euclides Guti\u00e9rrez F\u00e9lix, historiador, miembro del Comit\u00e9 Pol\u00edtico del Partido de la Liberaci\u00f3n Dominicana afirma que esa intervenci\u00f3n&nbsp;&nbsp;militar del gobierno de los Estados Unidos de Am\u00e9rica, en territorio de la Rep\u00fablica Dominicana, fue respondida por nuestro pueblo con la valent\u00eda, firmeza y experiencia militar que hab\u00eda aprendido en varios siglos de su historia.<\/p>\n\n\n\n<p>Lo que en principio era una guerra civil que enfrent\u00f3 al pueblo en armas, se transform\u00f3 en una Guerra Patria, pues soldados y civiles armados&nbsp;&nbsp;enfrentaron a los interventores en defensa de la soberan\u00eda nacional.&nbsp;&nbsp;&nbsp;<\/p>\n\n\n\n<p>La insurrecci\u00f3n de oficiales constitucionalistas, encabezados por Francisco Alberto Caama\u00f1o De\u00f1\u00f3, conmovi\u00f3 al mundo y es la gran epopeya del siglo XX del pueblo dominicano.<\/p>\n\n\n\n<p>\u201cEsa intervenci\u00f3n cre\u00f3 una fecha hist\u00f3rica, y con ella una bandera de lucha por la liberaci\u00f3n nacional alrededor de la cual se organizan los mejores hijos del Pueblo\u201d,&nbsp;&nbsp;cita el PLD en su despacho period\u00edstico&nbsp;&nbsp;a su fundador y l\u00edder hist\u00f3rico, profesor Juan Bosch,&nbsp;&nbsp;en el art\u00edculo \u201cCausas de la Intervenci\u00f3n Militar.<\/p>\n\n\n\n<p><strong>SECRETARIA COMUNICACIONES<\/strong><\/p>\n\n\n\n<p><strong>28 ABRIL 2024<\/strong><\/p>\n","protected":false},"excerpt":{"rendered":"<p>Intervenci\u00f3n armada de 1965 crea una bandera de lucha por la liberaci\u00f3n nacional, explic\u00f3 el Profesor Juan Bosch En procura de que&nbsp;&nbsp;NO se olvide, el Partido de la Liberaci\u00f3n Dominicana(PLD), recuerda que un d\u00eda como hoy, 28 de abril en el a\u00f1o 1965, se produjo el inicio de la segunda intervenci\u00f3n norteamericana en la Rep\u00fablica [&hellip;]<\/p>\n","protected":false},"author":28,"featured_media":527180,"comment_status":"closed","ping_status":"closed","sticky":true,"template":"","format":"standard","meta":{"footnotes":""},"categories":[21,36,26,27],"tags":[],"class_list":["post-527179","post","type-post","status-publish","format-standard","has-post-thumbnail","hentry","category-cultura","category-hombresmujeresycosas","category-efemerides","category-portada"],"_links":{"self":[{"href":"https:\/\/diariodominicano.com\/index.php?rest_route=\/wp\/v2\/posts\/527179","targetHints":{"allow":["GET"]}}],"collection":[{"href":"https:\/\/diariodominicano.com\/index.php?rest_route=\/wp\/v2\/posts"}],"about":[{"href":"https:\/\/diariodominicano.com\/index.php?rest_route=\/wp\/v2\/types\/post"}],"author":[{"embeddable":true,"href":"https:\/\/diariodominicano.com\/index.php?rest_route=\/wp\/v2\/users\/28"}],"replies":[{"embeddable":true,"href":"https:\/\/diariodominicano.com\/index.php?rest_route=%2Fwp%2Fv2%2Fcomments&post=527179"}],"version-history":[{"count":2,"href":"https:\/\/diariodominicano.com\/index.php?rest_route=\/wp\/v2\/posts\/527179\/revisions"}],"predecessor-version":[{"id":527183,"href":"https:\/\/diariodominicano.com\/index.php?rest_route=\/wp\/v2\/posts\/527179\/revisions\/527183"}],"wp:featuredmedia":[{"embeddable":true,"href":"https:\/\/diariodominicano.com\/index.php?rest_route=\/wp\/v2\/media\/527180"}],"wp:attachment":[{"href":"https:\/\/diariodominicano.com\/index.php?rest_route=%2Fwp%2Fv2%2Fmedia&parent=527179"}],"wp:term":[{"taxonomy":"category","embeddable":true,"href":"https:\/\/diariodominicano.com\/index.php?rest_route=%2Fwp%2Fv2%2Fcategories&post=527179"},{"taxonomy":"post_tag","embeddable":true,"href":"https:\/\/diariodominicano.com\/index.php?rest_route=%2Fwp%2Fv2%2Ftags&post=527179"}],"curies":[{"name":"wp","href":"https:\/\/api.w.org\/{rel}","templated":true}]}}