{"id":527132,"date":"2024-04-28T00:52:15","date_gmt":"2024-04-28T04:52:15","guid":{"rendered":"https:\/\/diariodominicano.com\/?p=527132"},"modified":"2024-04-28T00:52:23","modified_gmt":"2024-04-28T04:52:23","slug":"arriban-a-cuba-expertos-a-cargo-de-retorno-de-connacionales-en-haiti","status":"publish","type":"post","link":"https:\/\/diariodominicano.com\/?p=527132","title":{"rendered":"Arriban a Cuba expertos a cargo de retorno de connacionales en Hait\u00ed"},"content":{"rendered":"\n<p>La Habana, 27 abr (Prensa Latina) Integrantes del grupo de trabajo del Ministerio del Transporte (Mitrans) a cargo del regreso a Cuba de los connacionales varados en Hait\u00ed arribaron hoy a la naci\u00f3n caribe\u00f1a.<\/p>\n\n\n\n<ul class=\"wp-block-list\">\n<li><a href=\"https:\/\/www.prensa-latina.cu\/2024\/04\/27\/\"><time>abril 27, 2024 | 23:43<\/time><\/a><\/li>\n<\/ul>\n\n\n\n<p>La operaci\u00f3n de retorno de los ciudadanos, realizada entre los d\u00edas 19 y 21 de abril, fue coordinada por las autoridades cubanas, con el apoyo de la Embajada de Cuba en Hait\u00ed y el acompa\u00f1amiento permanente de funcionarios de la misi\u00f3n diplom\u00e1tica.<\/p>\n\n\n\n<p>De acuerdo con el director de Transportaci\u00f3n del Mitrans, Luis Ladr\u00f3n de Guevara, la primera fase del traslado se realiz\u00f3 en varios \u00f3mnibus desde la capital Puerto Pr\u00edncipe hasta Cab<img loading=\"lazy\" decoding=\"async\" src=\"https:\/\/www.prensa-latina.cu\/wp-content\/uploads\/2024\/04\/Luis-Ladron-de-Guevara-500x375.jpg\" alt=\"\" width=\"500\" height=\"375\">o Haitiano.<\/p>\n\n\n\n<p>Dicho viaje, explic\u00f3 a la televisi\u00f3n nacional, tomaba cerca de ocho horas por una geograf\u00eda muy compleja, plagada de bandas.<\/p>\n\n\n\n<p>El directivo subray\u00f3 que el gobierno cubano sufrag\u00f3 la log\u00edstica y transportaciones de los connacionales varados, que se acogieron voluntariamente a esta alternativa.<\/p>\n\n\n\n<p>Seg\u00fan un comunicado del Ministerio cubano de Relaciones Exteriores, los connacionales regresaron a territorio nacional por los aeropuertos internacionales Ignacio Agramonte de Camag\u00fcey y Antonio Maceo de Santiago de Cuba, en seis vuelos de la aerol\u00ednea Sunrise Airways, que mantuvo el compromiso de trasladar a los ciudadanos.<\/p>\n\n\n\n<p>A su llegada, recibieron tratamiento m\u00e9dico especializado y una dosis profil\u00e1ctica para evitar la entrada de enfermedades a la naci\u00f3n caribe\u00f1a.<\/p>\n\n\n\n<p>mem\/mks<\/p>\n","protected":false},"excerpt":{"rendered":"<p>La Habana, 27 abr (Prensa Latina) Integrantes del grupo de trabajo del Ministerio del Transporte (Mitrans) a cargo del regreso a Cuba de los connacionales varados en Hait\u00ed arribaron hoy a la naci\u00f3n caribe\u00f1a. La operaci\u00f3n de retorno de los ciudadanos, realizada entre los d\u00edas 19 y 21 de abril, fue coordinada por las autoridades [&hellip;]<\/p>\n","protected":false},"author":28,"featured_media":527133,"comment_status":"closed","ping_status":"closed","sticky":true,"template":"","format":"standard","meta":{"footnotes":""},"categories":[112,23,27],"tags":[],"class_list":["post-527132","post","type-post","status-publish","format-standard","has-post-thumbnail","hentry","category-haiti","category-internacional","category-portada"],"_links":{"self":[{"href":"https:\/\/diariodominicano.com\/index.php?rest_route=\/wp\/v2\/posts\/527132","targetHints":{"allow":["GET"]}}],"collection":[{"href":"https:\/\/diariodominicano.com\/index.php?rest_route=\/wp\/v2\/posts"}],"about":[{"href":"https:\/\/diariodominicano.com\/index.php?rest_route=\/wp\/v2\/types\/post"}],"author":[{"embeddable":true,"href":"https:\/\/diariodominicano.com\/index.php?rest_route=\/wp\/v2\/users\/28"}],"replies":[{"embeddable":true,"href":"https:\/\/diariodominicano.com\/index.php?rest_route=%2Fwp%2Fv2%2Fcomments&post=527132"}],"version-history":[{"count":1,"href":"https:\/\/diariodominicano.com\/index.php?rest_route=\/wp\/v2\/posts\/527132\/revisions"}],"predecessor-version":[{"id":527134,"href":"https:\/\/diariodominicano.com\/index.php?rest_route=\/wp\/v2\/posts\/527132\/revisions\/527134"}],"wp:featuredmedia":[{"embeddable":true,"href":"https:\/\/diariodominicano.com\/index.php?rest_route=\/wp\/v2\/media\/527133"}],"wp:attachment":[{"href":"https:\/\/diariodominicano.com\/index.php?rest_route=%2Fwp%2Fv2%2Fmedia&parent=527132"}],"wp:term":[{"taxonomy":"category","embeddable":true,"href":"https:\/\/diariodominicano.com\/index.php?rest_route=%2Fwp%2Fv2%2Fcategories&post=527132"},{"taxonomy":"post_tag","embeddable":true,"href":"https:\/\/diariodominicano.com\/index.php?rest_route=%2Fwp%2Fv2%2Ftags&post=527132"}],"curies":[{"name":"wp","href":"https:\/\/api.w.org\/{rel}","templated":true}]}}