{"id":52707,"date":"2020-06-17T14:19:33","date_gmt":"2020-06-17T14:19:33","guid":{"rendered":"http:\/\/diariodominicano.ddns.net\/?p=52707"},"modified":"2020-06-17T14:19:33","modified_gmt":"2020-06-17T14:19:33","slug":"cambio-de-fecha-entrega-de-los-oscar-sera-en-abril-de-2021","status":"publish","type":"post","link":"https:\/\/diariodominicano.com\/?p=52707","title":{"rendered":"Cambio de fecha, entrega de los Oscar ser\u00e1 en abril de 2021"},"content":{"rendered":"<p><body><\/p>\n<p><img decoding=\"async\" src=\"img3\/oscar-premio17-6-20.jpg\" \/>  <\/p>\n<p><span class=\"text1noticias\">diariodominicano.com<\/span><\/p>\n<p><span class=\"text1noticias\"> <\/span><\/p>\n<p><span class=\"text1noticias\"> <\/span><\/p>\n<p><span class=\"text1noticias\">Los \u00c1ngeles, Estados Unidos, 17 jun (Prensa Latina) En la cadena de afectados por la Covid-19 figura hoy la industria del cine, que sufre de par\u00e1lisis temporal tras la cancelaci\u00f3n de festivales, cierre de salas y la posposici\u00f3n de uno de sus principales galardones: el Oscar.<\/span><\/p>\n<p><span class=\"text1noticias\"> <\/span><\/p>\n<p><span class=\"text1noticias\">La Academia de Hollywood anunci\u00f3 el cambio de fecha de la edici\u00f3n 93 de este premio, habitual en el mes de febrero, para el 25 de abril de 2021, de manera que las pel\u00edculas nacionales estrenadas hasta el 28 de febrero del pr\u00f3ximo a\u00f1o puedan entrar en competencia, as\u00ed como los filmes extranjeros lanzados hasta el 1 de diciembre de 2020.<\/span><\/p>\n<p><span class=\"text1noticias\"> <\/span><\/p>\n<p><span class=\"text1noticias\">Por cuarta ocasi\u00f3n en su historia se pospone el certamen, luego de la inundaci\u00f3n de la ciudad por el desbordamiento de un r\u00edo en el 1938, el asesinato de Martin Luther King, Jr en 1968 y el atentado contra el presidente Ronald Reagan en 1981.<\/span><\/p>\n<p><span class=\"text1noticias\"> <\/span><\/p>\n<p><span class=\"text1noticias\">Asimismo, la gala de los Governors Awards, prevista para oto\u00f1o, est\u00e1 en espera de nueva fecha, en tanto la inauguraci\u00f3n del Museo de la Academia de Cine, pactada para diciembre de 2021, se traslada a abril para coincidir con los Premios Oscar.<\/span><\/p>\n<p><span class=\"text1noticias\"> <\/span><\/p>\n<p><span class=\"text1noticias\">Entre las novedades de esta edici\u00f3n destaca adem\u00e1s, el requerimiento de diversidad que deben cumplir las pel\u00edculas nominadas, las cuales deben superar una serie de requisitos sobre inclusi\u00f3n y representaci\u00f3n, tanto delante como detr\u00e1s de las c\u00e1maras.<\/span><\/p>\n<p><span class=\"text1noticias\"> <\/span><\/p>\n<p><span class=\"text1noticias\">El cambio de calendario, supone una oportunidad para los realizadores que no han podido proyectar sus cintas o varados en el procesos de producci\u00f3n, pues cuentan con un margen m\u00e1s amplio para entrar en la disputa por este reconocimiento.<\/span><\/p>\n<p><span class=\"text1noticias\"> <\/span><\/p>\n<p>oda\/lbl<\/p>\n<h6> 2020-06-17 14:19:33 <\/h6>\n<p><!--\n<link rel=\"stylesheet\" href=\"css\/bootstrap.min.css\">\n\n\n<ul class=\"pagination\">\n\t    \n\t\n\n<li >\n\t<a href='?page_no=501'>Previous<\/a>\n\t<\/li>\n\n\n       \n    \n\n<li><a href='?page_no=1'>1<\/a><\/li>\n\n\n\n<li><a href='?page_no=2'>2<\/a><\/li>\n\n\n\n<li><a>...<\/a><\/li>\n\n\n\n<li><a href='?page_no=500'>500<\/a><\/li>\n\n\n\n<li><a href='?page_no=501'>501<\/a><\/li>\n\n\n\n<li class='active'><a>502<\/a><\/li>\n\n\n\n<li><a href='?page_no=503'>503<\/a><\/li>\n\n\n\n<li><a href='?page_no=504'>504<\/a><\/li>\n\n\n\n<li><a>...<\/a><\/li>\n\n\n\n<li><a href='?page_no=22911'>22911<\/a><\/li>\n\n\n\n<li><a href='?page_no=22912'>22912<\/a><\/li>\n\n    \n\t\n\n<li >\n\t<a href='?page_no=503'>Next<\/a>\n\t<\/li>\n\n\n    \n\n<li><a href='?page_no=22912'>Last &rsaquo;&rsaquo;<\/a><\/li>\n\n<\/ul>\n\n\n--><br \/>\n<\/body><\/p>\n","protected":false},"excerpt":{"rendered":"<p>diariodominicano.com Los \u00c1ngeles, Estados Unidos, 17 jun (Prensa Latina) En la cadena de afectados por la Covid-19 figura hoy la industria del cine, que sufre de par\u00e1lisis temporal tras la cancelaci\u00f3n de festivales, cierre de salas y la posposici\u00f3n de uno de sus principales galardones: el Oscar. La Academia de Hollywood anunci\u00f3 el cambio de [&hellip;]<\/p>\n","protected":false},"author":3,"featured_media":0,"comment_status":"open","ping_status":"open","sticky":false,"template":"","format":"standard","meta":{"footnotes":""},"categories":[21],"tags":[],"class_list":["post-52707","post","type-post","status-publish","format-standard","hentry","category-cultura"],"_links":{"self":[{"href":"https:\/\/diariodominicano.com\/index.php?rest_route=\/wp\/v2\/posts\/52707","targetHints":{"allow":["GET"]}}],"collection":[{"href":"https:\/\/diariodominicano.com\/index.php?rest_route=\/wp\/v2\/posts"}],"about":[{"href":"https:\/\/diariodominicano.com\/index.php?rest_route=\/wp\/v2\/types\/post"}],"author":[{"embeddable":true,"href":"https:\/\/diariodominicano.com\/index.php?rest_route=\/wp\/v2\/users\/3"}],"replies":[{"embeddable":true,"href":"https:\/\/diariodominicano.com\/index.php?rest_route=%2Fwp%2Fv2%2Fcomments&post=52707"}],"version-history":[{"count":0,"href":"https:\/\/diariodominicano.com\/index.php?rest_route=\/wp\/v2\/posts\/52707\/revisions"}],"wp:attachment":[{"href":"https:\/\/diariodominicano.com\/index.php?rest_route=%2Fwp%2Fv2%2Fmedia&parent=52707"}],"wp:term":[{"taxonomy":"category","embeddable":true,"href":"https:\/\/diariodominicano.com\/index.php?rest_route=%2Fwp%2Fv2%2Fcategories&post=52707"},{"taxonomy":"post_tag","embeddable":true,"href":"https:\/\/diariodominicano.com\/index.php?rest_route=%2Fwp%2Fv2%2Ftags&post=52707"}],"curies":[{"name":"wp","href":"https:\/\/api.w.org\/{rel}","templated":true}]}}